{"id":259452,"date":"2016-03-10T00:08:15","date_gmt":"2016-03-10T06:08:15","guid":{"rendered":"http:\/\/www.diarioimagen.net\/?p=259452"},"modified":"2016-03-11T01:41:26","modified_gmt":"2016-03-11T07:41:26","slug":"fuertes-vientos-provocan-caida-de-arboles-en-la-ciudad-de-mexico","status":"publish","type":"post","link":"https:\/\/www.diarioimagen.net\/?p=259452","title":{"rendered":"Vientos tiran espectaculares y \u00e1rboles en Valle de M\u00e9xico"},"content":{"rendered":"<ul>\n<li><strong><em>Continuar\u00e1n fr\u00edo y lluvias en gran parte del pa\u00eds<\/em><\/strong><\/li>\n<\/ul>\n<h6>Jos\u00e9 Luis Monta\u00f1ez<\/h6>\n<p>&nbsp;<\/p>\n<div id=\"attachment_259453\" style=\"width: 430px\" class=\"wp-caption aligncenter\"><a href=\"http:\/\/www.diarioimagen.net\/?attachment_id=259453\" rel=\"attachment wp-att-259453\"><img loading=\"lazy\" decoding=\"async\" aria-describedby=\"caption-attachment-259453\" class=\"wp-image-259453 size-large\" src=\"http:\/\/www.diarioimagen.net\/wp-content\/uploads\/2016\/03\/VIENTOS-portal-420x245.jpg\" alt=\"En la zona comercial de Galer\u00edas Metepec, en el Estado de M\u00e9xico, un poste de al menos 25 metros de altura cay\u00f3 sobre dos veh\u00edculos sobre la carretera Toluca-Tenango.\" width=\"420\" height=\"245\" srcset=\"https:\/\/www.diarioimagen.net\/wp-content\/uploads\/2016\/03\/VIENTOS-portal-420x245.jpg 420w, https:\/\/www.diarioimagen.net\/wp-content\/uploads\/2016\/03\/VIENTOS-portal-240x140.jpg 240w, https:\/\/www.diarioimagen.net\/wp-content\/uploads\/2016\/03\/VIENTOS-portal.jpg 480w\" sizes=\"auto, (max-width: 420px) 100vw, 420px\" \/><\/a><p id=\"caption-attachment-259453\" class=\"wp-caption-text\">En la zona comercial de Galer\u00edas Metepec, en el Estado de M\u00e9xico, un poste de al menos 25 metros de altura cay\u00f3 sobre dos veh\u00edculos en la carretera Toluca-Tenango.<\/p><\/div>\n<p>&nbsp;<\/p>\n<p>Los fuertes vientos y las lluvias que se registraron ayer ocasionaron la ca\u00edda de espectaculares y centenas de \u00e1rboles en diversos puntos del Valle de Mexico.<\/p>\n<p>El Centro de Comando, Control, C\u00f3mputo y Comunicaciones de la Ciudad de M\u00e9xico (Caepccm), report\u00f3 que este fen\u00f3meno ocasion\u00f3 serios problemas vehiculares.<\/p>\n<p>En Metepec, Estado de M\u00e9xico, un poste de al menos 25 metros de altura cay\u00f3 sobre dos veh\u00edculos en la carretera Toluca-Tenango, en la zona comercial de Galer\u00edas Metepec.<\/p>\n<p>Por esta raz\u00f3n, al menos cinco personas resultaron lesionadas y fueron trasladadas seg\u00fan reportes de al Hospital Nicol\u00e1s San Juan en Toluca.<\/p>\n<p>En la Ciudad de M\u00e9xico, el director del H. Cuerpo de Bomberos, Ra\u00fal Esquivel, report\u00f3 que suman 230 los \u00e1rboles derribados por las rachas de viento, 25 anuncios espectaculares y 12 lonas.<\/p>\n<p>Mientras que Luis Felipe Puente, titular de Protecci\u00f3n Civil, advirti\u00f3 que las rachas de viento de hasta 70 kil\u00f3metros por hora en el Valle de M\u00e9xico afectaron el suministro el\u00e9ctrico en numerosas colonias.<\/p>\n<p>Las condiciones climatol\u00f3gicas adversas han provocado la ca\u00edda de espectaculares en Toluca y Metepec ,en zonas como el Bulevar Aeropuerto y Avenida Tecnol\u00f3gico.<\/p>\n<p style=\"text-align: center;\"><strong>Fr\u00edo y lluvias en gran parte del pa\u00eds <\/strong><\/p>\n<p>Ante la presencia de la onceava tormenta invernal y del frente fr\u00edo 45 se registra una baja en las temperaturas, lluvias fuertes, vientos, tormentas el\u00e9ctricas, granizadas y ca\u00edda de nieve y aguanieve principalmente en el noroeste, el norte y el occidente del pa\u00eds.<\/p>\n<p>El Servicio Meteorol\u00f3gico Nacional (SMN) inform\u00f3 que desde ayer mi\u00e9rcoles y hasta el viernes, la decimoprimera tormenta invernal cubrir\u00e1 el norte y el centro de M\u00e9xico.<\/p>\n<p>Las condiciones anteriores provocar\u00e1n ambiente de fr\u00edo a muy fr\u00edo y probabilidad de lluvias puntuales intensas en el pa\u00eds.Una circulaci\u00f3n anticicl\u00f3nica ubicada en el Golfo de M\u00e9xico mantendr\u00e1 vientos del sureste con rachas de hasta 80 kil\u00f3metros por hora en las costas de los estados del sureste del pa\u00eds.<\/p>\n","protected":false},"excerpt":{"rendered":"<p><span style=\"color: #005497;\">Jos\u00e9 Luis Monta\u00f1ez<\/span><br \/>\n<br \/>\nLos fuertes vientos y las lluvias que se registraron ayer ocasionaron la ca\u00edda de espectaculares y centenas de \u00e1rboles en diversos puntos del Valle de Mexico.<\/p>\n","protected":false},"author":5,"featured_media":259453,"comment_status":"open","ping_status":"open","sticky":false,"template":"","format":"standard","meta":{"_monsterinsights_skip_tracking":false,"_monsterinsights_sitenote_active":false,"_monsterinsights_sitenote_note":"","_monsterinsights_sitenote_category":0,"footnotes":""},"categories":[3],"tags":[204,23779,43675,43673,459,34],"class_list":["post-259452","post","type-post","status-publish","format-standard","has-post-thumbnail","hentry","category-nacional","tag-ciudad-de-mexico","tag-desastre","tag-estado-de-mexico","tag-nacional","tag-sep","tag-valle-de-mexico"],"_links":{"self":[{"href":"https:\/\/www.diarioimagen.net\/index.php?rest_route=\/wp\/v2\/posts\/259452","targetHints":{"allow":["GET"]}}],"collection":[{"href":"https:\/\/www.diarioimagen.net\/index.php?rest_route=\/wp\/v2\/posts"}],"about":[{"href":"https:\/\/www.diarioimagen.net\/index.php?rest_route=\/wp\/v2\/types\/post"}],"author":[{"embeddable":true,"href":"https:\/\/www.diarioimagen.net\/index.php?rest_route=\/wp\/v2\/users\/5"}],"replies":[{"embeddable":true,"href":"https:\/\/www.diarioimagen.net\/index.php?rest_route=%2Fwp%2Fv2%2Fcomments&post=259452"}],"version-history":[{"count":0,"href":"https:\/\/www.diarioimagen.net\/index.php?rest_route=\/wp\/v2\/posts\/259452\/revisions"}],"wp:featuredmedia":[{"embeddable":true,"href":"https:\/\/www.diarioimagen.net\/index.php?rest_route=\/wp\/v2\/media\/259453"}],"wp:attachment":[{"href":"https:\/\/www.diarioimagen.net\/index.php?rest_route=%2Fwp%2Fv2%2Fmedia&parent=259452"}],"wp:term":[{"taxonomy":"category","embeddable":true,"href":"https:\/\/www.diarioimagen.net\/index.php?rest_route=%2Fwp%2Fv2%2Fcategories&post=259452"},{"taxonomy":"post_tag","embeddable":true,"href":"https:\/\/www.diarioimagen.net\/index.php?rest_route=%2Fwp%2Fv2%2Ftags&post=259452"}],"curies":[{"name":"wp","href":"https:\/\/api.w.org\/{rel}","templated":true}]}}