{"id":259503,"date":"2016-03-10T00:05:54","date_gmt":"2016-03-10T06:05:54","guid":{"rendered":"http:\/\/www.diarioimagen.net\/?p=259503"},"modified":"2016-03-10T04:03:36","modified_gmt":"2016-03-10T10:03:36","slug":"toman-protesta-a-titular-de-agencia-de-energia","status":"publish","type":"post","link":"https:\/\/www.diarioimagen.net\/?p=259503","title":{"rendered":"Toman protesta a titular de Agencia de Energ\u00eda"},"content":{"rendered":"<ul>\n<li><strong><em>En Huixquilucan<\/em><\/strong><\/li>\n<\/ul>\n<p>&nbsp;<\/p>\n<div id=\"attachment_259614\" style=\"width: 430px\" class=\"wp-caption aligncenter\"><a href=\"http:\/\/www.diarioimagen.net\/?attachment_id=259614\" rel=\"attachment wp-att-259614\"><img loading=\"lazy\" decoding=\"async\" aria-describedby=\"caption-attachment-259614\" class=\"size-large wp-image-259614\" src=\"http:\/\/www.diarioimagen.net\/wp-content\/uploads\/2016\/03\/HUIXQUILUCAN-2822-420x236.jpg\" alt=\"El alcalde de Huixquilucan, Enrique Vargas, tom\u00f3 la protesta a Gustavo Rodr\u00edguez como titular de la Agencia Municipal de Energ\u00eda, luego que el cabildo autoriz\u00f3 su nombramiento.\" width=\"420\" height=\"236\" srcset=\"https:\/\/www.diarioimagen.net\/wp-content\/uploads\/2016\/03\/HUIXQUILUCAN-2822-420x236.jpg 420w, https:\/\/www.diarioimagen.net\/wp-content\/uploads\/2016\/03\/HUIXQUILUCAN-2822-240x135.jpg 240w, https:\/\/www.diarioimagen.net\/wp-content\/uploads\/2016\/03\/HUIXQUILUCAN-2822-235x132.jpg 235w, https:\/\/www.diarioimagen.net\/wp-content\/uploads\/2016\/03\/HUIXQUILUCAN-2822-202x114.jpg 202w, https:\/\/www.diarioimagen.net\/wp-content\/uploads\/2016\/03\/HUIXQUILUCAN-2822-350x196.jpg 350w, https:\/\/www.diarioimagen.net\/wp-content\/uploads\/2016\/03\/HUIXQUILUCAN-2822-220x123.jpg 220w, https:\/\/www.diarioimagen.net\/wp-content\/uploads\/2016\/03\/HUIXQUILUCAN-2822-237x132.jpg 237w, https:\/\/www.diarioimagen.net\/wp-content\/uploads\/2016\/03\/HUIXQUILUCAN-2822.jpg 480w\" sizes=\"auto, (max-width: 420px) 100vw, 420px\" \/><\/a><p id=\"caption-attachment-259614\" class=\"wp-caption-text\">El alcalde de Huixquilucan, Enrique Vargas, tom\u00f3 la protesta a Gustavo Rodr\u00edguez como titular de la Agencia Municipal de Energ\u00eda, luego que el cabildo autoriz\u00f3 su nombramiento.<\/p><\/div>\n<p>&nbsp;<\/p>\n<p><strong>Huixquilucan, Estado de M\u00e9xico<\/strong>.- Enrique Vargas del Villar, presidente municipal, tom\u00f3 protesta de Ley a Gustavo Rodr\u00edguez Santos, como titular de la Agencia Municipal de Energ\u00eda, luego de que el pleno del Cabildo autorizar\u00e1 por unanimidad su nombramiento.<\/p>\n<p>Rodr\u00edguez Santos detall\u00f3 que esta \u00e1rea realizar\u00e1 un diagn\u00f3stico energ\u00e9tico en Huixquilucan, con la finalidad de conocer el uso, consumo y destino de la energ\u00eda, con el objetivo de que las personas se beneficien con las tecnolog\u00edas que ya existen.<\/p>\n<p>En el tema de alumbrado p\u00fablico, inform\u00f3 que en lo sucesivo cada l\u00e1mpara que se vaya a sustituir en el municipio, se buscar\u00e1 que sea con las mejores tecnolog\u00edas; al tiempo que coment\u00f3 que est\u00e1 abierto a las propuestas ciudadanas para ampliar el uso de los diferentes tipos de energ\u00edas.<\/p>\n<p>&nbsp;<\/p>\n","protected":false},"excerpt":{"rendered":"<p>Enrique Vargas del Villar, presidente municipal, tom\u00f3 protesta de Ley a Gustavo Rodr\u00edguez Santos, como titular de la Agencia Municipal de Energ\u00eda, luego de que el pleno del Cabildo autorizar\u00e1 por unanimidad su nombramiento.<\/p>\n","protected":false},"author":3,"featured_media":259614,"comment_status":"open","ping_status":"open","sticky":false,"template":"","format":"standard","meta":{"_monsterinsights_skip_tracking":false,"_monsterinsights_sitenote_active":false,"_monsterinsights_sitenote_note":"","_monsterinsights_sitenote_category":0,"footnotes":""},"categories":[35155],"tags":[43675,1097],"class_list":["post-259503","post","type-post","status-publish","format-standard","has-post-thumbnail","hentry","category-estado-de-mexico-estado-de-mexico","tag-estado-de-mexico","tag-huixquilucan"],"_links":{"self":[{"href":"https:\/\/www.diarioimagen.net\/index.php?rest_route=\/wp\/v2\/posts\/259503","targetHints":{"allow":["GET"]}}],"collection":[{"href":"https:\/\/www.diarioimagen.net\/index.php?rest_route=\/wp\/v2\/posts"}],"about":[{"href":"https:\/\/www.diarioimagen.net\/index.php?rest_route=\/wp\/v2\/types\/post"}],"author":[{"embeddable":true,"href":"https:\/\/www.diarioimagen.net\/index.php?rest_route=\/wp\/v2\/users\/3"}],"replies":[{"embeddable":true,"href":"https:\/\/www.diarioimagen.net\/index.php?rest_route=%2Fwp%2Fv2%2Fcomments&post=259503"}],"version-history":[{"count":0,"href":"https:\/\/www.diarioimagen.net\/index.php?rest_route=\/wp\/v2\/posts\/259503\/revisions"}],"wp:featuredmedia":[{"embeddable":true,"href":"https:\/\/www.diarioimagen.net\/index.php?rest_route=\/wp\/v2\/media\/259614"}],"wp:attachment":[{"href":"https:\/\/www.diarioimagen.net\/index.php?rest_route=%2Fwp%2Fv2%2Fmedia&parent=259503"}],"wp:term":[{"taxonomy":"category","embeddable":true,"href":"https:\/\/www.diarioimagen.net\/index.php?rest_route=%2Fwp%2Fv2%2Fcategories&post=259503"},{"taxonomy":"post_tag","embeddable":true,"href":"https:\/\/www.diarioimagen.net\/index.php?rest_route=%2Fwp%2Fv2%2Ftags&post=259503"}],"curies":[{"name":"wp","href":"https:\/\/api.w.org\/{rel}","templated":true}]}}