{"id":259505,"date":"2016-03-10T00:07:20","date_gmt":"2016-03-10T06:07:20","guid":{"rendered":"http:\/\/www.diarioimagen.net\/?p=259505"},"modified":"2016-03-10T03:27:52","modified_gmt":"2016-03-10T09:27:52","slug":"mayor-apoyo-a-mujeres-victimas-de-violencia","status":"publish","type":"post","link":"https:\/\/www.diarioimagen.net\/?p=259505","title":{"rendered":"Mayor apoyo a mujeres v\u00edctimas de violencia"},"content":{"rendered":"<ul>\n<li><strong><em>Polic\u00eda de G\u00e9nero<\/em><\/strong><\/li>\n<\/ul>\n<p>&nbsp;<\/p>\n<div id=\"attachment_259609\" style=\"width: 430px\" class=\"wp-caption aligncenter\"><a href=\"http:\/\/www.diarioimagen.net\/?attachment_id=259609\" rel=\"attachment wp-att-259609\"><img loading=\"lazy\" decoding=\"async\" aria-describedby=\"caption-attachment-259609\" class=\"size-large wp-image-259609\" src=\"http:\/\/www.diarioimagen.net\/wp-content\/uploads\/2016\/03\/NAUCALPAN-2822-420x236.jpg\" alt=\"Edgar Armando Olvera, alcalde de Naucalpan, encabez\u00f3 los festejos por el D\u00eda Internacional de la Mujer.\" width=\"420\" height=\"236\" srcset=\"https:\/\/www.diarioimagen.net\/wp-content\/uploads\/2016\/03\/NAUCALPAN-2822-420x236.jpg 420w, https:\/\/www.diarioimagen.net\/wp-content\/uploads\/2016\/03\/NAUCALPAN-2822-240x135.jpg 240w, https:\/\/www.diarioimagen.net\/wp-content\/uploads\/2016\/03\/NAUCALPAN-2822-235x132.jpg 235w, https:\/\/www.diarioimagen.net\/wp-content\/uploads\/2016\/03\/NAUCALPAN-2822-202x114.jpg 202w, https:\/\/www.diarioimagen.net\/wp-content\/uploads\/2016\/03\/NAUCALPAN-2822-350x196.jpg 350w, https:\/\/www.diarioimagen.net\/wp-content\/uploads\/2016\/03\/NAUCALPAN-2822-220x123.jpg 220w, https:\/\/www.diarioimagen.net\/wp-content\/uploads\/2016\/03\/NAUCALPAN-2822-237x132.jpg 237w, https:\/\/www.diarioimagen.net\/wp-content\/uploads\/2016\/03\/NAUCALPAN-2822.jpg 480w\" sizes=\"auto, (max-width: 420px) 100vw, 420px\" \/><\/a><p id=\"caption-attachment-259609\" class=\"wp-caption-text\">Edgar Armando Olvera, alcalde de Naucalpan, encabez\u00f3 los festejos por el D\u00eda Internacional de la Mujer.<\/p><\/div>\n<p>&nbsp;<\/p>\n<p><strong>Naucalpan, Estado de M\u00e9xico<\/strong>.- Con la presentaci\u00f3n de la c\u00e9lula de Polic\u00eda de G\u00e9nero y la red ciudadana \u201cMujer Alerta\u201d, que de manera conjunta trabajar\u00e1n para brindar apoyo a las mujeres v\u00edctimas de violencia, el gobierno local, conmemor\u00f3 el D\u00eda Internacional de la Mujer.<\/p>\n<p>El presidente municipal, Edgar Armando Olvera Higuera, al tomar protesta a estos dos grupos, destac\u00f3 que en Naucalpan la protecci\u00f3n y el respeto de los derechos de las mujeres son una tarea que se toma con determinaci\u00f3n y en la que se involucra a todos\u00a0 los \u00f3rdenes de gobierno y sectores de la sociedad.<\/p>\n<p>Record\u00f3 que Naucalpan fue uno de los primeros municipios en el Estado de M\u00e9xico que instal\u00f3 el Sistema Municipal para la Igualdad de Trato y Oportunidades entre Mujeres y Hombres y para Prevenir, Atender, Sancionar y Erradicar la Violencia contra las Mujeres.<\/p>\n<p>&nbsp;<\/p>\n","protected":false},"excerpt":{"rendered":"<p> Con la presentaci\u00f3n de la c\u00e9lula de Polic\u00eda de G\u00e9nero y la red ciudadana \u201cMujer Alerta\u201d, que de manera conjunta trabajar\u00e1n para brindar apoyo a las mujeres v\u00edctimas de violencia, el gobierno local, conmemor\u00f3 el D\u00eda Internacional de la Mujer.<\/p>\n","protected":false},"author":3,"featured_media":259609,"comment_status":"open","ping_status":"open","sticky":false,"template":"","format":"standard","meta":{"_monsterinsights_skip_tracking":false,"_monsterinsights_sitenote_active":false,"_monsterinsights_sitenote_note":"","_monsterinsights_sitenote_category":0,"footnotes":""},"categories":[35155],"tags":[43675,970],"class_list":["post-259505","post","type-post","status-publish","format-standard","has-post-thumbnail","hentry","category-estado-de-mexico-estado-de-mexico","tag-estado-de-mexico","tag-naucalpan"],"_links":{"self":[{"href":"https:\/\/www.diarioimagen.net\/index.php?rest_route=\/wp\/v2\/posts\/259505","targetHints":{"allow":["GET"]}}],"collection":[{"href":"https:\/\/www.diarioimagen.net\/index.php?rest_route=\/wp\/v2\/posts"}],"about":[{"href":"https:\/\/www.diarioimagen.net\/index.php?rest_route=\/wp\/v2\/types\/post"}],"author":[{"embeddable":true,"href":"https:\/\/www.diarioimagen.net\/index.php?rest_route=\/wp\/v2\/users\/3"}],"replies":[{"embeddable":true,"href":"https:\/\/www.diarioimagen.net\/index.php?rest_route=%2Fwp%2Fv2%2Fcomments&post=259505"}],"version-history":[{"count":0,"href":"https:\/\/www.diarioimagen.net\/index.php?rest_route=\/wp\/v2\/posts\/259505\/revisions"}],"wp:featuredmedia":[{"embeddable":true,"href":"https:\/\/www.diarioimagen.net\/index.php?rest_route=\/wp\/v2\/media\/259609"}],"wp:attachment":[{"href":"https:\/\/www.diarioimagen.net\/index.php?rest_route=%2Fwp%2Fv2%2Fmedia&parent=259505"}],"wp:term":[{"taxonomy":"category","embeddable":true,"href":"https:\/\/www.diarioimagen.net\/index.php?rest_route=%2Fwp%2Fv2%2Fcategories&post=259505"},{"taxonomy":"post_tag","embeddable":true,"href":"https:\/\/www.diarioimagen.net\/index.php?rest_route=%2Fwp%2Fv2%2Ftags&post=259505"}],"curies":[{"name":"wp","href":"https:\/\/api.w.org\/{rel}","templated":true}]}}