{"id":259521,"date":"2016-03-10T00:09:44","date_gmt":"2016-03-10T06:09:44","guid":{"rendered":"http:\/\/www.diarioimagen.net\/?p=259521"},"modified":"2016-03-10T05:10:33","modified_gmt":"2016-03-10T11:10:33","slug":"consolidar-espanol-y-matematicas-un-reto-afirma-nuno","status":"publish","type":"post","link":"https:\/\/www.diarioimagen.net\/?p=259521","title":{"rendered":"Consolidar espa\u00f1ol y matem\u00e1ticas, un reto, afirma Nu\u00f1o"},"content":{"rendered":"<ul>\n<li><strong><em>En educaci\u00f3n b\u00e1sica<\/em><\/strong><\/li>\n<\/ul>\n<p>&nbsp;<\/p>\n<div id=\"attachment_259664\" style=\"width: 430px\" class=\"wp-caption aligncenter\"><a href=\"http:\/\/www.diarioimagen.net\/?attachment_id=259664\" rel=\"attachment wp-att-259664\"><img loading=\"lazy\" decoding=\"async\" aria-describedby=\"caption-attachment-259664\" class=\"size-large wp-image-259664\" src=\"http:\/\/www.diarioimagen.net\/wp-content\/uploads\/2016\/03\/sep-2822-420x236.jpg\" alt=\"Aurelio Nu\u00f1o dej\u00f3 claro que la meta en M\u00e9xico es que al finalizar la primaria, los ni\u00f1os tengan un dominio adecuado del idioma.\" width=\"420\" height=\"236\" srcset=\"https:\/\/www.diarioimagen.net\/wp-content\/uploads\/2016\/03\/sep-2822-420x236.jpg 420w, https:\/\/www.diarioimagen.net\/wp-content\/uploads\/2016\/03\/sep-2822-240x135.jpg 240w, https:\/\/www.diarioimagen.net\/wp-content\/uploads\/2016\/03\/sep-2822-235x132.jpg 235w, https:\/\/www.diarioimagen.net\/wp-content\/uploads\/2016\/03\/sep-2822-202x114.jpg 202w, https:\/\/www.diarioimagen.net\/wp-content\/uploads\/2016\/03\/sep-2822-350x196.jpg 350w, https:\/\/www.diarioimagen.net\/wp-content\/uploads\/2016\/03\/sep-2822-220x123.jpg 220w, https:\/\/www.diarioimagen.net\/wp-content\/uploads\/2016\/03\/sep-2822-237x132.jpg 237w, https:\/\/www.diarioimagen.net\/wp-content\/uploads\/2016\/03\/sep-2822.jpg 480w\" sizes=\"auto, (max-width: 420px) 100vw, 420px\" \/><\/a><p id=\"caption-attachment-259664\" class=\"wp-caption-text\">Aurelio Nu\u00f1o dej\u00f3 claro que la meta en M\u00e9xico es que al finalizar la primaria, los ni\u00f1os tengan un dominio adecuado del idioma.<\/p><\/div>\n<p>&nbsp;<\/p>\n<p>El secretario de Educaci\u00f3n P\u00fablica (SEP), Aurelio Nu\u00f1o Mayer, manifest\u00f3 que particularmente en educaci\u00f3n b\u00e1sica, el gran reto que enfrenta nuestro pa\u00eds es poder consolidar el dominio del lenguaje del espa\u00f1ol y las matem\u00e1ticas, adem\u00e1s asent\u00f3 que con la reforma educativa, M\u00e9xico le apuesta a crear su propio modelo.<\/p>\n<p>En el encuentro que sostuvo en el Patio del Trabajo de la dependencia con 250 madres de familia y maestras de los Consejos de Participaci\u00f3n Social de Quer\u00e9taro, Morelos, Hidalgo, Puebla, el Estado de M\u00e9xico y la Ciudad de M\u00e9xico, dej\u00f3 claro que lo principal es que al finalizar la primaria, los ni\u00f1os tengan un dominio adecuado del idioma.<\/p>\n<p>Es decir que sepan leer \u2013que entiendan lo que est\u00e1n leyendo- y escribir con propiedad \u2013redactar bien y sin faltas de ortograf\u00eda. Adem\u00e1s que tengan un dominio del lenguaje con un vocabulario muy amplio.<\/p>\n<p>\u201cEl lenguaje lo es todo. Es como nos comunicamos y es la herramienta principal para despu\u00e9s adquirir otro tipo de conocimientos\u201d.<\/p>\n<p>Otra prioridad son las matem\u00e1ticas, que es tambi\u00e9n un lenguaje que ayuda a estructurar y a ordenar el pensamiento y que tambi\u00e9n abre muchos otros mundos que tienen que ver con las ciencias y con diversas materias.<\/p>\n<p>Lo m\u00e1s importante es que los menores salgan muy s\u00f3lidos en estas dos materias para que despu\u00e9s puedan evolucionar en secundaria, media superior y superior con mucha mayor fortaleza. \u201cSi se domina el idioma; se sabe leer, escribir, y luego se domina el lenguaje matem\u00e1tico, el resto de los conocimientos se adquieren de mejor manera\u201d.<\/p>\n<p>El titular de la SEP reiter\u00f3 que en abril pr\u00f3ximo presentar\u00e1 su propuesta para contar con nuevos planes y programas de estudio, junto con un nuevo esquema de modelo educativo. \u201cToca un cambio de contenido\u201d, expuso.<\/p>\n<p>Luego de que sean analizados por amplios sectores sociales en foros se presentar\u00e1n los definitivos, para entrar en vigor en el ciclo 2017-2018 o, si se requiere m\u00e1s tiempo, en el 2018-2019.<\/p>\n<p>En el marco del D\u00eda Internacional de la Mujer, dijo que ellas son en gran medida las que est\u00e1n forjando al pa\u00eds, porque son las que est\u00e1n educando en un mayor n\u00famero. De hecho, expuso, ellas conforman el 66 por ciento de los docentes de b\u00e1sica, m\u00e1s de 50 por ciento de media superior y tres de cada cuatro de los Consejos Escolares.<\/p>\n<p>&nbsp;<\/p>\n","protected":false},"excerpt":{"rendered":"<p>El secretario de Educaci\u00f3n P\u00fablica (SEP), Aurelio Nu\u00f1o Mayer, manifest\u00f3 que particularmente en educaci\u00f3n b\u00e1sica, el gran reto que enfrenta nuestro pa\u00eds es poder consolidar el dominio del lenguaje del espa\u00f1ol y las matem\u00e1ticas, adem\u00e1s asent\u00f3 que con la reforma educativa, M\u00e9xico le apuesta a crear su propio modelo.<\/p>\n","protected":false},"author":3,"featured_media":259664,"comment_status":"open","ping_status":"open","sticky":false,"template":"","format":"standard","meta":{"_monsterinsights_skip_tracking":false,"_monsterinsights_sitenote_active":false,"_monsterinsights_sitenote_note":"","_monsterinsights_sitenote_category":0,"footnotes":""},"categories":[3],"tags":[30144,43673,459],"class_list":["post-259521","post","type-post","status-publish","format-standard","has-post-thumbnail","hentry","category-nacional","tag-aurelio-nuno-mayer","tag-nacional","tag-sep"],"_links":{"self":[{"href":"https:\/\/www.diarioimagen.net\/index.php?rest_route=\/wp\/v2\/posts\/259521","targetHints":{"allow":["GET"]}}],"collection":[{"href":"https:\/\/www.diarioimagen.net\/index.php?rest_route=\/wp\/v2\/posts"}],"about":[{"href":"https:\/\/www.diarioimagen.net\/index.php?rest_route=\/wp\/v2\/types\/post"}],"author":[{"embeddable":true,"href":"https:\/\/www.diarioimagen.net\/index.php?rest_route=\/wp\/v2\/users\/3"}],"replies":[{"embeddable":true,"href":"https:\/\/www.diarioimagen.net\/index.php?rest_route=%2Fwp%2Fv2%2Fcomments&post=259521"}],"version-history":[{"count":0,"href":"https:\/\/www.diarioimagen.net\/index.php?rest_route=\/wp\/v2\/posts\/259521\/revisions"}],"wp:featuredmedia":[{"embeddable":true,"href":"https:\/\/www.diarioimagen.net\/index.php?rest_route=\/wp\/v2\/media\/259664"}],"wp:attachment":[{"href":"https:\/\/www.diarioimagen.net\/index.php?rest_route=%2Fwp%2Fv2%2Fmedia&parent=259521"}],"wp:term":[{"taxonomy":"category","embeddable":true,"href":"https:\/\/www.diarioimagen.net\/index.php?rest_route=%2Fwp%2Fv2%2Fcategories&post=259521"},{"taxonomy":"post_tag","embeddable":true,"href":"https:\/\/www.diarioimagen.net\/index.php?rest_route=%2Fwp%2Fv2%2Ftags&post=259521"}],"curies":[{"name":"wp","href":"https:\/\/api.w.org\/{rel}","templated":true}]}}