{"id":259528,"date":"2016-03-10T00:02:32","date_gmt":"2016-03-10T06:02:32","guid":{"rendered":"http:\/\/www.diarioimagen.net\/?p=259528"},"modified":"2016-03-11T01:40:41","modified_gmt":"2016-03-11T07:40:41","slug":"se-escucharan-todas-las-voces-en-el-congreso-politecnico-fernandez-fassnacht","status":"publish","type":"post","link":"https:\/\/www.diarioimagen.net\/?p=259528","title":{"rendered":"Se escuchar\u00e1n todas las voces en el Congreso Polit\u00e9cnico: Fern\u00e1ndez Fassnacht"},"content":{"rendered":"<p><a href=\"http:\/\/www.diarioimagen.net\/?attachment_id=259655\" rel=\"attachment wp-att-259655\"><img loading=\"lazy\" decoding=\"async\" class=\"aligncenter size-large wp-image-259655\" src=\"http:\/\/www.diarioimagen.net\/wp-content\/uploads\/2016\/03\/poli-2822-420x236.jpg\" alt=\"poli-2822\" width=\"420\" height=\"236\" srcset=\"https:\/\/www.diarioimagen.net\/wp-content\/uploads\/2016\/03\/poli-2822-420x236.jpg 420w, https:\/\/www.diarioimagen.net\/wp-content\/uploads\/2016\/03\/poli-2822-240x135.jpg 240w, https:\/\/www.diarioimagen.net\/wp-content\/uploads\/2016\/03\/poli-2822-235x132.jpg 235w, https:\/\/www.diarioimagen.net\/wp-content\/uploads\/2016\/03\/poli-2822-202x114.jpg 202w, https:\/\/www.diarioimagen.net\/wp-content\/uploads\/2016\/03\/poli-2822-350x196.jpg 350w, https:\/\/www.diarioimagen.net\/wp-content\/uploads\/2016\/03\/poli-2822-220x123.jpg 220w, https:\/\/www.diarioimagen.net\/wp-content\/uploads\/2016\/03\/poli-2822-237x132.jpg 237w, https:\/\/www.diarioimagen.net\/wp-content\/uploads\/2016\/03\/poli-2822.jpg 480w\" sizes=\"auto, (max-width: 420px) 100vw, 420px\" \/><\/a><\/p>\n<p>&nbsp;<\/p>\n<p>El director general del IPN, Enrique Fern\u00e1ndez Fassnacht, se\u00f1al\u00f3 que los egresados de esta casa de estudios tienen mucho que aportar al mejoramiento de su alma mater, por lo que asegur\u00f3 que en el desarrollo del Congreso Nacional Polit\u00e9cnico (CNP) pugnar\u00e1 porque todas las voces de la comunidad polit\u00e9cnica sean escuchadas.<\/p>\n<p>Al tomar protesta al Consejo Directivo de la Sociedad de Egresados de Ingenier\u00eda Civil (SEIC) del IPN para el periodo 2016-2017, encabezado por Victorio Flores Casta\u00f1eda, Fern\u00e1ndez Fassnacht dijo que el resultado del congreso ser\u00e1 un Polit\u00e9cnico m\u00e1s fuerte, vigoroso y competente.<\/p>\n","protected":false},"excerpt":{"rendered":"<p>El director general del IPN, Enrique Fern\u00e1ndez Fassnacht, se\u00f1al\u00f3 que los egresados de esta casa de estudios tienen mucho que aportar al mejoramiento de su alma mater, por lo que asegur\u00f3 que en el desarrollo del Congreso Nacional Polit\u00e9cnico (CNP) pugnar\u00e1 porque todas las voces de la comunidad polit\u00e9cnica sean escuchadas.<\/p>\n","protected":false},"author":3,"featured_media":259655,"comment_status":"open","ping_status":"open","sticky":false,"template":"","format":"standard","meta":{"_monsterinsights_skip_tracking":false,"_monsterinsights_sitenote_active":false,"_monsterinsights_sitenote_note":"","_monsterinsights_sitenote_category":0,"footnotes":""},"categories":[3],"tags":[37172],"class_list":["post-259528","post","type-post","status-publish","format-standard","has-post-thumbnail","hentry","category-nacional","tag-enrique-fernandez-fassnacht"],"_links":{"self":[{"href":"https:\/\/www.diarioimagen.net\/index.php?rest_route=\/wp\/v2\/posts\/259528","targetHints":{"allow":["GET"]}}],"collection":[{"href":"https:\/\/www.diarioimagen.net\/index.php?rest_route=\/wp\/v2\/posts"}],"about":[{"href":"https:\/\/www.diarioimagen.net\/index.php?rest_route=\/wp\/v2\/types\/post"}],"author":[{"embeddable":true,"href":"https:\/\/www.diarioimagen.net\/index.php?rest_route=\/wp\/v2\/users\/3"}],"replies":[{"embeddable":true,"href":"https:\/\/www.diarioimagen.net\/index.php?rest_route=%2Fwp%2Fv2%2Fcomments&post=259528"}],"version-history":[{"count":0,"href":"https:\/\/www.diarioimagen.net\/index.php?rest_route=\/wp\/v2\/posts\/259528\/revisions"}],"wp:featuredmedia":[{"embeddable":true,"href":"https:\/\/www.diarioimagen.net\/index.php?rest_route=\/wp\/v2\/media\/259655"}],"wp:attachment":[{"href":"https:\/\/www.diarioimagen.net\/index.php?rest_route=%2Fwp%2Fv2%2Fmedia&parent=259528"}],"wp:term":[{"taxonomy":"category","embeddable":true,"href":"https:\/\/www.diarioimagen.net\/index.php?rest_route=%2Fwp%2Fv2%2Fcategories&post=259528"},{"taxonomy":"post_tag","embeddable":true,"href":"https:\/\/www.diarioimagen.net\/index.php?rest_route=%2Fwp%2Fv2%2Ftags&post=259528"}],"curies":[{"name":"wp","href":"https:\/\/api.w.org\/{rel}","templated":true}]}}