{"id":259538,"date":"2016-03-10T00:07:11","date_gmt":"2016-03-10T06:07:11","guid":{"rendered":"http:\/\/www.diarioimagen.net\/?p=259538"},"modified":"2016-03-11T01:41:18","modified_gmt":"2016-03-11T07:41:18","slug":"pena-nieto-mexico-tiene-estabilidad-pese-a-entorno","status":"publish","type":"post","link":"https:\/\/www.diarioimagen.net\/?p=259538","title":{"rendered":"Pe\u00f1a Nieto: M\u00e9xico tiene estabilidad, pese a entorno"},"content":{"rendered":"<ul>\n<li><strong><em>Con ruta ascendente<\/em><\/strong><\/li>\n<\/ul>\n<p>&nbsp;<\/p>\n<div id=\"attachment_259649\" style=\"width: 430px\" class=\"wp-caption aligncenter\"><a href=\"http:\/\/www.diarioimagen.net\/?attachment_id=259649\" rel=\"attachment wp-att-259649\"><img loading=\"lazy\" decoding=\"async\" aria-describedby=\"caption-attachment-259649\" class=\"size-large wp-image-259649\" src=\"http:\/\/www.diarioimagen.net\/wp-content\/uploads\/2016\/03\/epn-2822-420x236.jpg\" alt=\"El presidente Enrique Pe\u00f1a Nieto afirma que pese al complejo entorno global, el gobierno de la Rep\u00fablica continuar\u00e1 actuando con responsabilidad y prudencia, y ajustando el gasto del gobierno.\" width=\"420\" height=\"236\" srcset=\"https:\/\/www.diarioimagen.net\/wp-content\/uploads\/2016\/03\/epn-2822-420x236.jpg 420w, https:\/\/www.diarioimagen.net\/wp-content\/uploads\/2016\/03\/epn-2822-240x135.jpg 240w, https:\/\/www.diarioimagen.net\/wp-content\/uploads\/2016\/03\/epn-2822-235x132.jpg 235w, https:\/\/www.diarioimagen.net\/wp-content\/uploads\/2016\/03\/epn-2822-202x114.jpg 202w, https:\/\/www.diarioimagen.net\/wp-content\/uploads\/2016\/03\/epn-2822-350x196.jpg 350w, https:\/\/www.diarioimagen.net\/wp-content\/uploads\/2016\/03\/epn-2822-220x123.jpg 220w, https:\/\/www.diarioimagen.net\/wp-content\/uploads\/2016\/03\/epn-2822-237x132.jpg 237w, https:\/\/www.diarioimagen.net\/wp-content\/uploads\/2016\/03\/epn-2822.jpg 480w\" sizes=\"auto, (max-width: 420px) 100vw, 420px\" \/><\/a><p id=\"caption-attachment-259649\" class=\"wp-caption-text\">El presidente Enrique Pe\u00f1a Nieto afirma que pese al complejo entorno global, el gobierno de la Rep\u00fablica continuar\u00e1 actuando con responsabilidad y prudencia, y ajustando el gasto del gobierno.<\/p><\/div>\n<p>&nbsp;<\/p>\n<p>El pa\u00eds goza de estabilidad econ\u00f3mica y un mercado interno cada vez m\u00e1s fuerte y en crecimiento, y para seguir con esa tendencia, el gobierno de la Rep\u00fablica continuar\u00e1 actuando con responsabilidad y prudencia, y ajustando el gasto del gobierno, asever\u00f3 el presidente Enrique Pe\u00f1a Nieto.<\/p>\n<p>Despu\u00e9s de tomar protesta al Comit\u00e9 Ejecutivo y del Consejo Directivo de la Concanaco-Servytur 2016-2017, el mandatario subray\u00f3 que esas medidas son necesarias para proteger la econom\u00eda de las familias y las peque\u00f1as y medianas empresas, que son la base de la econom\u00eda del pa\u00eds, y las que m\u00e1s generan empleos.<\/p>\n<p>Prueba de que la econom\u00eda mexicana sigue su marcha, es que en los \u00faltimos a\u00f1os ha tenido un ritmo de crecimiento acelerado, como lo demuestra el comportamiento del Producto Interno Bruto (PIB), que en 2013 tuvo un incremento de 1.3 por ciento; en 2014, de 2.3 por ciento, y en 2015, de 2.5 por ciento, expuso.<\/p>\n<p>Ante dirigentes de las c\u00e1maras empresariales de todo el pa\u00eds, el Ejecutuvo dijo que ese ritmo, supera el de algunas econom\u00edas m\u00e1s grandes que la mexicana, y que si bien no es el nivel \u00f3ptimo de crecimiento que quisi\u00e9ramos tener, \u201cresulta relevante que en el contexto internacional complejo, nuestra econom\u00eda est\u00e9 teniendo una ruta ascendente\u201d.<\/p>\n<p>Ello confirma que el mercado interno se est\u00e1 expandiendo, es el crecimiento en los sectores de servicios, que registr\u00f3 un aumento de 3.3 por ciento, y de comercio, que fue de 4.5 por ciento durante 2015, que son \u201clos principales motores del crecimiento\u201d, enfatiz\u00f3 en el acto al que asistieron los secretarios de Econom\u00eda, Ildefonso Guajardo, y de Hacienda, Luis Videgaray Caso.<\/p>\n<p>En el sector turismo, durante ese mismo a\u00f1o, se alcanzaron cifras hist\u00f3ricas, pues M\u00e9xico recibi\u00f3 a 32.1 millones de turistas internacionales, lo que representa 37 por ciento m\u00e1s de los visitantes que se recibieron en 2012.<\/p>\n<p>El jefe del Ejecutivo federal destac\u00f3 que el empleo formal sigue a la alza, con un aumento de 3.8 por ciento a tasa anual, y de acuerdo con las cifras m\u00e1s recientes del Instituto Mexicano del Seguro Social (IMSS), en febrero se crearon 142 mil 291 puestos de trabajo formal, la mayor cifra para un mes de febrero desde que se tienen registros mensuales.<\/p>\n<p>Luego de entregar el premio Empresario del A\u00f1o, Pe\u00f1a Nieto se refiri\u00f3 a la estabilidad de precios, y que en febrero de este a\u00f1o se tuvo una inflaci\u00f3n de 2.87 por ciento, que es la m\u00e1s baja desde hace 46 a\u00f1os, as\u00ed como la reducci\u00f3n en el costo de energ\u00e9ticos como la gasolina y la electricidad.<\/p>\n<p>Asimismo, hay un mayor consumo en el pa\u00eds, asever\u00f3, pues en diciembre de 2015, el consumo privado creci\u00f3 5.2 por ciento a tasa anual, la m\u00e1s alta en 11 a\u00f1os; en febrero, las tiendas departamentales y de autoservicio incrementaron sus ventas en 9.6 por ciento, y las tiendas en general tuvieron un crecimiento de 12.5 por ciento.<\/p>\n<p>&nbsp;<\/p>\n","protected":false},"excerpt":{"rendered":"<p>El pa\u00eds goza de estabilidad econ\u00f3mica y un mercado interno cada vez m\u00e1s fuerte y en crecimiento, y para seguir con esa tendencia, el gobierno de la Rep\u00fablica continuar\u00e1 actuando con responsabilidad y prudencia, y ajustando el gasto del gobierno, asever\u00f3 el presidente Enrique Pe\u00f1a Nieto.<\/p>\n","protected":false},"author":3,"featured_media":259649,"comment_status":"open","ping_status":"open","sticky":false,"template":"","format":"standard","meta":{"_monsterinsights_skip_tracking":false,"_monsterinsights_sitenote_active":false,"_monsterinsights_sitenote_note":"","_monsterinsights_sitenote_category":0,"footnotes":""},"categories":[3],"tags":[18,17565,44],"class_list":["post-259538","post","type-post","status-publish","format-standard","has-post-thumbnail","hentry","category-nacional","tag-enrique-pena-nieto","tag-estabilidad","tag-mexico"],"_links":{"self":[{"href":"https:\/\/www.diarioimagen.net\/index.php?rest_route=\/wp\/v2\/posts\/259538","targetHints":{"allow":["GET"]}}],"collection":[{"href":"https:\/\/www.diarioimagen.net\/index.php?rest_route=\/wp\/v2\/posts"}],"about":[{"href":"https:\/\/www.diarioimagen.net\/index.php?rest_route=\/wp\/v2\/types\/post"}],"author":[{"embeddable":true,"href":"https:\/\/www.diarioimagen.net\/index.php?rest_route=\/wp\/v2\/users\/3"}],"replies":[{"embeddable":true,"href":"https:\/\/www.diarioimagen.net\/index.php?rest_route=%2Fwp%2Fv2%2Fcomments&post=259538"}],"version-history":[{"count":0,"href":"https:\/\/www.diarioimagen.net\/index.php?rest_route=\/wp\/v2\/posts\/259538\/revisions"}],"wp:featuredmedia":[{"embeddable":true,"href":"https:\/\/www.diarioimagen.net\/index.php?rest_route=\/wp\/v2\/media\/259649"}],"wp:attachment":[{"href":"https:\/\/www.diarioimagen.net\/index.php?rest_route=%2Fwp%2Fv2%2Fmedia&parent=259538"}],"wp:term":[{"taxonomy":"category","embeddable":true,"href":"https:\/\/www.diarioimagen.net\/index.php?rest_route=%2Fwp%2Fv2%2Fcategories&post=259538"},{"taxonomy":"post_tag","embeddable":true,"href":"https:\/\/www.diarioimagen.net\/index.php?rest_route=%2Fwp%2Fv2%2Ftags&post=259538"}],"curies":[{"name":"wp","href":"https:\/\/api.w.org\/{rel}","templated":true}]}}