{"id":259733,"date":"2016-03-11T00:04:20","date_gmt":"2016-03-11T06:04:20","guid":{"rendered":"http:\/\/www.diarioimagen.net\/?p=259733"},"modified":"2016-03-11T05:42:47","modified_gmt":"2016-03-11T11:42:47","slug":"la-ciudad-de-rosario-en-argentina-sera-la-nueva-ruta-que-copa-airlines-iniciara-a-partir-del-proximo-1-de-julio","status":"publish","type":"post","link":"https:\/\/www.diarioimagen.net\/?p=259733","title":{"rendered":"La ciudad de Rosario, en Argentina, ser\u00e1 la nueva ruta que Copa Airlines iniciar\u00e1 a partir del pr\u00f3ximo 1 de julio"},"content":{"rendered":"<h2>De cinco estrellas<\/h2>\n<h5>Victoria Gonz\u00e1lez Prado<\/h5>\n<p>&nbsp;<\/p>\n<ul>\n<li><strong><em>Amir Nahai, jefe ejecutivo de <\/em>Alimentos &amp; Bebidas<em>, es tambi\u00e9n responsable de Adquisiciones de los pa\u00edses donde AccorHotels opera<\/em><\/strong><\/li>\n<li><strong><em>Un alto porcentaje de los mexicanos que viajan a Europa inician su recorrido en Madrid, y viajan por tren a otros destinos espa\u00f1oles<\/em><\/strong><\/li>\n<\/ul>\n<p>&nbsp;<\/p>\n<div id=\"attachment_259889\" style=\"width: 430px\" class=\"wp-caption aligncenter\"><a href=\"http:\/\/www.diarioimagen.net\/?attachment_id=259889\" rel=\"attachment wp-att-259889\"><img loading=\"lazy\" decoding=\"async\" aria-describedby=\"caption-attachment-259889\" class=\"size-large wp-image-259889\" src=\"http:\/\/www.diarioimagen.net\/wp-content\/uploads\/2016\/03\/turismo-2823-420x236.jpg\" alt=\"Iniciar\u00e1 operaciones a Rosario, Argentina.\" width=\"420\" height=\"236\" srcset=\"https:\/\/www.diarioimagen.net\/wp-content\/uploads\/2016\/03\/turismo-2823-420x236.jpg 420w, https:\/\/www.diarioimagen.net\/wp-content\/uploads\/2016\/03\/turismo-2823-240x135.jpg 240w, https:\/\/www.diarioimagen.net\/wp-content\/uploads\/2016\/03\/turismo-2823-235x132.jpg 235w, https:\/\/www.diarioimagen.net\/wp-content\/uploads\/2016\/03\/turismo-2823-202x114.jpg 202w, https:\/\/www.diarioimagen.net\/wp-content\/uploads\/2016\/03\/turismo-2823-350x196.jpg 350w, https:\/\/www.diarioimagen.net\/wp-content\/uploads\/2016\/03\/turismo-2823-220x123.jpg 220w, https:\/\/www.diarioimagen.net\/wp-content\/uploads\/2016\/03\/turismo-2823-237x132.jpg 237w, https:\/\/www.diarioimagen.net\/wp-content\/uploads\/2016\/03\/turismo-2823.jpg 480w\" sizes=\"auto, (max-width: 420px) 100vw, 420px\" \/><\/a><p id=\"caption-attachment-259889\" class=\"wp-caption-text\">Iniciar\u00e1 operaciones a Rosario, Argentina.<\/p><\/div>\n<p>&nbsp;<\/p>\n<p>La ciudad de Rosario en Argentina, ser\u00e1 la nueva ruta que <em>Copa Airlines<\/em> iniciar\u00e1 a partir del pr\u00f3ximo 1 de julio con cuatro frecuencias semanales entre Rosario y la Ciudad de Panam\u00e1, potenciando la conectividad de Rosario y la Rep\u00fablica de Argentina con el resto del continente.<\/p>\n<p><strong>Pedro Heilbron<\/strong>, presidente ejecutivo de la aerol\u00ednea, dijo: \u201cDesde hace m\u00e1s de 16 a\u00f1os ofrecemos servicios en Argentina, por ello, este anuncio nos llena de orgullo y optimismo, porque potencia la conectividad de este importante pa\u00eds con Norteam\u00e9rica, Sudam\u00e9rica, Centroam\u00e9rica y el Caribe, por medio de nuestro <em>Hub<\/em> de las Am\u00e9ricas en Ciudad de Panam\u00e1. De esa forma, ofrecemos mayores oportunidades para el crecimiento y desarrollo del comercio y turismo local, contribuyendo a la generaci\u00f3n de empleo para los rosarinos\u201d.<\/p>\n<p>Rosario, la tercera ciudad con mayor n\u00famero de habitantes de Argentina est\u00e1 ubicada en la provincia de Santa Fe. La ciudad vio crecer a grandes glorias nacionales: <strong>Lionel Messi<\/strong>, <strong>Ernesto \u201cChe\u201d Guevara<\/strong> y el pintor <strong>Antonio Berni<\/strong>.<\/p>\n<p>La provincia de Santa Fe est\u00e1 en el centro-este del pa\u00eds, posee importantes atractivos tur\u00edsticos, como recorridos guiados con excursiones por el r\u00edo de Rosario, sus hermosas playas, espacios verdes, gastronom\u00eda, arte y cultura, entre otras actividades. Tambi\u00e9n constituye un importante centro econ\u00f3mico, educativo, financiero, de entretenimiento y agrario. Forma parte del denominado Tri\u00e1ngulo Agrario, junto con las localidades de Pergamino y Venado Tuerto.<\/p>\n<p>El vuelo CM 805 iniciar\u00e1 con cuatro frecuencias semanales los d\u00edas lunes, mi\u00e9rcoles, viernes y domingos, saldr\u00e1 a las 3:20 pm del Aeropuerto Internacional de Tocum\u00e9n, en Panam\u00e1, para llegar a las 12:07 am al aeropuerto \u201cIslas Malvinas\u201d, en Rosario, Argentina. De regreso, partir\u00e1 los d\u00edas lunes, martes, jueves y s\u00e1bados a la 1:20 am, llegando a Panam\u00e1 a las 6:28 am.<\/p>\n<p>\u2730\u2730\u2730\u2730\u2730<strong> Amir Nahai<\/strong>, jefe ejecutivo de Alimentos &amp; Bebidas, es ahora tambi\u00e9n responsable de la actividad total de adquisiciones y de los departamentos de adquisiciones de los pa\u00edses donde <em>AccorHotels<\/em> opera.<\/p>\n<p>En este puesto se asegurar\u00e1 que las adquisiciones hagan una creciente contribuci\u00f3n a las ganancias del grupo, definir\u00e1 los objetivos de la actividad de adquisici\u00f3n y desarrollar\u00e1 sinergias con socios y proveedores.<\/p>\n<p><strong>Amir <\/strong>se uni\u00f3 a <em>AccorHotels <\/em>en 2015. Antes fue socio en la oficina en Nueva York de <em>Bain &amp; Company<\/em>, donde estuvo m\u00e1s de 15 a\u00f1os como consultor en los sectores de hospitalidad, media\/entretenimiento, apuestas y tecnolog\u00eda. <strong>Amir <\/strong>vivi\u00f3 sucesivamente en Boston, Nueva York, Los \u00c1ngeles y trabaj\u00f3 para clientes en todo el mundo. En Asia (Singapur, Tailandia, India, China) y Europa (Par\u00eds, Londres). Habla cuatro idiomas y estudi\u00f3 sus primeros a\u00f1os en Francia. Tiene un BA en Gobierno del <em>Dartmouth College<\/em> y un MBA de la <em>Tuck School <\/em>de Negocios en Datmouth.<\/p>\n<p>\u2730\u2730\u2730\u2730\u2730 Un alto porcentaje de los mexicanos que viajan a Europa inician su recorrido por el continente en Madrid, punto de partida id\u00f3neo para continuar su viaje por tren con toda facilidad y comodidad hacia otros destinos espa\u00f1oles, ubicados cerca del mar Mediterr\u00e1neo.<\/p>\n<p>Espa\u00f1a tiene la red ferroviaria de alta velocidad m\u00e1s grande en Europa, con m\u00e1s de 3 mil kil\u00f3metros de v\u00edas, por lo que existe gran variedad de rutas por elegir. <em>Rail Europe<\/em>, propone una gu\u00eda de destinos espa\u00f1oles, que pueden visitarse con el servicio proporcionado por Alta Velocidad Espa\u00f1ola (AVE) y que, por su ubicaci\u00f3n geogr\u00e1fica, gozan de buen clima durante la mayor parte del a\u00f1o.<\/p>\n<p>Madrid\u2013Barcelona. Con una duraci\u00f3n promedio de viaje de 2:30 horas. Ofrece un sin fin de experiencias para todos los gustos y con un clima muy agradable. Ciudad de barrios y parques; de historia y modernismo. En el terreno del arte y la arquitectura, la esencia de la ciudad no se explica sin nombres como <strong>Gaud\u00ed<\/strong>, <strong>Mir\u00f3<\/strong>, <strong>Dom\u00e8nech<\/strong>, <strong>Montaner<\/strong>, <strong>Picass<\/strong>o o <strong>Puig<\/strong>, <strong>Cadafalch<\/strong>. La experiencia gastron\u00f3mica posee sabores \u00fanicos y propios del Mediterr\u00e1neo. Hay tanto por ver y admirar que bien vale la pena destinar varios d\u00edas para no perder detalle de lo m\u00e1s representativo de la capital catalana.<\/p>\n<p>Madrid\u2013Valencia. Duraci\u00f3n 1:40 horas. Valencia es una ciudad que con orgullo muestra su herencia romana, \u00e1rabe y cristiana junto a su lado din\u00e1mico y vanguardista, que se refleja en la arquitectura, ciencia, negocios y m\u00faltiples eventos deportivos. Para relajarse o practicar deportes acu\u00e1ticos, Valencia ofrece 19 km de playas, siendo las m\u00e1s conocidas las playas de las Arenas, la Malvarrosa y la Patacona. Para los amantes de la naturaleza el <em>Oceanogr\u00e1fic,<\/em> el acuario m\u00e1s grande de Europa con m\u00e1s de 45 mil ejemplares y los Jardines de Turia, un parque urbano p\u00fablico de 9 km que cruza la ciudad, de oeste a este, desde el Parque de Cabecera hasta la Ciudad de la Artes y las Ciencias.<\/p>\n<p>Madrid\u2013M\u00e1laga. 2:30 horas de viaje. M\u00e1laga, ciudad natal de <strong>Pablo Picasso<\/strong>, tiene una personalidad espectacular, reflejo de un legado cultural de m\u00e1s de 3 mil a\u00f1os, herencia de fenicios, romanos y \u00e1rabes. De la \u00e9poca musulmana, destaca el Palacio de Alcazaba, fortaleza y sede de los gobiernos musulmanes. La Alcazaba, junto con el Castillo de Gibralfaro y el Teatro Romano, constituyen el conjunto arqueol\u00f3gico m\u00e1s importante de la ciudad. Considrada ciudad de los museos, con m\u00e1s de 35 recintos desde arte, ciencia, m\u00fasica, vino o arte sacro.<\/p>\n<p>Madrid\u2013Sevilla. Se llega en 2:30 horas. La capital de Andaluc\u00eda es un mosaico de influencias y expresiones de todo tipo. Un recorrido por la ciudad es un encuentro con las huellas de su historia romana, isl\u00e1mica y cristiana; con sus expresiones renacentistas, barrocas y su rostro mud\u00e9jar. Paisajes contrastantes dotan de autenticidad y encanto a esta gran ciudad, sede de las exposiciones universales de 1929 y 1992. Sevilla es una buena opci\u00f3n para visitar. La ciudad est\u00e1 llena de alegr\u00eda, luz y brillo. Vale la pena apreciar el <em>Mapping <\/em>Sevilla, un espect\u00e1culo de luces y sonido que tiene lugar cada a\u00f1o en la Plaza de San Francisco y que ha recibido reconocimientos como uno de los mejores eventos culturales europeos.<\/p>\n<p>Estas recomendaciones son ideales para gozar de espl\u00e9ndidos d\u00edas, con la comodidad que ofrecen los trenes AVE, que reducen los tiempos de traslado. La apuesta ha dado sus frutos, hoy d\u00eda, la red ofrece m\u00e1s de 31 estaciones de alta velocidad, en 21 provincias del pa\u00eds. Con el AVE, y el sistema de reservaci\u00f3n de <em>Rail Europe<\/em>, se logra la mejor experiencia para descubrir Espa\u00f1a. M\u00e1s informaci\u00f3n: <a href=\"http:\/\/www.raileurope.com.mx\/\" target=\"_blank\">www.raileurope.com.mx<\/a><\/p>\n<p><em><i><a href=\"mailto:victoriagprado@gmail.com\" target=\"_blank\">victoriagprado@gmail.com<\/a><\/i><\/em><br \/>\nTwitter: <em><a href=\"https:\/\/twitter.com\/victoriagprado\" target=\"_blank\">@victoriagprado<\/a><\/em><\/p>\n<p>&nbsp;<\/p>\n","protected":false},"excerpt":{"rendered":"<p>La ciudad de Rosario en Argentina, ser\u00e1 la nueva ruta que Copa Airlines iniciar\u00e1 a partir del pr\u00f3ximo 1 de julio con cuatro frecuencias semanales entre Rosario y la Ciudad de Panam\u00e1, potenciando la conectividad de Rosario y la Rep\u00fablica de Argentina con el resto del continente.<\/p>\n","protected":false},"author":3,"featured_media":259889,"comment_status":"open","ping_status":"open","sticky":false,"template":"","format":"standard","meta":{"_monsterinsights_skip_tracking":false,"_monsterinsights_sitenote_active":false,"_monsterinsights_sitenote_note":"","_monsterinsights_sitenote_category":0,"footnotes":""},"categories":[11],"tags":[107,43674,106],"class_list":["post-259733","post","type-post","status-publish","format-standard","has-post-thumbnail","hentry","category-turismo","tag-de-cinco-estrellas","tag-opinion","tag-victoria-gonzalez-prado"],"_links":{"self":[{"href":"https:\/\/www.diarioimagen.net\/index.php?rest_route=\/wp\/v2\/posts\/259733","targetHints":{"allow":["GET"]}}],"collection":[{"href":"https:\/\/www.diarioimagen.net\/index.php?rest_route=\/wp\/v2\/posts"}],"about":[{"href":"https:\/\/www.diarioimagen.net\/index.php?rest_route=\/wp\/v2\/types\/post"}],"author":[{"embeddable":true,"href":"https:\/\/www.diarioimagen.net\/index.php?rest_route=\/wp\/v2\/users\/3"}],"replies":[{"embeddable":true,"href":"https:\/\/www.diarioimagen.net\/index.php?rest_route=%2Fwp%2Fv2%2Fcomments&post=259733"}],"version-history":[{"count":0,"href":"https:\/\/www.diarioimagen.net\/index.php?rest_route=\/wp\/v2\/posts\/259733\/revisions"}],"wp:featuredmedia":[{"embeddable":true,"href":"https:\/\/www.diarioimagen.net\/index.php?rest_route=\/wp\/v2\/media\/259889"}],"wp:attachment":[{"href":"https:\/\/www.diarioimagen.net\/index.php?rest_route=%2Fwp%2Fv2%2Fmedia&parent=259733"}],"wp:term":[{"taxonomy":"category","embeddable":true,"href":"https:\/\/www.diarioimagen.net\/index.php?rest_route=%2Fwp%2Fv2%2Fcategories&post=259733"},{"taxonomy":"post_tag","embeddable":true,"href":"https:\/\/www.diarioimagen.net\/index.php?rest_route=%2Fwp%2Fv2%2Ftags&post=259733"}],"curies":[{"name":"wp","href":"https:\/\/api.w.org\/{rel}","templated":true}]}}