{"id":259741,"date":"2016-03-11T00:09:11","date_gmt":"2016-03-11T06:09:11","guid":{"rendered":"http:\/\/www.diarioimagen.net\/?p=259741"},"modified":"2016-03-11T03:56:40","modified_gmt":"2016-03-11T09:56:40","slug":"entregan-auto-a-familia-afectada-por-anuncio","status":"publish","type":"post","link":"https:\/\/www.diarioimagen.net\/?p=259741","title":{"rendered":"Entregan auto a familia afectada por anuncio"},"content":{"rendered":"<ul>\n<li><strong><em>Gobierno cubre gastos m\u00e9dicos<\/em><\/strong><\/li>\n<\/ul>\n<p>&nbsp;<\/p>\n<div id=\"attachment_259797\" style=\"width: 430px\" class=\"wp-caption aligncenter\"><a href=\"http:\/\/www.diarioimagen.net\/?attachment_id=259797\" rel=\"attachment wp-att-259797\"><img loading=\"lazy\" decoding=\"async\" aria-describedby=\"caption-attachment-259797\" class=\"size-large wp-image-259797\" src=\"http:\/\/www.diarioimagen.net\/wp-content\/uploads\/2016\/03\/arco-2823-420x236.jpg\" alt=\"El gobernador Eruviel \u00c1vila entreg\u00f3 un auto a familia afectada por ca\u00edda de un anuncio.\" width=\"420\" height=\"236\" srcset=\"https:\/\/www.diarioimagen.net\/wp-content\/uploads\/2016\/03\/arco-2823-420x236.jpg 420w, https:\/\/www.diarioimagen.net\/wp-content\/uploads\/2016\/03\/arco-2823-240x135.jpg 240w, https:\/\/www.diarioimagen.net\/wp-content\/uploads\/2016\/03\/arco-2823-235x132.jpg 235w, https:\/\/www.diarioimagen.net\/wp-content\/uploads\/2016\/03\/arco-2823-202x114.jpg 202w, https:\/\/www.diarioimagen.net\/wp-content\/uploads\/2016\/03\/arco-2823-350x196.jpg 350w, https:\/\/www.diarioimagen.net\/wp-content\/uploads\/2016\/03\/arco-2823-220x123.jpg 220w, https:\/\/www.diarioimagen.net\/wp-content\/uploads\/2016\/03\/arco-2823-237x132.jpg 237w, https:\/\/www.diarioimagen.net\/wp-content\/uploads\/2016\/03\/arco-2823.jpg 480w\" sizes=\"auto, (max-width: 420px) 100vw, 420px\" \/><\/a><p id=\"caption-attachment-259797\" class=\"wp-caption-text\">El gobernador Eruviel \u00c1vila entreg\u00f3 un auto a familia afectada por ca\u00edda de un anuncio.<\/p><\/div>\n<p>&nbsp;<\/p>\n<p><strong>Toluca, Estado de M\u00e9xico<\/strong>.- El gobernador Eruviel \u00c1vila entreg\u00f3 un autom\u00f3vil nuevo en apoyo a la familia Castro, que viajaba en el coche sobre el cual cay\u00f3 una estructura de espectacular en el municipio de Metepec, a consecuencia de las r\u00e1fagas de viento registradas el mi\u00e9rcoles, adem\u00e1s de informar que el gobierno estatal absorber\u00e1 los gastos derivados de su atenci\u00f3n m\u00e9dica, incluyendo los de Minerva Serrano, de 55 a\u00f1os, quien iba a bordo del veh\u00edculo y es la \u00fanica que a\u00fan se encuentra hospitalizada y ha sido intervenida quir\u00fargicamente.<\/p>\n<p>\u201cGracias a Dios est\u00e1n con vida, me da mucho gusto que est\u00e9n aqu\u00ed muy bien. Estamos entregando formalmente este veh\u00edculo nuevo. Es una forma de solidarizarnos con ustedes, con la familia, no esperaban ustedes este accidente, este acontecimiento tan lamentable. Seguramente serv\u00eda para trabajar, serv\u00eda para moverse y estamos entregando, a nombre de los mexiquenses, este apoyo\u201d, expres\u00f3.<\/p>\n<p>Eruviel \u00c1vila entreg\u00f3 las llaves de este autom\u00f3vil a Ellen Garc\u00eda Gonz\u00e1lez, Juan Carlos Castro Serrano y Eusebio Castro Palma, quienes durante el accidente viajaban en un auto Nissan, quienes son originarios del municipio de Calimaya y cuentan con un peque\u00f1o negocio de lavander\u00eda en Mexicaltzingo.<\/p>\n<p>Junto con ellos, al momento del percance, tambi\u00e9n viajaba Minerva Serrano Arzate, quien sufri\u00f3 fractura en la doceava v\u00e9rtebra y ya fue intervenida quir\u00fargicamente con \u00e9xito en el Centro M\u00e9dico Adolfo L\u00f3pez Mateos, en Toluca.<\/p>\n<p>Con la operaci\u00f3n, la v\u00e9rtebra fue sustituida por un cilindro o cuerpo vertebral expansor, con el objetivo de que la paciente recupere la fuerza en las piernas y se reintegre a sus actividades normales en un tiempo de 4 a 6 semanas. Para ello, se utilizar\u00e1 material de osteos\u00edntesis que tendr\u00e1 un costo superior a los 300 mil pesos, los cuales ser\u00e1n pagados por el Instituto de Saluda estatal.<\/p>\n","protected":false},"excerpt":{"rendered":"<p>El gobernador Eruviel \u00c1vila entreg\u00f3 un autom\u00f3vil nuevo en apoyo a la familia Castro, que viajaba en el coche sobre el cual cay\u00f3 una estructura de espectacular en el municipio de Metepec, a consecuencia de las r\u00e1fagas de viento registradas el mi\u00e9rcoles, adem\u00e1s de informar que el gobierno estatal absorber\u00e1 los gastos derivados de su atenci\u00f3n m\u00e9dica, incluyendo los de Minerva Serrano, de 55 a\u00f1os, quien iba a bordo del veh\u00edculo y es la \u00fanica que a\u00fan se encuentra hospitalizada y ha sido intervenida quir\u00fargicamente.<\/p>\n","protected":false},"author":3,"featured_media":259797,"comment_status":"open","ping_status":"open","sticky":false,"template":"","format":"standard","meta":{"_monsterinsights_skip_tracking":false,"_monsterinsights_sitenote_active":false,"_monsterinsights_sitenote_note":"","_monsterinsights_sitenote_category":0,"footnotes":""},"categories":[5],"tags":[4584,43675,452,4190],"class_list":["post-259741","post","type-post","status-publish","format-standard","has-post-thumbnail","hentry","category-estado-de-mexico","tag-auto","tag-estado-de-mexico","tag-toluca","tag-vehiculo"],"_links":{"self":[{"href":"https:\/\/www.diarioimagen.net\/index.php?rest_route=\/wp\/v2\/posts\/259741","targetHints":{"allow":["GET"]}}],"collection":[{"href":"https:\/\/www.diarioimagen.net\/index.php?rest_route=\/wp\/v2\/posts"}],"about":[{"href":"https:\/\/www.diarioimagen.net\/index.php?rest_route=\/wp\/v2\/types\/post"}],"author":[{"embeddable":true,"href":"https:\/\/www.diarioimagen.net\/index.php?rest_route=\/wp\/v2\/users\/3"}],"replies":[{"embeddable":true,"href":"https:\/\/www.diarioimagen.net\/index.php?rest_route=%2Fwp%2Fv2%2Fcomments&post=259741"}],"version-history":[{"count":0,"href":"https:\/\/www.diarioimagen.net\/index.php?rest_route=\/wp\/v2\/posts\/259741\/revisions"}],"wp:featuredmedia":[{"embeddable":true,"href":"https:\/\/www.diarioimagen.net\/index.php?rest_route=\/wp\/v2\/media\/259797"}],"wp:attachment":[{"href":"https:\/\/www.diarioimagen.net\/index.php?rest_route=%2Fwp%2Fv2%2Fmedia&parent=259741"}],"wp:term":[{"taxonomy":"category","embeddable":true,"href":"https:\/\/www.diarioimagen.net\/index.php?rest_route=%2Fwp%2Fv2%2Fcategories&post=259741"},{"taxonomy":"post_tag","embeddable":true,"href":"https:\/\/www.diarioimagen.net\/index.php?rest_route=%2Fwp%2Fv2%2Ftags&post=259741"}],"curies":[{"name":"wp","href":"https:\/\/api.w.org\/{rel}","templated":true}]}}