{"id":259752,"date":"2016-03-11T00:03:15","date_gmt":"2016-03-11T06:03:15","guid":{"rendered":"http:\/\/www.diarioimagen.net\/?p=259752"},"modified":"2016-03-11T04:18:42","modified_gmt":"2016-03-11T10:18:42","slug":"gobierno-de-naucalpan-se-suma-a-colecta-de-cruz-roja","status":"publish","type":"post","link":"https:\/\/www.diarioimagen.net\/?p=259752","title":{"rendered":"Gobierno de Naucalpan se suma a colecta de Cruz Roja"},"content":{"rendered":"<ul>\n<li><em><strong>Entregan donativo<\/strong><\/em><\/li>\n<\/ul>\n<p>&nbsp;<\/p>\n<div id=\"attachment_259831\" style=\"width: 430px\" class=\"wp-caption aligncenter\"><a href=\"http:\/\/www.diarioimagen.net\/?attachment_id=259831\" rel=\"attachment wp-att-259831\"><img loading=\"lazy\" decoding=\"async\" aria-describedby=\"caption-attachment-259831\" class=\"size-large wp-image-259831\" src=\"http:\/\/www.diarioimagen.net\/wp-content\/uploads\/2016\/03\/NAUCALPAN-2823-420x236.jpg\" alt=\"En el marco de la entrega del donativo del gobierno de Naucalpan a la benem\u00e9rita instituci\u00f3n, la\u00a0 presidenta del Sistema DIF Naucalpan, Liliana Carbajal de Olvera, fue nombrada presidenta honoraria de la Cruz Roja en este municipio.\" width=\"420\" height=\"236\" srcset=\"https:\/\/www.diarioimagen.net\/wp-content\/uploads\/2016\/03\/NAUCALPAN-2823-420x236.jpg 420w, https:\/\/www.diarioimagen.net\/wp-content\/uploads\/2016\/03\/NAUCALPAN-2823-240x135.jpg 240w, https:\/\/www.diarioimagen.net\/wp-content\/uploads\/2016\/03\/NAUCALPAN-2823-235x132.jpg 235w, https:\/\/www.diarioimagen.net\/wp-content\/uploads\/2016\/03\/NAUCALPAN-2823-202x114.jpg 202w, https:\/\/www.diarioimagen.net\/wp-content\/uploads\/2016\/03\/NAUCALPAN-2823-350x196.jpg 350w, https:\/\/www.diarioimagen.net\/wp-content\/uploads\/2016\/03\/NAUCALPAN-2823-220x123.jpg 220w, https:\/\/www.diarioimagen.net\/wp-content\/uploads\/2016\/03\/NAUCALPAN-2823-237x132.jpg 237w, https:\/\/www.diarioimagen.net\/wp-content\/uploads\/2016\/03\/NAUCALPAN-2823.jpg 480w\" sizes=\"auto, (max-width: 420px) 100vw, 420px\" \/><\/a><p id=\"caption-attachment-259831\" class=\"wp-caption-text\">En el marco de la entrega del donativo del gobierno de Naucalpan a la benem\u00e9rita instituci\u00f3n, la\u00a0 presidenta del Sistema DIF Naucalpan, Liliana Carbajal de Olvera, fue nombrada presidenta honoraria de la Cruz Roja en este municipio.<\/p><\/div>\n<p>&nbsp;<\/p>\n<p><strong>Naucalpan, M\u00e9xico<\/strong>.- El gobierno local se une a la colecta anual de la Cruz Roja Mexicana y llama a la participaci\u00f3n social para que los ciudadanos contribuyan con esta instituci\u00f3n. Este a\u00f1o los recursos obtenidos a nivel municipal se destinar\u00e1n a la ampliaci\u00f3n y remodelaci\u00f3n del Centro de Rehabilitaci\u00f3n F\u00edsica Integral que tiene la Cruz Roja en esta localidad.<\/p>\n<p>En el marco de la entrega de un cheque por 150 mil pesos como parte de la aportaci\u00f3n que realiza el gobierno municipal a la benem\u00e9rita instituci\u00f3n, la\u00a0 presidenta del Sistema DIF Naucalpan, Liliana Carbajal de Olvera, fue nombrada presidenta honoraria de la Cruz Roja en este municipio.<\/p>\n<p>La presidenta del Consejo Consultivo de Naucalpan y delegada estatal de la instituci\u00f3n, Silvia Olivares Escudero, as\u00ed como la presidenta de Damas Voluntarias, Andrea Est\u00e9vez de Miguel, le entregaron el nombramiento, y le colocaron un pin y una mascada caracter\u00edstica de este voluntariado.<\/p>\n<p>Liliana Carbajal de Olvera expres\u00f3 que la administraci\u00f3n que encabeza el presidente municipal, Edgar Armando Olvera Higuera, har\u00e1 equipo con la Cruz Roja para que se pueda superar la meta de 350 millones de pesos que se recaudaron el a\u00f1o pasado a nivel nacional y los 25 millones que se lograron obtener a nivel estatal.<\/p>\n<p>Indic\u00f3 que se debe reconocer la labor que realiza esta instituci\u00f3n, que pronto cumplir\u00e1 106 a\u00f1os, pero adem\u00e1s de la vocaci\u00f3n de servicio de cada uno de sus integrantes, es necesario que tengan los recursos para continuar con su trabajo.<\/p>\n<p>Ante las muestras de entusiasmo de un grupo de j\u00f3venes rescatistas y enfermeras, la presidenta honoraria de la Cruz Roja Naucalpan, expres\u00f3 que: \u201cese \u00e1nimo es se\u00f1al de querer a su municipio, de querer atender de manera muy profesional a nuestra comunidad y a nuestros naucalpenses\u201d.<\/p>\n<p>Por su parte, la delegada estatal de la Cruz Roja, Silvia Olivares Escudero, indic\u00f3 que esta instituci\u00f3n cuenta con grandes amigos y que juntos se puede elevar la calidad de vida de los ciudadanos y lograr la Ciudad con Vida que los naucalpenses merecen.<\/p>\n<p>&nbsp;<\/p>\n","protected":false},"excerpt":{"rendered":"<p>El gobierno local se une a la colecta anual de la Cruz Roja Mexicana y llama a la participaci\u00f3n social para que los ciudadanos contribuyan con esta instituci\u00f3n. Este a\u00f1o los recursos obtenidos a nivel municipal se destinar\u00e1n a la ampliaci\u00f3n y remodelaci\u00f3n del Centro de Rehabilitaci\u00f3n F\u00edsica Integral que tiene la Cruz Roja en esta localidad.<\/p>\n","protected":false},"author":3,"featured_media":259831,"comment_status":"open","ping_status":"open","sticky":false,"template":"","format":"standard","meta":{"_monsterinsights_skip_tracking":false,"_monsterinsights_sitenote_active":false,"_monsterinsights_sitenote_note":"","_monsterinsights_sitenote_category":0,"footnotes":""},"categories":[35155],"tags":[6185,49561,919,970],"class_list":["post-259752","post","type-post","status-publish","format-standard","has-post-thumbnail","hentry","category-estado-de-mexico-estado-de-mexico","tag-campana","tag-colecta","tag-cruz-roja","tag-naucalpan"],"_links":{"self":[{"href":"https:\/\/www.diarioimagen.net\/index.php?rest_route=\/wp\/v2\/posts\/259752","targetHints":{"allow":["GET"]}}],"collection":[{"href":"https:\/\/www.diarioimagen.net\/index.php?rest_route=\/wp\/v2\/posts"}],"about":[{"href":"https:\/\/www.diarioimagen.net\/index.php?rest_route=\/wp\/v2\/types\/post"}],"author":[{"embeddable":true,"href":"https:\/\/www.diarioimagen.net\/index.php?rest_route=\/wp\/v2\/users\/3"}],"replies":[{"embeddable":true,"href":"https:\/\/www.diarioimagen.net\/index.php?rest_route=%2Fwp%2Fv2%2Fcomments&post=259752"}],"version-history":[{"count":0,"href":"https:\/\/www.diarioimagen.net\/index.php?rest_route=\/wp\/v2\/posts\/259752\/revisions"}],"wp:featuredmedia":[{"embeddable":true,"href":"https:\/\/www.diarioimagen.net\/index.php?rest_route=\/wp\/v2\/media\/259831"}],"wp:attachment":[{"href":"https:\/\/www.diarioimagen.net\/index.php?rest_route=%2Fwp%2Fv2%2Fmedia&parent=259752"}],"wp:term":[{"taxonomy":"category","embeddable":true,"href":"https:\/\/www.diarioimagen.net\/index.php?rest_route=%2Fwp%2Fv2%2Fcategories&post=259752"},{"taxonomy":"post_tag","embeddable":true,"href":"https:\/\/www.diarioimagen.net\/index.php?rest_route=%2Fwp%2Fv2%2Ftags&post=259752"}],"curies":[{"name":"wp","href":"https:\/\/api.w.org\/{rel}","templated":true}]}}