{"id":259756,"date":"2016-03-11T00:01:09","date_gmt":"2016-03-11T06:01:09","guid":{"rendered":"http:\/\/www.diarioimagen.net\/?p=259756"},"modified":"2016-03-11T04:30:06","modified_gmt":"2016-03-11T10:30:06","slug":"cu-texcoco-de-uaem-realizo-foro-internacional-de-la-mujer","status":"publish","type":"post","link":"https:\/\/www.diarioimagen.net\/?p=259756","title":{"rendered":"CU Texcoco de UAEM realiz\u00f3 Foro Internacional de la Mujer"},"content":{"rendered":"<div id=\"attachment_259850\" style=\"width: 430px\" class=\"wp-caption aligncenter\"><a href=\"http:\/\/www.diarioimagen.net\/?attachment_id=259850\" rel=\"attachment wp-att-259850\"><img loading=\"lazy\" decoding=\"async\" aria-describedby=\"caption-attachment-259850\" class=\"size-large wp-image-259850\" src=\"http:\/\/www.diarioimagen.net\/wp-content\/uploads\/2016\/03\/UAEM-2823-420x236.jpg\" alt=\"Autoridades har\u00e1n un frente com\u00fan para abatir incendios forestales que da\u00f1an el pulm\u00f3n verde m\u00e1s importante del Valle de M\u00e9xico, la Sierra de Guadalupe.\" width=\"420\" height=\"236\" srcset=\"https:\/\/www.diarioimagen.net\/wp-content\/uploads\/2016\/03\/UAEM-2823-420x236.jpg 420w, https:\/\/www.diarioimagen.net\/wp-content\/uploads\/2016\/03\/UAEM-2823-240x135.jpg 240w, https:\/\/www.diarioimagen.net\/wp-content\/uploads\/2016\/03\/UAEM-2823-235x132.jpg 235w, https:\/\/www.diarioimagen.net\/wp-content\/uploads\/2016\/03\/UAEM-2823-202x114.jpg 202w, https:\/\/www.diarioimagen.net\/wp-content\/uploads\/2016\/03\/UAEM-2823-350x196.jpg 350w, https:\/\/www.diarioimagen.net\/wp-content\/uploads\/2016\/03\/UAEM-2823-220x123.jpg 220w, https:\/\/www.diarioimagen.net\/wp-content\/uploads\/2016\/03\/UAEM-2823-237x132.jpg 237w, https:\/\/www.diarioimagen.net\/wp-content\/uploads\/2016\/03\/UAEM-2823.jpg 480w\" sizes=\"auto, (max-width: 420px) 100vw, 420px\" \/><\/a><p id=\"caption-attachment-259850\" class=\"wp-caption-text\">Autoridades har\u00e1n un frente com\u00fan para abatir incendios forestales que da\u00f1an el pulm\u00f3n verde m\u00e1s importante del Valle de M\u00e9xico, la Sierra de Guadalupe.<\/p><\/div>\n<p>&nbsp;<\/p>\n<p>Con el objetivo de difundir los derechos de las mujeres, al tiempo de propiciar el estudio, reflexi\u00f3n y an\u00e1lisis de su condici\u00f3n actual e hist\u00f3rica, el Centro Universitario Texcoco de la Universidad Aut\u00f3noma del Estado de M\u00e9xico, llev\u00f3 a cabo el Cuarto Foro Internacional de la Mujer \u201cMujeres en prospectiva\u201d, inaugurado por el director de este espacio universitario, Ricardo Col\u00edn Garc\u00eda.<\/p>\n","protected":false},"excerpt":{"rendered":"<p>Con el objetivo de difundir los derechos de las mujeres, al tiempo de propiciar el estudio, reflexi\u00f3n y an\u00e1lisis de su condici\u00f3n actual e hist\u00f3rica, el Centro Universitario Texcoco de la Universidad Aut\u00f3noma del Estado de M\u00e9xico, llev\u00f3 a cabo el Cuarto Foro Internacional de la Mujer \u201cMujeres en prospectiva\u201d, inaugurado por el director de este espacio universitario, Ricardo Col\u00edn Garc\u00eda.<\/p>\n","protected":false},"author":3,"featured_media":259850,"comment_status":"open","ping_status":"open","sticky":false,"template":"","format":"standard","meta":{"_monsterinsights_skip_tracking":false,"_monsterinsights_sitenote_active":false,"_monsterinsights_sitenote_note":"","_monsterinsights_sitenote_category":0,"footnotes":""},"categories":[35155],"tags":[540,1491],"class_list":["post-259756","post","type-post","status-publish","format-standard","has-post-thumbnail","hentry","category-estado-de-mexico-estado-de-mexico","tag-texcoco","tag-uaem"],"_links":{"self":[{"href":"https:\/\/www.diarioimagen.net\/index.php?rest_route=\/wp\/v2\/posts\/259756","targetHints":{"allow":["GET"]}}],"collection":[{"href":"https:\/\/www.diarioimagen.net\/index.php?rest_route=\/wp\/v2\/posts"}],"about":[{"href":"https:\/\/www.diarioimagen.net\/index.php?rest_route=\/wp\/v2\/types\/post"}],"author":[{"embeddable":true,"href":"https:\/\/www.diarioimagen.net\/index.php?rest_route=\/wp\/v2\/users\/3"}],"replies":[{"embeddable":true,"href":"https:\/\/www.diarioimagen.net\/index.php?rest_route=%2Fwp%2Fv2%2Fcomments&post=259756"}],"version-history":[{"count":0,"href":"https:\/\/www.diarioimagen.net\/index.php?rest_route=\/wp\/v2\/posts\/259756\/revisions"}],"wp:featuredmedia":[{"embeddable":true,"href":"https:\/\/www.diarioimagen.net\/index.php?rest_route=\/wp\/v2\/media\/259850"}],"wp:attachment":[{"href":"https:\/\/www.diarioimagen.net\/index.php?rest_route=%2Fwp%2Fv2%2Fmedia&parent=259756"}],"wp:term":[{"taxonomy":"category","embeddable":true,"href":"https:\/\/www.diarioimagen.net\/index.php?rest_route=%2Fwp%2Fv2%2Fcategories&post=259756"},{"taxonomy":"post_tag","embeddable":true,"href":"https:\/\/www.diarioimagen.net\/index.php?rest_route=%2Fwp%2Fv2%2Ftags&post=259756"}],"curies":[{"name":"wp","href":"https:\/\/api.w.org\/{rel}","templated":true}]}}