{"id":259771,"date":"2016-03-11T00:09:44","date_gmt":"2016-03-11T06:09:44","guid":{"rendered":"http:\/\/www.diarioimagen.net\/?p=259771"},"modified":"2016-03-11T04:59:06","modified_gmt":"2016-03-11T10:59:06","slug":"segob-pide-castigo-por-espectaculares-inseguros","status":"publish","type":"post","link":"https:\/\/www.diarioimagen.net\/?p=259771","title":{"rendered":"Segob pide castigo por espectaculares inseguros"},"content":{"rendered":"<ul>\n<li><strong><em>Revisar todos los anuncios<\/em><\/strong><\/li>\n<\/ul>\n<p>&nbsp;<\/p>\n<div id=\"attachment_259878\" style=\"width: 430px\" class=\"wp-caption aligncenter\"><a href=\"http:\/\/www.diarioimagen.net\/?attachment_id=259878\" rel=\"attachment wp-att-259878\"><img loading=\"lazy\" decoding=\"async\" aria-describedby=\"caption-attachment-259878\" class=\"size-large wp-image-259878\" src=\"http:\/\/www.diarioimagen.net\/wp-content\/uploads\/2016\/03\/espectacular-2823-420x236.jpg\" alt=\"Un anuncio espectacular cay\u00f3 el pasado mi\u00e9rcoles sobre dos autos en Metepec, Estado de M\u00e9xico, con saldo de 5 personas lesionadas.\" width=\"420\" height=\"236\" srcset=\"https:\/\/www.diarioimagen.net\/wp-content\/uploads\/2016\/03\/espectacular-2823-420x236.jpg 420w, https:\/\/www.diarioimagen.net\/wp-content\/uploads\/2016\/03\/espectacular-2823-240x135.jpg 240w, https:\/\/www.diarioimagen.net\/wp-content\/uploads\/2016\/03\/espectacular-2823-235x132.jpg 235w, https:\/\/www.diarioimagen.net\/wp-content\/uploads\/2016\/03\/espectacular-2823-202x114.jpg 202w, https:\/\/www.diarioimagen.net\/wp-content\/uploads\/2016\/03\/espectacular-2823-350x196.jpg 350w, https:\/\/www.diarioimagen.net\/wp-content\/uploads\/2016\/03\/espectacular-2823-220x123.jpg 220w, https:\/\/www.diarioimagen.net\/wp-content\/uploads\/2016\/03\/espectacular-2823-237x132.jpg 237w, https:\/\/www.diarioimagen.net\/wp-content\/uploads\/2016\/03\/espectacular-2823.jpg 480w\" sizes=\"auto, (max-width: 420px) 100vw, 420px\" \/><\/a><p id=\"caption-attachment-259878\" class=\"wp-caption-text\">Un anuncio espectacular cay\u00f3 el pasado mi\u00e9rcoles sobre dos autos en Metepec, Estado de M\u00e9xico, con saldo de 5 personas lesionadas.<\/p><\/div>\n<p>&nbsp;<\/p>\n<p>La Secretar\u00eda de Gobernaci\u00f3n, a trav\u00e9s de la Coordinaci\u00f3n Nacional de Protecci\u00f3n Civil, demand\u00f3 a las \u00e1reas de protecci\u00f3n civil de todo el pa\u00eds a realizar una revisi\u00f3n permanente de todos los anuncios espectaculares.<\/p>\n<p>Luego de que el mi\u00e9rcoles se viraliz\u00f3 un video en el que se aprecia en forma dram\u00e1tica c\u00f3mo un gran anuncio espectacular cae sobre dos autos en Metepec, Estado de M\u00e9xico, con saldo de 5 personas lesionadas \u2012una est\u00e1 grave y las otras ya salieron del hospital\u2012, Luis Felipe Puente, coordinador nacional de Protecci\u00f3n Civil de la Segob, demand\u00f3 castigo para las empresas que arriesguen la vida de las personas, con la colocaci\u00f3n de anuncios espectaculares que no cumplan con las normas m\u00ednimas de seguridad.<\/p>\n<p>El funcionario federal asegur\u00f3 que ya fueron girados oficios a los titulares de Protecci\u00f3n Civil en las 32 entidades del pa\u00eds para que se suspendan y se retiren los espectaculares inseguros.<\/p>\n<p>Que se haga una revisi\u00f3n permanente en todos los espectaculares del todo el pa\u00eds, que garanticen (resistencia a) r\u00e1fagas de viento no solamente de 80, sino de 100 kil\u00f3metros por hora, que es lo que m\u00ednimo que deben tener los espectaculares para poder garantizar la vida de las personas.<\/p>\n<p>Hay empresas serias que no se les ha ca\u00eddo ni un solo espectacular, pero sabemos de muchas otras que no tienen esta responsabilidad y que deben ser castigadas no solamente retirando sus espectaculares; si tuvieron da\u00f1os, hay que afectarles con los pagos de los costos que hayan afectado a las personas\u201d, advirti\u00f3 Puente Espinosa.<\/p>\n","protected":false},"excerpt":{"rendered":"<p>La Secretar\u00eda de Gobernaci\u00f3n, a trav\u00e9s de la Coordinaci\u00f3n Nacional de Protecci\u00f3n Civil, demand\u00f3 a las \u00e1reas de protecci\u00f3n civil de todo el pa\u00eds a realizar una revisi\u00f3n permanente de todos los anuncios espectaculares. Luego de que el mi\u00e9rcoles se viraliz\u00f3 un video en el que se aprecia en forma dram\u00e1tica c\u00f3mo un gran anuncio espectacular cae sobre dos autos en Metepec, Estado de M\u00e9xico, con saldo de 5 personas lesionadas \u2012una est\u00e1 grave y las otras ya salieron del hospital\u2012, Luis Felipe Puente, coordinador nacional de Protecci\u00f3n Civil de la Segob, demand\u00f3 castigo para las empresas que arriesguen la vida de las personas, con la colocaci\u00f3n de anuncios espectaculares que no cumplan con las normas m\u00ednimas de seguridad.<\/p>\n","protected":false},"author":3,"featured_media":259878,"comment_status":"open","ping_status":"open","sticky":false,"template":"","format":"standard","meta":{"_monsterinsights_skip_tracking":false,"_monsterinsights_sitenote_active":false,"_monsterinsights_sitenote_note":"","_monsterinsights_sitenote_category":0,"footnotes":""},"categories":[3],"tags":[43673,702],"class_list":["post-259771","post","type-post","status-publish","format-standard","has-post-thumbnail","hentry","category-nacional","tag-nacional","tag-segob"],"_links":{"self":[{"href":"https:\/\/www.diarioimagen.net\/index.php?rest_route=\/wp\/v2\/posts\/259771","targetHints":{"allow":["GET"]}}],"collection":[{"href":"https:\/\/www.diarioimagen.net\/index.php?rest_route=\/wp\/v2\/posts"}],"about":[{"href":"https:\/\/www.diarioimagen.net\/index.php?rest_route=\/wp\/v2\/types\/post"}],"author":[{"embeddable":true,"href":"https:\/\/www.diarioimagen.net\/index.php?rest_route=\/wp\/v2\/users\/3"}],"replies":[{"embeddable":true,"href":"https:\/\/www.diarioimagen.net\/index.php?rest_route=%2Fwp%2Fv2%2Fcomments&post=259771"}],"version-history":[{"count":0,"href":"https:\/\/www.diarioimagen.net\/index.php?rest_route=\/wp\/v2\/posts\/259771\/revisions"}],"wp:featuredmedia":[{"embeddable":true,"href":"https:\/\/www.diarioimagen.net\/index.php?rest_route=\/wp\/v2\/media\/259878"}],"wp:attachment":[{"href":"https:\/\/www.diarioimagen.net\/index.php?rest_route=%2Fwp%2Fv2%2Fmedia&parent=259771"}],"wp:term":[{"taxonomy":"category","embeddable":true,"href":"https:\/\/www.diarioimagen.net\/index.php?rest_route=%2Fwp%2Fv2%2Fcategories&post=259771"},{"taxonomy":"post_tag","embeddable":true,"href":"https:\/\/www.diarioimagen.net\/index.php?rest_route=%2Fwp%2Fv2%2Ftags&post=259771"}],"curies":[{"name":"wp","href":"https:\/\/api.w.org\/{rel}","templated":true}]}}