{"id":259779,"date":"2016-03-11T00:08:07","date_gmt":"2016-03-11T06:08:07","guid":{"rendered":"http:\/\/www.diarioimagen.net\/?p=259779"},"modified":"2016-03-11T05:00:14","modified_gmt":"2016-03-11T11:00:14","slug":"apoyo-a-estados-afectados-por-la-tormenta-invernal-11","status":"publish","type":"post","link":"https:\/\/www.diarioimagen.net\/?p=259779","title":{"rendered":"Apoyo a estados afectados por la tormenta invernal 11"},"content":{"rendered":"<ul>\n<li><strong><em>Instrucciones del Presidente<\/em><\/strong><\/li>\n<\/ul>\n<p>&nbsp;<\/p>\n<div id=\"attachment_259883\" style=\"width: 430px\" class=\"wp-caption aligncenter\"><a href=\"http:\/\/www.diarioimagen.net\/?attachment_id=259883\" rel=\"attachment wp-att-259883\"><img loading=\"lazy\" decoding=\"async\" aria-describedby=\"caption-attachment-259883\" class=\"size-large wp-image-259883\" src=\"http:\/\/www.diarioimagen.net\/wp-content\/uploads\/2016\/03\/AFECTADOS-2823-420x236.jpg\" alt=\"El Sistema Nacional de Protecci\u00f3n Civil trabaja en coordinaci\u00f3n con los estados afectados por la onceava tormenta invernal que afecta a gran parte del pa\u00eds.\" width=\"420\" height=\"236\" srcset=\"https:\/\/www.diarioimagen.net\/wp-content\/uploads\/2016\/03\/AFECTADOS-2823-420x236.jpg 420w, https:\/\/www.diarioimagen.net\/wp-content\/uploads\/2016\/03\/AFECTADOS-2823-240x135.jpg 240w, https:\/\/www.diarioimagen.net\/wp-content\/uploads\/2016\/03\/AFECTADOS-2823-235x132.jpg 235w, https:\/\/www.diarioimagen.net\/wp-content\/uploads\/2016\/03\/AFECTADOS-2823-202x114.jpg 202w, https:\/\/www.diarioimagen.net\/wp-content\/uploads\/2016\/03\/AFECTADOS-2823-350x196.jpg 350w, https:\/\/www.diarioimagen.net\/wp-content\/uploads\/2016\/03\/AFECTADOS-2823-220x123.jpg 220w, https:\/\/www.diarioimagen.net\/wp-content\/uploads\/2016\/03\/AFECTADOS-2823-237x132.jpg 237w, https:\/\/www.diarioimagen.net\/wp-content\/uploads\/2016\/03\/AFECTADOS-2823.jpg 480w\" sizes=\"auto, (max-width: 420px) 100vw, 420px\" \/><\/a><p id=\"caption-attachment-259883\" class=\"wp-caption-text\">El Sistema Nacional de Protecci\u00f3n Civil trabaja en coordinaci\u00f3n con los estados afectados por la onceava tormenta invernal que afecta a gran parte del pa\u00eds.<\/p><\/div>\n<p>&nbsp;<\/p>\n<p>El secretario de Gobernaci\u00f3n, Miguel \u00c1ngel Osorio Chong, afirm\u00f3 que por instrucci\u00f3n del presidente Enrique Pe\u00f1a Nieto, el Sistema Nacional de Protecci\u00f3n Civil trabaja en coordinaci\u00f3n con los estados afectados por la tormenta invernal.<\/p>\n<p>A trav\u00e9s de su cuenta de Twitter @osoriochong, se\u00f1al\u00f3 que \u201cPor instrucci\u00f3n del Pdte. @EPN el Sistema Nacional de PC contin\u00faa trabajando en coordinaci\u00f3n con estados afectados por la #TormentaInvernal\u201d.<\/p>\n<p>De acuerdo con el blog del gobierno, la Secretar\u00eda de Gobernaci\u00f3n public\u00f3 12 recomendaciones para afrontar la tormenta invernal: #PrevenirEsVivir.<\/p>\n<p>Entre las recomendaciones se encuentran: V\u00edstete con el m\u00e9todo de la cebolla, c\u00fabrete con varias prendas, no s\u00f3lo te calientan mejor que una ropa gruesa, sino que podr\u00e1s acondicionarte de acuerdo al lugar donde te encuentres.<\/p>\n<p>Tomar l\u00edquidos calientes y beber mucha agua, preferiblemente al tiempo, mantener la hidrataci\u00f3n corporal permite que el cuerpo regule mejor su temperatura; evitar los cambios frecuentes de temperatura de lugares donde te encuentres con aire acondicionado a espacios a la intemperie. Al salir de un lugar caliente cubrirse boca y nariz.<\/p>\n<p>Utilizar la calefacci\u00f3n en forma moderada para que los cambios de temperatura con el exterior no sean muy bruscos. En caso de usar alg\u00fan calefactor, horno o chimenea mant\u00e9n una ventilaci\u00f3n adecuada para evitar intoxicaciones por mon\u00f3xido de carbono y evitar el uso de anafres o braseros dentro de lugares cerrados.<\/p>\n<p>Prestar atenci\u00f3n especial a ni\u00f1as y ni\u00f1os menores de 5 a\u00f1os, a personas adultas mayores; apoyar a personas en situaci\u00f3n de calle que necesitan abrigo y atenci\u00f3n ante las bajas temperaturas; proteger a las mascotas, tambi\u00e9n son susceptibles al fr\u00edo.<\/p>\n<p>En momentos extremadamente fr\u00edos y\/o con vientos fuertes, limitar la cantidad de tiempo al aire libre, ya que las exposiciones prolongadas al aire fr\u00edo hace que se esfuerce m\u00e1s el coraz\u00f3n o la presi\u00f3n arterial suba demasiado.<\/p>\n<p>En la calle, prestar atenci\u00f3n al cableado el\u00e9ctrico, \u00e1rboles as\u00ed como a espectaculares o bardas que por las rachas de viento puedan caer. Resguardate en sitios seguros; si conduces ten paciencia y disminuye la velocidad del auto para evitar accidentes. No distraigas tu atenci\u00f3n, recuerda que el pavimento mojado se vuelve resbaladizo.<\/p>\n<p>Por \u00faltimo, sugiri\u00f3 evitar transitar en caminos nevados o congelados. Si entras en una zona de hielo o nieve conduce a baja velocidad. Enciende las luces intermitentes para indicar la disminuci\u00f3n de velocidad.<\/p>\n<p>Resalt\u00f3 que ante la probabilidad de tormentas severas con actividad el\u00e9ctrica, vientos fuertes y granizadas, de vientos fuertes, tolvaneras y remolinos evita refugiarte en lugares techados con material endeble. Si se presenta nieve en zonas monta\u00f1osas sigue las recomendaciones de protecci\u00f3n civil.<\/p>\n<p>Asimismo, pidi\u00f3 compartir esta informaci\u00f3n para que m\u00e1s personas implementen medidas de autoprotecci\u00f3n.<\/p>\n<p>La Coordinaci\u00f3n Nacional de Protecci\u00f3n Civil mantiene permanente comunicaci\u00f3n con las autoridades de Protecci\u00f3n Civil estatales, para la coordinaci\u00f3n de las posibles medidas de seguridad que se consideren necesarias para disminuir efectos adversos en la poblaci\u00f3n ante los diferentes fen\u00f3menos que se experimentar\u00e1n estos d\u00edas, puntualiz\u00f3.<\/p>\n<p style=\"text-align: center;\"><strong>Temperaturas de hasta 4 grados bajo cero en Zacatecas<\/strong><\/p>\n<p>El fr\u00edo azota la mayor parte del territorio estatal, tras la nevada registrada la v\u00edspera en 31 municipios, donde hoy se reportan temperaturas m\u00ednimas de hasta cuatro grados bajo cero.<\/p>\n<p>De acuerdo con el reporte meteorol\u00f3gico que la Comisi\u00f3n Nacional del Agua (Conagua) Zacatecas dio a conocer esta ma\u00f1ana que el fr\u00edo m\u00e1s intenso tiene lugar en el municipio de Joaqu\u00edn Amaro.<\/p>\n<p><strong><br \/>\n<\/strong><\/p>\n<p>&nbsp;<\/p>\n","protected":false},"excerpt":{"rendered":"<p>El secretario de Gobernaci\u00f3n, Miguel \u00c1ngel Osorio Chong, afirm\u00f3 que poinstrucci\u00f3n del presidente Enrique Pe\u00f1a Nieto, el Sistema Nacional de Protecci\u00f3n Civil trabaja en coordinaci\u00f3n con los estados afectados por la tormenta invernal. A trav\u00e9s de su cuenta de Twitter @osoriochong, se\u00f1al\u00f3 que \u201cPor instrucci\u00f3n del Pdte. @EPN el Sistema Nacional de PC contin\u00faa trabajando en coordinaci\u00f3n con estados afectados por la #TormentaInvernal\u201d.<\/p>\n","protected":false},"author":3,"featured_media":259883,"comment_status":"open","ping_status":"open","sticky":false,"template":"","format":"standard","meta":{"_monsterinsights_skip_tracking":false,"_monsterinsights_sitenote_active":false,"_monsterinsights_sitenote_note":"","_monsterinsights_sitenote_category":0,"footnotes":""},"categories":[3],"tags":[702,29181,53],"class_list":["post-259779","post","type-post","status-publish","format-standard","has-post-thumbnail","hentry","category-nacional","tag-segob","tag-tormenta-invernal","tag-zacatecas"],"_links":{"self":[{"href":"https:\/\/www.diarioimagen.net\/index.php?rest_route=\/wp\/v2\/posts\/259779","targetHints":{"allow":["GET"]}}],"collection":[{"href":"https:\/\/www.diarioimagen.net\/index.php?rest_route=\/wp\/v2\/posts"}],"about":[{"href":"https:\/\/www.diarioimagen.net\/index.php?rest_route=\/wp\/v2\/types\/post"}],"author":[{"embeddable":true,"href":"https:\/\/www.diarioimagen.net\/index.php?rest_route=\/wp\/v2\/users\/3"}],"replies":[{"embeddable":true,"href":"https:\/\/www.diarioimagen.net\/index.php?rest_route=%2Fwp%2Fv2%2Fcomments&post=259779"}],"version-history":[{"count":0,"href":"https:\/\/www.diarioimagen.net\/index.php?rest_route=\/wp\/v2\/posts\/259779\/revisions"}],"wp:featuredmedia":[{"embeddable":true,"href":"https:\/\/www.diarioimagen.net\/index.php?rest_route=\/wp\/v2\/media\/259883"}],"wp:attachment":[{"href":"https:\/\/www.diarioimagen.net\/index.php?rest_route=%2Fwp%2Fv2%2Fmedia&parent=259779"}],"wp:term":[{"taxonomy":"category","embeddable":true,"href":"https:\/\/www.diarioimagen.net\/index.php?rest_route=%2Fwp%2Fv2%2Fcategories&post=259779"},{"taxonomy":"post_tag","embeddable":true,"href":"https:\/\/www.diarioimagen.net\/index.php?rest_route=%2Fwp%2Fv2%2Ftags&post=259779"}],"curies":[{"name":"wp","href":"https:\/\/api.w.org\/{rel}","templated":true}]}}