{"id":259787,"date":"2016-03-11T00:05:38","date_gmt":"2016-03-11T06:05:38","guid":{"rendered":"http:\/\/www.diarioimagen.net\/?p=259787"},"modified":"2016-03-13T23:29:30","modified_gmt":"2016-03-14T05:29:30","slug":"campo-sector-estrategico-para-crecimiento-sagarpa","status":"publish","type":"post","link":"https:\/\/www.diarioimagen.net\/?p=259787","title":{"rendered":"Campo, sector estrat\u00e9gico para crecimiento: Sagarpa"},"content":{"rendered":"<ul>\n<li><strong><em>Defiende Calzada a migrantes<\/em><\/strong><\/li>\n<\/ul>\n<p>&nbsp;<\/p>\n<div id=\"attachment_259860\" style=\"width: 430px\" class=\"wp-caption aligncenter\"><a href=\"http:\/\/www.diarioimagen.net\/?attachment_id=259860\" rel=\"attachment wp-att-259860\"><img loading=\"lazy\" decoding=\"async\" aria-describedby=\"caption-attachment-259860\" class=\"size-large wp-image-259860\" src=\"http:\/\/www.diarioimagen.net\/wp-content\/uploads\/2016\/03\/campo-2823-420x236.jpg\" alt=\"Jos\u00e9 Calzada Rovirosa lament\u00f3 la postura del precandidato republicano al gobierno de Estados Unidos, Donald Trump, sobre la importancia y la competitividad de los productores del campo mexicano.\" width=\"420\" height=\"236\" srcset=\"https:\/\/www.diarioimagen.net\/wp-content\/uploads\/2016\/03\/campo-2823-420x236.jpg 420w, https:\/\/www.diarioimagen.net\/wp-content\/uploads\/2016\/03\/campo-2823-240x135.jpg 240w, https:\/\/www.diarioimagen.net\/wp-content\/uploads\/2016\/03\/campo-2823-235x132.jpg 235w, https:\/\/www.diarioimagen.net\/wp-content\/uploads\/2016\/03\/campo-2823-202x114.jpg 202w, https:\/\/www.diarioimagen.net\/wp-content\/uploads\/2016\/03\/campo-2823-350x196.jpg 350w, https:\/\/www.diarioimagen.net\/wp-content\/uploads\/2016\/03\/campo-2823-220x123.jpg 220w, https:\/\/www.diarioimagen.net\/wp-content\/uploads\/2016\/03\/campo-2823-237x132.jpg 237w, https:\/\/www.diarioimagen.net\/wp-content\/uploads\/2016\/03\/campo-2823.jpg 480w\" sizes=\"auto, (max-width: 420px) 100vw, 420px\" \/><\/a><p id=\"caption-attachment-259860\" class=\"wp-caption-text\">Jos\u00e9 Calzada Rovirosa lament\u00f3 la postura del precandidato republicano al gobierno de Estados Unidos, Donald Trump, sobre la importancia y la competitividad de los productores del campo mexicano.<\/p><\/div>\n<p>&nbsp;<\/p>\n<p>El secretario de Agricultura, Jos\u00e9 Calzada Rovirosa, lament\u00f3 la postura del precandidato republicano al gobierno de Estados Unidos, Donald Trump, sobre la importancia y la competitividad de los productores del campo mexicano en el mercado estadunidense.<\/p>\n<p>Ante las declaraciones de Trum en contra de los migrantes, el funcionario federal defendi\u00f3 la aportaci\u00f3n de los trabajadores y jornaleros agr\u00edcolas mexicanos a Estados Unidos, y pidi\u00f3 respeto para ellos ya que \u201chacen una gran contribuci\u00f3n a la econom\u00eda de aquel pa\u00eds\u201d.<\/p>\n<p>En una reuni\u00f3n de trabajo con la Comisi\u00f3n de Agricultura del Senado record\u00f3 que \u201clos mexicanos de primera, segunda y tercera generaci\u00f3n generan aproximadamente el ocho por ciento del Producto Interno Bruto de los Estados Unidos y los mexicanos que trabajan en los campos agr\u00edcolas de ese pa\u00eds hacen una contribuci\u00f3n aproximadamente de 50 mil millones de d\u00f3lares\u201d.<\/p>\n<p>\u201cLas declaraciones que hemos visto, que hemos escuchado \u00faltimamente del se\u00f1or Trump me parece que son racistas, excluyentes y hablan de una gente que es completamente ignorante a la gran contribuci\u00f3n que hacen los mexicanos en su pa\u00eds\u201d, expres\u00f3.<\/p>\n<p>El titular de la Secretar\u00eda de Agricultura, Ganader\u00eda, Desarrollo Rural, Pesca y Alimentaci\u00f3n (Sagarpa) expuso que este pa\u00eds tiene una balanza comercial agroalimentaria superavitaria de mil 600 millones de d\u00f3lares, respecto al resto del mundo.<\/p>\n<p>Subray\u00f3 que los mexicanos \u201cjugamos bajo reglas claras con Estados Unidos y con el resto del mundo y en el \u00e1mbito agropecuario en donde ten\u00edamos circunstancias de desventaja antes, hoy tenemos una condici\u00f3n de ventaja clara\u201d.<\/p>\n<p>Indic\u00f3 que \u201cagravian las declaraciones de Trump, porque lo que demuestran es que es una persona racista, excluyente. Pero tambi\u00e9n un ignorante de las cosas, pues M\u00e9xico ocupa ese lugar gracias a su esfuerzo y no a una concesi\u00f3n\u201d.<\/p>\n<p>Calzada Rovirosa subray\u00f3 que el campo se convirti\u00f3 ya en un sector estrat\u00e9gico para M\u00e9xico, pues por primera ocasi\u00f3n en muchos a\u00f1os se alz\u00f3 como palanca fundamental para el crecimiento y el desarrollo econ\u00f3mico del pa\u00eds.<\/p>\n<p>Destac\u00f3 que ese rubro se coloc\u00f3 por encima de las remesas que en 2015 se cuantificaron en 24 mil 771 millones de d\u00f3lares, de las exportaciones petroleras, estimadas en 23 mil 433 millones de d\u00f3lares, y de los ingresos por turismo, con 17 mil 457 millones de d\u00f3lares.<\/p>\n<p>\u201cEl sector agroalimentario pas\u00f3 de importante a estrat\u00e9gico. \u00bfPor qu\u00e9 decimos eso? porque hoy el valor de las exportaciones agroalimentarias supera al valor de las remesas, al valor de las exportaciones petroleras y tambi\u00e9n al valor de los ingresos por concepto de turismo.<\/p>\n<p>Esto quiere decir 26 mil 600 millones de d\u00f3lares que exportamos nosotros, contra 24 mil 700 millones de d\u00f3lares que recibimos por concepto de remesas, resalt\u00f3 el funcionario federal.<\/p>\n<p>Argument\u00f3 que M\u00e9xico es el duod\u00e9cimo productor de alimentos en el mundo, aunque advirti\u00f3 que la econom\u00eda nacional necesita crecer al cuatro por ciento en los pr\u00f3ximos siete a\u00f1os, para que M\u00e9xico entre al top ten de productores de alimentos.<\/p>\n<p>Expuso que la Secretar\u00eda de Agricultura, Ganader\u00eda, Desarrollo Rural, Pesca y Alimentaci\u00f3n (Sagarpa) s\u00f3lo debe a productores del campo por apoyos de Aserca, Proagro y Progran poco m\u00e1s de 600 millones de un total de nueve mil 100 millones de pesos.<\/p>\n<p>El titular de la dependencia enfatiz\u00f3 que el campo mexicano no debe cuantificarse en blancos y negros, sino por su contribuci\u00f3n social, pues tiene un valor de m\u00e1s de 93 millones de d\u00f3lares y da empleo a7 millones de personas.<\/p>\n<p>&nbsp;<\/p>\n","protected":false},"excerpt":{"rendered":"<p>El secretario de Agricultura, Jos\u00e9 Calzada Rovirosa, lament\u00f3 la postura del precandidato republicano al gobierno de Estados Unidos, Donald Trump, sobre la importancia y la competitividad de los productores del campo mexicano en el mercado estadunidense.<\/p>\n","protected":false},"author":3,"featured_media":259860,"comment_status":"open","ping_status":"open","sticky":false,"template":"","format":"standard","meta":{"_monsterinsights_skip_tracking":false,"_monsterinsights_sitenote_active":false,"_monsterinsights_sitenote_note":"","_monsterinsights_sitenote_category":0,"footnotes":""},"categories":[3],"tags":[16006,685,43673,20091],"class_list":["post-259787","post","type-post","status-publish","format-standard","has-post-thumbnail","hentry","category-nacional","tag-campo","tag-jose-calzada-rovirosa","tag-nacional","tag-sagarpa"],"_links":{"self":[{"href":"https:\/\/www.diarioimagen.net\/index.php?rest_route=\/wp\/v2\/posts\/259787","targetHints":{"allow":["GET"]}}],"collection":[{"href":"https:\/\/www.diarioimagen.net\/index.php?rest_route=\/wp\/v2\/posts"}],"about":[{"href":"https:\/\/www.diarioimagen.net\/index.php?rest_route=\/wp\/v2\/types\/post"}],"author":[{"embeddable":true,"href":"https:\/\/www.diarioimagen.net\/index.php?rest_route=\/wp\/v2\/users\/3"}],"replies":[{"embeddable":true,"href":"https:\/\/www.diarioimagen.net\/index.php?rest_route=%2Fwp%2Fv2%2Fcomments&post=259787"}],"version-history":[{"count":0,"href":"https:\/\/www.diarioimagen.net\/index.php?rest_route=\/wp\/v2\/posts\/259787\/revisions"}],"wp:featuredmedia":[{"embeddable":true,"href":"https:\/\/www.diarioimagen.net\/index.php?rest_route=\/wp\/v2\/media\/259860"}],"wp:attachment":[{"href":"https:\/\/www.diarioimagen.net\/index.php?rest_route=%2Fwp%2Fv2%2Fmedia&parent=259787"}],"wp:term":[{"taxonomy":"category","embeddable":true,"href":"https:\/\/www.diarioimagen.net\/index.php?rest_route=%2Fwp%2Fv2%2Fcategories&post=259787"},{"taxonomy":"post_tag","embeddable":true,"href":"https:\/\/www.diarioimagen.net\/index.php?rest_route=%2Fwp%2Fv2%2Ftags&post=259787"}],"curies":[{"name":"wp","href":"https:\/\/api.w.org\/{rel}","templated":true}]}}