{"id":259927,"date":"2016-03-14T00:08:04","date_gmt":"2016-03-14T06:08:04","guid":{"rendered":"http:\/\/www.diarioimagen.net\/?p=259927"},"modified":"2016-03-14T01:07:24","modified_gmt":"2016-03-14T07:07:24","slug":"gasto-de-familias-y-empresas-impulsa-crecimiento","status":"publish","type":"post","link":"https:\/\/www.diarioimagen.net\/?p=259927","title":{"rendered":"El gasto de las familias impulsa al crecimiento"},"content":{"rendered":"<ul>\n<li><strong><em>En el primer trimestre<\/em><\/strong><\/li>\n<\/ul>\n<p>&nbsp;<\/p>\n<div id=\"attachment_259928\" style=\"width: 430px\" class=\"wp-caption aligncenter\"><a href=\"http:\/\/www.diarioimagen.net\/?attachment_id=259928\" rel=\"attachment wp-att-259928\"><img loading=\"lazy\" decoding=\"async\" aria-describedby=\"caption-attachment-259928\" class=\"wp-image-259928 size-large\" src=\"http:\/\/www.diarioimagen.net\/wp-content\/uploads\/2016\/03\/CRECIMIENTO-portal-420x245.jpg\" alt=\"La actividad econ\u00f3mica en nuestro pa\u00eds se mantiene en crecimiento apoyada en el gasto de las familias y las empresas, seg\u00fan cifras del primer trimestre de 2016.\" width=\"420\" height=\"245\" srcset=\"https:\/\/www.diarioimagen.net\/wp-content\/uploads\/2016\/03\/CRECIMIENTO-portal-420x245.jpg 420w, https:\/\/www.diarioimagen.net\/wp-content\/uploads\/2016\/03\/CRECIMIENTO-portal-240x140.jpg 240w, https:\/\/www.diarioimagen.net\/wp-content\/uploads\/2016\/03\/CRECIMIENTO-portal.jpg 480w\" sizes=\"auto, (max-width: 420px) 100vw, 420px\" \/><\/a><p id=\"caption-attachment-259928\" class=\"wp-caption-text\">La actividad econ\u00f3mica en nuestro pa\u00eds se mantiene en crecimiento, apoyada en el gasto de las familias y las empresas, seg\u00fan cifras del primer trimestre de 2016.<\/p><\/div>\n<p>&nbsp;<\/p>\n<p>La actividad econ\u00f3mica en M\u00e9xico se mantiene en crecimiento, apoyada en el gasto de las familias y las empresas, mientras que la econom\u00eda de Estados Unidos se fortalece, destac\u00f3 Grupo Financiero Santander.<\/p>\n<p>La instituci\u00f3n financiera resalta que la evoluci\u00f3n de la actividad econ\u00f3mica en los primeros tres meses de 2016 se apoya de nuevo fundamental en el gasto privado, tanto de consumo como de inversi\u00f3n.<\/p>\n<p>Estima que el empleo formal sigue su crecimiento e incluso el primer bimestre fue mejor que el de hace un a\u00f1o, mientras que la demanda de cr\u00e9dito tanto de familias como de empresas sigue su mejor\u00eda.<\/p>\n<p>Se\u00f1ala que los gastos de los consumidores muestran un de\u00adsempe\u00f1o positivo, en l\u00ednea con lo observado a lo largo de 2015 y que se aceler\u00f3 en los meses recientes.<\/p>\n<p>Afirma que las ventas de la cadena de tiendas Walmart y de los afiliados a la Asociaci\u00f3n Nacional de Tiendas de Autoservicio y Departamentales registran crecimientos notables en el primer bimestre del a\u00f1o, y se espera un trimestre muy positivo dado el efecto estacional de marzo con un mayor n\u00famero de d\u00edas feriados.<\/p>\n<p>A ello se suman indicadores como venta interna de veh\u00edculos, que en los primeros dos meses del a\u00f1o muestran crecimientos anuales de dos d\u00edgitos, pese a la elevada base de comparaci\u00f3n de 2015.<\/p>\n<p>En su opini\u00f3n, este comportamiento es respaldado por los salarios reales que siguen favorecidos por la baja la inflaci\u00f3n que se mantiene por debajo de 3.0 por ciento, el empleo formal se expande y la demanda de cr\u00e9dito mejora, mientras el crecimiento de las remesas familiares medidas en pesos apoyan el gasto privado.<\/p>\n<p>Destaca que en enero pasado el sector de construcci\u00f3n asociado al gasto privado, como es la edificaci\u00f3n de vivienda, espacios comerciales e industriales, repunt\u00f3 de manera considerable, luego de una desaceleraci\u00f3n en los \u00faltimos meses de 2015.<\/p>\n<p>En particular, la demanda de cr\u00e9dito para adquisici\u00f3n de vivienda mejor\u00f3 notablemente en los meses recientes, menciona Santander.<\/p>\n<p>Sin embargo, precisa, al igual que el a\u00f1o pasado, el factor adverso es la ca\u00edda de la producci\u00f3n petrolera, mientras que las noticias referentes al ajuste de gasto en Pemex hacen suponer que ser\u00e1 uno de los principales riesgos a la baja para el crecimiento de la econom\u00eda a lo largo de 2016.<\/p>\n","protected":false},"excerpt":{"rendered":"<p>La actividad econ\u00f3mica en M\u00e9xico se mantiene en crecimiento, apoyada en el gasto de las familias y las empresas, mientras que la econom\u00eda de Estados Unidos se fortalece, destac\u00f3 Grupo Financiero Santander. La instituci\u00f3n financiera resalta que la evoluci\u00f3n de la actividad econ\u00f3mica en los primeros tres meses de 2016 se apoya de nuevo fundamental en el gasto privado, tanto de consumo como de inversi\u00f3n.<\/p>\n","protected":false},"author":5,"featured_media":259928,"comment_status":"open","ping_status":"open","sticky":false,"template":"","format":"standard","meta":{"_monsterinsights_skip_tracking":false,"_monsterinsights_sitenote_active":false,"_monsterinsights_sitenote_note":"","_monsterinsights_sitenote_category":0,"footnotes":""},"categories":[3],"tags":[2021,6027,43678,31248,25673],"class_list":["post-259927","post","type-post","status-publish","format-standard","has-post-thumbnail","hentry","category-nacional","tag-crecimiento","tag-familia","tag-finanzas","tag-gasto","tag-walmart"],"_links":{"self":[{"href":"https:\/\/www.diarioimagen.net\/index.php?rest_route=\/wp\/v2\/posts\/259927","targetHints":{"allow":["GET"]}}],"collection":[{"href":"https:\/\/www.diarioimagen.net\/index.php?rest_route=\/wp\/v2\/posts"}],"about":[{"href":"https:\/\/www.diarioimagen.net\/index.php?rest_route=\/wp\/v2\/types\/post"}],"author":[{"embeddable":true,"href":"https:\/\/www.diarioimagen.net\/index.php?rest_route=\/wp\/v2\/users\/5"}],"replies":[{"embeddable":true,"href":"https:\/\/www.diarioimagen.net\/index.php?rest_route=%2Fwp%2Fv2%2Fcomments&post=259927"}],"version-history":[{"count":0,"href":"https:\/\/www.diarioimagen.net\/index.php?rest_route=\/wp\/v2\/posts\/259927\/revisions"}],"wp:featuredmedia":[{"embeddable":true,"href":"https:\/\/www.diarioimagen.net\/index.php?rest_route=\/wp\/v2\/media\/259928"}],"wp:attachment":[{"href":"https:\/\/www.diarioimagen.net\/index.php?rest_route=%2Fwp%2Fv2%2Fmedia&parent=259927"}],"wp:term":[{"taxonomy":"category","embeddable":true,"href":"https:\/\/www.diarioimagen.net\/index.php?rest_route=%2Fwp%2Fv2%2Fcategories&post=259927"},{"taxonomy":"post_tag","embeddable":true,"href":"https:\/\/www.diarioimagen.net\/index.php?rest_route=%2Fwp%2Fv2%2Ftags&post=259927"}],"curies":[{"name":"wp","href":"https:\/\/api.w.org\/{rel}","templated":true}]}}