{"id":259930,"date":"2016-03-14T00:02:56","date_gmt":"2016-03-14T06:02:56","guid":{"rendered":"http:\/\/www.diarioimagen.net\/?p=259930"},"modified":"2016-03-14T23:51:27","modified_gmt":"2016-03-15T05:51:27","slug":"se-adelanta-el-reloj-una-hora-en-33-municipios-del-norte-del-pais","status":"publish","type":"post","link":"https:\/\/www.diarioimagen.net\/?p=259930","title":{"rendered":"Adelantan el reloj 33 municipios del norte"},"content":{"rendered":"<ul>\n<li><em><strong>Entra nuevo Horario de Verano<\/strong><\/em><\/li>\n<\/ul>\n<p>&nbsp;<\/p>\n<div id=\"attachment_259931\" style=\"width: 430px\" class=\"wp-caption aligncenter\"><a href=\"http:\/\/www.diarioimagen.net\/?attachment_id=259931\" rel=\"attachment wp-att-259931\"><img loading=\"lazy\" decoding=\"async\" aria-describedby=\"caption-attachment-259931\" class=\"size-large wp-image-259931\" src=\"http:\/\/www.diarioimagen.net\/wp-content\/uploads\/2016\/03\/HORARIO-portal-420x245.jpg\" alt=\"Desde este domingo se adelant\u00f3 el reloj una hora en 33 municipios del norte del pa\u00eds; en el resto del pa\u00eds el cambio ser\u00e1 el pr\u00f3ximo 3 de abril.\" width=\"420\" height=\"245\" srcset=\"https:\/\/www.diarioimagen.net\/wp-content\/uploads\/2016\/03\/HORARIO-portal-420x245.jpg 420w, https:\/\/www.diarioimagen.net\/wp-content\/uploads\/2016\/03\/HORARIO-portal-240x140.jpg 240w, https:\/\/www.diarioimagen.net\/wp-content\/uploads\/2016\/03\/HORARIO-portal.jpg 480w\" sizes=\"auto, (max-width: 420px) 100vw, 420px\" \/><\/a><p id=\"caption-attachment-259931\" class=\"wp-caption-text\">Desde este domingo se adelant\u00f3 el reloj una hora en 33 municipios del norte del pa\u00eds; en el resto del pa\u00eds el cambio ser\u00e1 el pr\u00f3ximo 3 de abril.<\/p><\/div>\n<p>&nbsp;<\/p>\n<p>Inici\u00f3 ayer domingo el Horario de Verano en 33 municipios de la franja fronteriza norte del pa\u00eds, con el objetivo de facilitar la vida cotidiana de los residentes que cruzan la frontera por motivos laborales o escolares, al homologar el horario con la zona fronteriza estadounidense.<\/p>\n<p>Para el resto de la Rep\u00fablica Mexicana, el Horario de Verano iniciar\u00e1 el pr\u00f3ximo domingo 3 de abril, excepto Sonora y Quintana Roo.<\/p>\n<p>Los municipios con el nuevo horario son Tijuana, Mexicali, Ensenada, Playa Rosarito y Tecate, en Baja California, y Ju\u00e1rez, Ojinaga, Ascensi\u00f3n, Coyame del Sotol, Guadalupe, Janos, Manuel Benavides y Praxedis G. Guerrero, en Chihuahua.<\/p>\n<p>Adem\u00e1s, Acu\u00f1a, Piedras Negras, Guerrero, Hidalgo, Jim\u00e9nez, Zaragoza, Nava y Ocampo, en Coahuila; An\u00e1huac y Los Aldama, en Nuevo Le\u00f3n, y Nuevo Laredo, Reynosa, Matamoros, Camargo, Guerrero, Gustavo D\u00edaz Ordaz, Mier, Miguel Alem\u00e1n, R\u00edo Bravo y Valle Hermoso, en Tamaulipas.<\/p>\n<p>En el estado de Sonora no aplica el Horario de Verano, ya que mantiene un solo horario durante todo el a\u00f1o, al igual que Arizona, Estados Unidos.<\/p>\n<p>En Quintana Roo tampoco cambia el horario, pues con la creaci\u00f3n del tiempo del sureste, esta entidad mantiene su horario todo el a\u00f1o.<\/p>\n<p>A diferencia del resto de los estados de la Rep\u00fablica Mexicana, donde el Horario de Verano iniciar\u00e1 el 3 de abril, esta medida se adelant\u00f3 tres semanas en la zona norte.<\/p>\n<p>El Horario de Verano es una medida que consiste en adelantar una hora el reloj durante la parte del a\u00f1o en que se registra mayor insolaci\u00f3n, con el objetivo de reducir el consumo de energ\u00eda el\u00e9ctrica, utilizado principalmente en iluminaci\u00f3n, equivalente a una hora de luz artificial por las noches, teniendo su mayor impacto en el sector dom\u00e9stico, explica la dependencia federal.<\/p>\n<p>El cambio de Horario de Verano, que inici\u00f3 ayer 13 de marzo en la franja fronteriza norte del pa\u00eds, influye inicialmente en el comportamiento de las personas, pero en un periodo m\u00e1ximo de 10 d\u00edas se regulan el estado de \u00e1nimo y h\u00e1bitos, indic\u00f3 el doctor Jos\u00e9 Timoteo Leyva Silva.<\/p>\n<p>El director del Hospital General Regional n\u00famero 270 del Instituto Mexicano del Seguro Social (IMSS) en Reynosa, se\u00f1al\u00f3 que la poblaci\u00f3n debe mantenerse atenta y tomar medidas preventivas para evitar que esta modificaci\u00f3n influya en su comportamiento y salud.<\/p>\n<p>Leyva Silva recomend\u00f3 a las personas sensibles al cambio de horario evitar las siestas diurnas los primeros d\u00edas para conciliar el sue\u00f1o durante la noche, ajustar el reloj y seguir un horario regular para levantarse y acostarse, incluso los dos primeros fines de semana o los d\u00edas de descanso.<\/p>\n","protected":false},"excerpt":{"rendered":"<p>Inici\u00f3 ayer domingo el Horario de Verano en 33 municipios de la franja fronteriza norte del pa\u00eds, con el objetivo de facilitar la vida cotidiana de los residentes que cruzan la frontera por motivos laborales o escolares, al homologar el horario con la zona fronteriza estadounidense.<\/p>\n","protected":false},"author":5,"featured_media":259931,"comment_status":"open","ping_status":"open","sticky":false,"template":"","format":"standard","meta":{"_monsterinsights_skip_tracking":false,"_monsterinsights_sitenote_active":false,"_monsterinsights_sitenote_note":"","_monsterinsights_sitenote_category":0,"footnotes":""},"categories":[3],"tags":[4659],"class_list":["post-259930","post","type-post","status-publish","format-standard","has-post-thumbnail","hentry","category-nacional","tag-horario-de-verano"],"_links":{"self":[{"href":"https:\/\/www.diarioimagen.net\/index.php?rest_route=\/wp\/v2\/posts\/259930","targetHints":{"allow":["GET"]}}],"collection":[{"href":"https:\/\/www.diarioimagen.net\/index.php?rest_route=\/wp\/v2\/posts"}],"about":[{"href":"https:\/\/www.diarioimagen.net\/index.php?rest_route=\/wp\/v2\/types\/post"}],"author":[{"embeddable":true,"href":"https:\/\/www.diarioimagen.net\/index.php?rest_route=\/wp\/v2\/users\/5"}],"replies":[{"embeddable":true,"href":"https:\/\/www.diarioimagen.net\/index.php?rest_route=%2Fwp%2Fv2%2Fcomments&post=259930"}],"version-history":[{"count":0,"href":"https:\/\/www.diarioimagen.net\/index.php?rest_route=\/wp\/v2\/posts\/259930\/revisions"}],"wp:featuredmedia":[{"embeddable":true,"href":"https:\/\/www.diarioimagen.net\/index.php?rest_route=\/wp\/v2\/media\/259931"}],"wp:attachment":[{"href":"https:\/\/www.diarioimagen.net\/index.php?rest_route=%2Fwp%2Fv2%2Fmedia&parent=259930"}],"wp:term":[{"taxonomy":"category","embeddable":true,"href":"https:\/\/www.diarioimagen.net\/index.php?rest_route=%2Fwp%2Fv2%2Fcategories&post=259930"},{"taxonomy":"post_tag","embeddable":true,"href":"https:\/\/www.diarioimagen.net\/index.php?rest_route=%2Fwp%2Fv2%2Ftags&post=259930"}],"curies":[{"name":"wp","href":"https:\/\/api.w.org\/{rel}","templated":true}]}}