{"id":259976,"date":"2016-03-14T00:09:26","date_gmt":"2016-03-14T06:09:26","guid":{"rendered":"http:\/\/www.diarioimagen.net\/?p=259976"},"modified":"2016-03-14T06:43:01","modified_gmt":"2016-03-14T12:43:01","slug":"precontingencia-ambiental-en-el-valle-de-mexico","status":"publish","type":"post","link":"https:\/\/www.diarioimagen.net\/?p=259976","title":{"rendered":"Precontingencia ambiental en el Valle de M\u00e9xico"},"content":{"rendered":"<ul>\n<li><strong><em>Sistema de alta presi\u00f3n afecta la regi\u00f3n central<\/em><\/strong><\/li>\n<\/ul>\n<p>&nbsp;<\/p>\n<div id=\"attachment_260116\" style=\"width: 430px\" class=\"wp-caption aligncenter\"><a href=\"http:\/\/www.diarioimagen.net\/?attachment_id=260116\" rel=\"attachment wp-att-260116\"><img loading=\"lazy\" decoding=\"async\" aria-describedby=\"caption-attachment-260116\" class=\"size-large wp-image-260116\" src=\"http:\/\/www.diarioimagen.net\/wp-content\/uploads\/2016\/03\/PRECONTINGENCIA-2824-420x236.jpg\" alt=\"Invitan a la poblaci\u00f3n a contribuir a la mejora de la calidad del aire del Valle de M\u00e9xico, disminuyendo o evitando el uso del autom\u00f3vil.\" width=\"420\" height=\"236\" srcset=\"https:\/\/www.diarioimagen.net\/wp-content\/uploads\/2016\/03\/PRECONTINGENCIA-2824-420x236.jpg 420w, https:\/\/www.diarioimagen.net\/wp-content\/uploads\/2016\/03\/PRECONTINGENCIA-2824-240x135.jpg 240w, https:\/\/www.diarioimagen.net\/wp-content\/uploads\/2016\/03\/PRECONTINGENCIA-2824-235x132.jpg 235w, https:\/\/www.diarioimagen.net\/wp-content\/uploads\/2016\/03\/PRECONTINGENCIA-2824-202x114.jpg 202w, https:\/\/www.diarioimagen.net\/wp-content\/uploads\/2016\/03\/PRECONTINGENCIA-2824-350x196.jpg 350w, https:\/\/www.diarioimagen.net\/wp-content\/uploads\/2016\/03\/PRECONTINGENCIA-2824-220x123.jpg 220w, https:\/\/www.diarioimagen.net\/wp-content\/uploads\/2016\/03\/PRECONTINGENCIA-2824-237x132.jpg 237w, https:\/\/www.diarioimagen.net\/wp-content\/uploads\/2016\/03\/PRECONTINGENCIA-2824.jpg 480w\" sizes=\"auto, (max-width: 420px) 100vw, 420px\" \/><\/a><p id=\"caption-attachment-260116\" class=\"wp-caption-text\">Invitan a la poblaci\u00f3n a contribuir a la mejora de la calidad del aire del Valle de M\u00e9xico, disminuyendo o evitando el uso del autom\u00f3vil.<\/p><\/div>\n<p>&nbsp;<\/p>\n<p>La Comisi\u00f3n Ambiental de la Megal\u00f3polis inform\u00f3 que una inversi\u00f3n t\u00e9rmica y un sistema de alta presi\u00f3n en el centro del pa\u00eds dificultan la dispersi\u00f3n de contaminantes en el Valle de M\u00e9xico, por lo que se mantiene la fase de precontingencia por ozono.<\/p>\n<p>En su reporte m\u00e1s reciente, se\u00f1al\u00f3 que el sistema de alta presi\u00f3n que afecta la regi\u00f3n central del pa\u00eds, ubicado sobre Puebla y Veracruz, as\u00ed como la inversi\u00f3n t\u00e9rmica limitan la dispersi\u00f3n de los contaminantes precursores del ozono.<\/p>\n<p>Aunado a ello, la intensa radiaci\u00f3n solar que se presentar\u00e1 durante la mayor parte del d\u00eda fomentar\u00e1 la actividad fotoqu\u00edmica de la atm\u00f3sfera, lo que ser\u00e1 favorable para la formaci\u00f3n del ozono por la tarde.<\/p>\n<p>Agreg\u00f3 que en las siguientes horas se mantendr\u00e1 la vigilancia a trav\u00e9s del Sistema de Monitoreo Atmosf\u00e9rico.<\/p>\n<p>En tanto, el Sistema de Monitoreo Atmosf\u00e9rico inform\u00f3 que en los municipios de Coacalco y Ecatepec, en el Estado de M\u00e9xico, contin\u00faa mala la calidad del aire, con 103 y 102 puntos de contaminaci\u00f3n por part\u00edculas suspendidas (PM10) respectivamente.<\/p>\n<p>Mientras que en la Ciudad de M\u00e9xico la calidad es regular en delegaciones como Azcapotzalco, Cuauht\u00e9moc, Venustiano Carranza, Miguel Hidalgo e Iztapalapa, con \u00edndices menores a 80 puntos por part\u00edculas suspendidas.<\/p>\n<p>La comisi\u00f3n invit\u00f3 a la poblaci\u00f3n a contribuir a la mejora de la calidad del aire disminuyendo o evitando el uso del autom\u00f3vil y a mantenerse informada sobre la calidad del aire consultando el portal en internet aire.df.\u00adgob.mx o a trav\u00e9s de la aplicaci\u00f3n AIRE disponible para dispositivos iOS y Android.<\/p>\n<p>&nbsp;<\/p>\n","protected":false},"excerpt":{"rendered":"<p>La Comisi\u00f3n Ambiental de la Megal\u00f3polis inform\u00f3 que una inversi\u00f3n t\u00e9rmica y un sistema de alta presi\u00f3n en el centro del pa\u00eds dificultan la dispersi\u00f3n de contaminantes en el Valle de M\u00e9xico, por lo que se mantiene la fase de precontingencia por ozono.<\/p>\n","protected":false},"author":3,"featured_media":260116,"comment_status":"open","ping_status":"open","sticky":false,"template":"","format":"standard","meta":{"_monsterinsights_skip_tracking":false,"_monsterinsights_sitenote_active":false,"_monsterinsights_sitenote_note":"","_monsterinsights_sitenote_category":0,"footnotes":""},"categories":[6],"tags":[204,49072],"class_list":["post-259976","post","type-post","status-publish","format-standard","has-post-thumbnail","hentry","category-cd-de-mexico","tag-ciudad-de-mexico","tag-comision-ambiental-de-la-megalopolis"],"_links":{"self":[{"href":"https:\/\/www.diarioimagen.net\/index.php?rest_route=\/wp\/v2\/posts\/259976","targetHints":{"allow":["GET"]}}],"collection":[{"href":"https:\/\/www.diarioimagen.net\/index.php?rest_route=\/wp\/v2\/posts"}],"about":[{"href":"https:\/\/www.diarioimagen.net\/index.php?rest_route=\/wp\/v2\/types\/post"}],"author":[{"embeddable":true,"href":"https:\/\/www.diarioimagen.net\/index.php?rest_route=\/wp\/v2\/users\/3"}],"replies":[{"embeddable":true,"href":"https:\/\/www.diarioimagen.net\/index.php?rest_route=%2Fwp%2Fv2%2Fcomments&post=259976"}],"version-history":[{"count":0,"href":"https:\/\/www.diarioimagen.net\/index.php?rest_route=\/wp\/v2\/posts\/259976\/revisions"}],"wp:featuredmedia":[{"embeddable":true,"href":"https:\/\/www.diarioimagen.net\/index.php?rest_route=\/wp\/v2\/media\/260116"}],"wp:attachment":[{"href":"https:\/\/www.diarioimagen.net\/index.php?rest_route=%2Fwp%2Fv2%2Fmedia&parent=259976"}],"wp:term":[{"taxonomy":"category","embeddable":true,"href":"https:\/\/www.diarioimagen.net\/index.php?rest_route=%2Fwp%2Fv2%2Fcategories&post=259976"},{"taxonomy":"post_tag","embeddable":true,"href":"https:\/\/www.diarioimagen.net\/index.php?rest_route=%2Fwp%2Fv2%2Ftags&post=259976"}],"curies":[{"name":"wp","href":"https:\/\/api.w.org\/{rel}","templated":true}]}}