{"id":259989,"date":"2016-03-14T00:04:19","date_gmt":"2016-03-14T06:04:19","guid":{"rendered":"http:\/\/www.diarioimagen.net\/?p=259989"},"modified":"2016-03-14T23:51:39","modified_gmt":"2016-03-15T05:51:39","slug":"mentira-y-violencia-crean-division-meade-kuribrena","status":"publish","type":"post","link":"https:\/\/www.diarioimagen.net\/?p=259989","title":{"rendered":"Mentira y violencia crean divisi\u00f3n: Meade Kuribre\u00f1a"},"content":{"rendered":"<ul>\n<li><strong><em>Rechaza esta forma de hacer pol\u00edtica<\/em><\/strong><\/li>\n<\/ul>\n<p>&nbsp;<\/p>\n<div id=\"attachment_260101\" style=\"width: 430px\" class=\"wp-caption aligncenter\"><a href=\"http:\/\/www.diarioimagen.net\/?attachment_id=260101\" rel=\"attachment wp-att-260101\"><img loading=\"lazy\" decoding=\"async\" aria-describedby=\"caption-attachment-260101\" class=\"size-large wp-image-260101\" src=\"http:\/\/www.diarioimagen.net\/wp-content\/uploads\/2016\/03\/meade-2824-420x236.jpg\" alt=\"Jos\u00e9 Antonio Meade Kuribre\u00f1a expuso que la Cruzada Nacional contra el Hambre ha mejorado la alimentaci\u00f3n, la educaci\u00f3n, el acceso a la salud y la seguridad social de las familias en situaci\u00f3n vulnerable de cientos de municipios.\" width=\"420\" height=\"236\" srcset=\"https:\/\/www.diarioimagen.net\/wp-content\/uploads\/2016\/03\/meade-2824-420x236.jpg 420w, https:\/\/www.diarioimagen.net\/wp-content\/uploads\/2016\/03\/meade-2824-240x135.jpg 240w, https:\/\/www.diarioimagen.net\/wp-content\/uploads\/2016\/03\/meade-2824-235x132.jpg 235w, https:\/\/www.diarioimagen.net\/wp-content\/uploads\/2016\/03\/meade-2824-202x114.jpg 202w, https:\/\/www.diarioimagen.net\/wp-content\/uploads\/2016\/03\/meade-2824-350x196.jpg 350w, https:\/\/www.diarioimagen.net\/wp-content\/uploads\/2016\/03\/meade-2824-220x123.jpg 220w, https:\/\/www.diarioimagen.net\/wp-content\/uploads\/2016\/03\/meade-2824-237x132.jpg 237w, https:\/\/www.diarioimagen.net\/wp-content\/uploads\/2016\/03\/meade-2824.jpg 480w\" sizes=\"auto, (max-width: 420px) 100vw, 420px\" \/><\/a><p id=\"caption-attachment-260101\" class=\"wp-caption-text\">Jos\u00e9 Antonio Meade Kuribre\u00f1a expuso que la Cruzada Nacional contra el Hambre ha mejorado la alimentaci\u00f3n, la educaci\u00f3n, el acceso a la salud y la seguridad social de las familias en situaci\u00f3n vulnerable de cientos de municipios.<\/p><\/div>\n<p>&nbsp;<\/p>\n<p>La mentira y la violencia buscan generar una sociedad dividida y enfrentada, una sociedad de pocos y para pocos, sostuvo el titular de la Secretar\u00eda de Desarrollo Social (Sedesol), Jos\u00e9 Antonio Meade Kuribre\u00f1a.<\/p>\n<p>Durante una gira de trabajo en Reynosa, Tamaulipas, llam\u00f3 a los habitantes de esta ciudad fronteriza a sumarse a los esfuerzos de los gobiernos de la Rep\u00fablica, del estado y municipal para alcanzar sus sue\u00f1os de desarrollo.<\/p>\n<p>\u201cEsos sue\u00f1os que vemos a veces amenazados por quienes hacen de la mentira y la violencia su forma de hacer pol\u00edtica. La mentira y la violencia buscan generar una sociedad dividida y enfrentada, una sociedad de pocos y para pocos\u201d.<\/p>\n<p>En la colonia Lomas del Real de Jarachinas, en un recorrido por la Feria de Atenci\u00f3n Integral, en la que estuvo acompa\u00f1ado por el gobernador del estado, Egidio Torre Cant\u00fa, abund\u00f3 \u201choy desde aqu\u00ed, desde Reynosa decimos no a la violencia y no a la mentira\u201d.<\/p>\n<p>Se\u00f1al\u00f3 que por el contrario decimos \u201cs\u00ed al reconocimiento de nuestra propia dignidad. S\u00ed a nuestra convicci\u00f3n de caminar en paz\u201d, y afirm\u00f3 que la inclusi\u00f3n social ser\u00e1 la mejor herramienta para contar con un Tamaulipas sin violencia y una Reynosa segura.<\/p>\n<p>Meade Kuribre\u00f1a indic\u00f3 que esta feria de servicios es una oportunidad para unir esfuerzos en torno al abatimiento de la pobreza en el estado y anunci\u00f3 que se destinar\u00e1n 48 millones de pesos a un fondo fronterizo para fortalecer el Programa de Empleo Temporal.<\/p>\n<p>En este marco, el secretario de Desarrollo Social advirti\u00f3 que m\u00e1s all\u00e1 de expresiones de violencia, la sociedad tamaulipeca necesita unirse para beneficiarse de los apoyos sociales, \u201cesto es lo que pretendemos con esta forma distinta de trabajar en favor de la salud, la educaci\u00f3n, la seguridad social, el trabajo y la vivienda\u201d.<\/p>\n<p style=\"text-align: center;\"><strong>Se valida permanencia de Cruzada contra el Hambre <\/strong><\/p>\n<p>La semana pasada en Colima, Meade Kuribre\u00f1a expuso que la Cruzada Nacional contra el Hambre ha mejorado el acceso a la vivienda, la alimentaci\u00f3n, la educaci\u00f3n, el acceso a la salud y la seguridad social de las familias en situaci\u00f3n vulnerable de los 400 municipios en que inici\u00f3 la estrategia,<\/p>\n<p>Asegur\u00f3 que dichas mejoras han sido demostradas en los estudios elaborados por el Consejo Nacional de Evaluaci\u00f3n de la Pol\u00edtica de Desarrollo Social (Coneval) y del Instituto Nacional de Estad\u00edstica y Geograf\u00eda (Inegi), y que dichos resultados validan la permanencia del programa.<\/p>\n<p>\u201cEso permite acreditar que si bien es un enfoque que podemos seguir perfeccionando, que si bien es una estrategia que podemos seguir revisando, el despliegue de resultados que arroja la intercensal, sumado a la que arroja la encuesta panel del Coneval, permite consolidar que la Cruzada ha sido \u00fatil, que la Cruzada ha sido importante, que la Cruzada ofrece resultados importantes\u201d, expuso el titular de la Sedesol.<\/p>\n<p>En ese sentido, el responsable de la pol\u00edtica social del pa\u00eds se\u00f1al\u00f3 que en los municipios evaluados por el Coneval, se ha demostrado que la Cruzada ha permitido reducir la carencia alimentaria en un 56 por ciento.<\/p>\n<p>Resalt\u00f3 que si bien los 400 municipios en que se aplic\u00f3 la primera etapa de la cruzada no han resuelto el problema en su totalidad, hay m\u00e1s ni\u00f1as y ni\u00f1os que est\u00e1n yendo a la escuela, hay m\u00e1s adultos que terminaron primaria y secundaria.<\/p>\n<p>&nbsp;<\/p>\n","protected":false},"excerpt":{"rendered":"<p>La mentira y la violencia buscan generar una sociedad dividida y enfrentada, una sociedad de pocos y para pocos, sostuvo el titular de la Secretar\u00eda de Desarrollo Social (Sedesol), Jos\u00e9 Antonio Meade Kuribre\u00f1a.<\/p>\n","protected":false},"author":3,"featured_media":260101,"comment_status":"open","ping_status":"open","sticky":false,"template":"","format":"standard","meta":{"_monsterinsights_skip_tracking":false,"_monsterinsights_sitenote_active":false,"_monsterinsights_sitenote_note":"","_monsterinsights_sitenote_category":0,"footnotes":""},"categories":[3],"tags":[26429,43673,1998,5066],"class_list":["post-259989","post","type-post","status-publish","format-standard","has-post-thumbnail","hentry","category-nacional","tag-jose-antonio-meade-kuribrena","tag-nacional","tag-sedesol","tag-violencia"],"_links":{"self":[{"href":"https:\/\/www.diarioimagen.net\/index.php?rest_route=\/wp\/v2\/posts\/259989","targetHints":{"allow":["GET"]}}],"collection":[{"href":"https:\/\/www.diarioimagen.net\/index.php?rest_route=\/wp\/v2\/posts"}],"about":[{"href":"https:\/\/www.diarioimagen.net\/index.php?rest_route=\/wp\/v2\/types\/post"}],"author":[{"embeddable":true,"href":"https:\/\/www.diarioimagen.net\/index.php?rest_route=\/wp\/v2\/users\/3"}],"replies":[{"embeddable":true,"href":"https:\/\/www.diarioimagen.net\/index.php?rest_route=%2Fwp%2Fv2%2Fcomments&post=259989"}],"version-history":[{"count":0,"href":"https:\/\/www.diarioimagen.net\/index.php?rest_route=\/wp\/v2\/posts\/259989\/revisions"}],"wp:featuredmedia":[{"embeddable":true,"href":"https:\/\/www.diarioimagen.net\/index.php?rest_route=\/wp\/v2\/media\/260101"}],"wp:attachment":[{"href":"https:\/\/www.diarioimagen.net\/index.php?rest_route=%2Fwp%2Fv2%2Fmedia&parent=259989"}],"wp:term":[{"taxonomy":"category","embeddable":true,"href":"https:\/\/www.diarioimagen.net\/index.php?rest_route=%2Fwp%2Fv2%2Fcategories&post=259989"},{"taxonomy":"post_tag","embeddable":true,"href":"https:\/\/www.diarioimagen.net\/index.php?rest_route=%2Fwp%2Fv2%2Ftags&post=259989"}],"curies":[{"name":"wp","href":"https:\/\/api.w.org\/{rel}","templated":true}]}}