{"id":259993,"date":"2016-03-14T00:03:03","date_gmt":"2016-03-14T06:03:03","guid":{"rendered":"http:\/\/www.diarioimagen.net\/?p=259993"},"modified":"2016-03-14T23:51:34","modified_gmt":"2016-03-15T05:51:34","slug":"humanos-aceleran-calentamiento-global","status":"publish","type":"post","link":"https:\/\/www.diarioimagen.net\/?p=259993","title":{"rendered":"Humanos aceleran calentamiento global"},"content":{"rendered":"<ul>\n<li><strong><em>Reducen ciclo de 20 mil a\u00f1os en s\u00f3lo 50 a\u00f1os<\/em><\/strong><\/li>\n<\/ul>\n<p>&nbsp;<\/p>\n<div id=\"attachment_260113\" style=\"width: 430px\" class=\"wp-caption aligncenter\"><a href=\"http:\/\/www.diarioimagen.net\/?attachment_id=260113\" rel=\"attachment wp-att-260113\"><img loading=\"lazy\" decoding=\"async\" aria-describedby=\"caption-attachment-260113\" class=\"size-large wp-image-260113\" src=\"http:\/\/www.diarioimagen.net\/wp-content\/uploads\/2016\/03\/CALENTAMIENTO-2824-420x236.jpg\" alt=\"En los \u00faltimos 50 a\u00f1os, la actividad humana ha acelerado el calentamiento global, que de manera natural debi\u00f3 haber tenido en un ciclo de 20 mil a\u00f1os.\" width=\"420\" height=\"236\" srcset=\"https:\/\/www.diarioimagen.net\/wp-content\/uploads\/2016\/03\/CALENTAMIENTO-2824-420x236.jpg 420w, https:\/\/www.diarioimagen.net\/wp-content\/uploads\/2016\/03\/CALENTAMIENTO-2824-240x135.jpg 240w, https:\/\/www.diarioimagen.net\/wp-content\/uploads\/2016\/03\/CALENTAMIENTO-2824-235x132.jpg 235w, https:\/\/www.diarioimagen.net\/wp-content\/uploads\/2016\/03\/CALENTAMIENTO-2824-202x114.jpg 202w, https:\/\/www.diarioimagen.net\/wp-content\/uploads\/2016\/03\/CALENTAMIENTO-2824-350x196.jpg 350w, https:\/\/www.diarioimagen.net\/wp-content\/uploads\/2016\/03\/CALENTAMIENTO-2824-220x123.jpg 220w, https:\/\/www.diarioimagen.net\/wp-content\/uploads\/2016\/03\/CALENTAMIENTO-2824-237x132.jpg 237w, https:\/\/www.diarioimagen.net\/wp-content\/uploads\/2016\/03\/CALENTAMIENTO-2824.jpg 480w\" sizes=\"auto, (max-width: 420px) 100vw, 420px\" \/><\/a><p id=\"caption-attachment-260113\" class=\"wp-caption-text\">En los \u00faltimos 50 a\u00f1os, la actividad humana ha acelerado el calentamiento global, que de manera natural debi\u00f3 haber tenido en un ciclo de 20 mil a\u00f1os.<\/p><\/div>\n<p>&nbsp;<\/p>\n<p>En tan s\u00f3lo 50 a\u00f1os el hombre con sus actividades ha acelerado el calentamiento global que de manera natural debi\u00f3 haber tenido en un ciclo de 20 mil a\u00f1os, lo que demuestra que la actividad humana es un factor importante para este fen\u00f3meno.<\/p>\n<p>El especialista del Instituto de Investigaci\u00f3n para el Desarrollo de Francia, Abdel Sifeddine, advirti\u00f3 lo anterior al ofrecer la conferencia \u201cLa funci\u00f3n del Atl\u00e1ntico tropical en la din\u00e1mica del clima: Un proyecto transcontinental\u201d.<\/p>\n<p>Durante su participaci\u00f3n en la Casa de Francia, el investigador destac\u00f3 que las investigaciones paleont\u00f3logas hechas a lo largo de las \u00faltimas d\u00e9cadas demuestran la serie de forzantes que pueden afectar el equilibro atmosf\u00e9rico, entre los que se encuentran las actividades humanas.<\/p>\n<p>La visi\u00f3n paleont\u00f3loga, dijo, revela que la tierra cambia de clima c\u00edclicamente cada 20 mil a\u00f1os debido a estos ciclos atmosf\u00e9ricos, dando lugar a periodos de calentamiento y periodos glaciares, de manera que es posible afirmar que la tierra ya pas\u00f3 por un periodo \u201cde mayor calentamiento\u201d que el actual.<\/p>\n<p>Sin embargo, asegur\u00f3 que es inevitable afirmar que la actividad del hombre ha acelerado el proceso de acumulaci\u00f3n del di\u00f3xido de carbono (CO2) y reducido un ciclo de 20 mil a\u00f1os en tan solo los \u00faltimos 50 a\u00f1os.<\/p>\n<p>A pesar de ello, explic\u00f3, es dif\u00edcil estimar hasta qu\u00e9 grado la participaci\u00f3n humana ha propiciado esto, por lo que para llegar a una verdadera respuesta es indispensable una participaci\u00f3n multidisciplinaria, donde no s\u00f3lo meteor\u00f3logos, sino paleont\u00f3logos y ge\u00f3logos aporten sus conocimientos en la materia.<\/p>\n<p>Hay que recordar que el cambio clim\u00e1tico es un proceso natural que se genera por los cambios atmosf\u00e9ricos, pero tambi\u00e9n existe una participaci\u00f3n antropog\u00e9nica, de ah\u00ed que es necesaria la participaci\u00f3n de diferentes disciplinas para entender qu\u00e9 pasa.<\/p>\n<p>Por lo pronto es innegable que la acumulaci\u00f3n y continuidad del CO2 estaba muy baja hasta hace un siglo, sin embargo en los \u00faltimos cinco lustros se ha pasado de 280 ppm a m\u00e1s de 300 ppm, lo que ha ocasionado el incremento de la temperatura en cerca de dos grados.<\/p>\n<p>&nbsp;<\/p>\n","protected":false},"excerpt":{"rendered":"<p>En tan s\u00f3lo 50 a\u00f1os el hombre con sus actividades ha acelerado el calentamiento global que de manera natural debi\u00f3 haber tenido en un ciclo de 20 mil a\u00f1os, lo que demuestra que la actividad humana es un factor importante para este fen\u00f3meno.<\/p>\n","protected":false},"author":3,"featured_media":260113,"comment_status":"open","ping_status":"open","sticky":false,"template":"","format":"standard","meta":{"_monsterinsights_skip_tracking":false,"_monsterinsights_sitenote_active":false,"_monsterinsights_sitenote_note":"","_monsterinsights_sitenote_category":0,"footnotes":""},"categories":[3],"tags":[43673],"class_list":["post-259993","post","type-post","status-publish","format-standard","has-post-thumbnail","hentry","category-nacional","tag-nacional"],"_links":{"self":[{"href":"https:\/\/www.diarioimagen.net\/index.php?rest_route=\/wp\/v2\/posts\/259993","targetHints":{"allow":["GET"]}}],"collection":[{"href":"https:\/\/www.diarioimagen.net\/index.php?rest_route=\/wp\/v2\/posts"}],"about":[{"href":"https:\/\/www.diarioimagen.net\/index.php?rest_route=\/wp\/v2\/types\/post"}],"author":[{"embeddable":true,"href":"https:\/\/www.diarioimagen.net\/index.php?rest_route=\/wp\/v2\/users\/3"}],"replies":[{"embeddable":true,"href":"https:\/\/www.diarioimagen.net\/index.php?rest_route=%2Fwp%2Fv2%2Fcomments&post=259993"}],"version-history":[{"count":0,"href":"https:\/\/www.diarioimagen.net\/index.php?rest_route=\/wp\/v2\/posts\/259993\/revisions"}],"wp:featuredmedia":[{"embeddable":true,"href":"https:\/\/www.diarioimagen.net\/index.php?rest_route=\/wp\/v2\/media\/260113"}],"wp:attachment":[{"href":"https:\/\/www.diarioimagen.net\/index.php?rest_route=%2Fwp%2Fv2%2Fmedia&parent=259993"}],"wp:term":[{"taxonomy":"category","embeddable":true,"href":"https:\/\/www.diarioimagen.net\/index.php?rest_route=%2Fwp%2Fv2%2Fcategories&post=259993"},{"taxonomy":"post_tag","embeddable":true,"href":"https:\/\/www.diarioimagen.net\/index.php?rest_route=%2Fwp%2Fv2%2Ftags&post=259993"}],"curies":[{"name":"wp","href":"https:\/\/api.w.org\/{rel}","templated":true}]}}