{"id":260032,"date":"2016-03-14T00:03:09","date_gmt":"2016-03-14T06:03:09","guid":{"rendered":"http:\/\/www.diarioimagen.net\/?p=260032"},"modified":"2016-03-14T02:01:06","modified_gmt":"2016-03-14T08:01:06","slug":"trump-piromano","status":"publish","type":"post","link":"https:\/\/www.diarioimagen.net\/?p=260032","title":{"rendered":"Trump, pir\u00f3mano"},"content":{"rendered":"<h2>Desde el portal<\/h2>\n<h5>\u00c1ngel Soriano<\/h5>\n<p>&nbsp;<\/p>\n<p>Yerra el tiro nuestra canciller Claudia Ruiz Massieu cuando revela la preocupaci\u00f3n del gobierno mexicano por las vacilantes declaraciones del aspirante presidencial republicano, Donald Trump, cuando \u00e9ste es ya v\u00edctima de su propia violencia verbal que acabar\u00e1 por incendiar la Uni\u00f3n Americana, en un imparable enfrentamiento racial de enormes proporciones y que le impedir\u00e1 llegar a la Casa Blanca.<\/p>\n<p>Si ese escenario no lo vislumbra \u2013o no lo vislumbran los expertos contratados tambi\u00e9n por el gobernador del Banco de M\u00e9xico, Agust\u00edn Carstens, quien tambi\u00e9n se dice alarmado por la verborrea del magnate neoyorquino-, es porque nuestros altos funcionarios carecen de sentido com\u00fan o se espantan con el petate del muerto, pues nada m\u00e1s hay que ver lo que ocurri\u00f3 en Chicago para observar c\u00f3mo ser\u00e1n los pr\u00f3ximos d\u00edas antes de que se decida quien o quienes ser\u00e1n los candidatos (dem\u00f3crata o republicano) a suceder a Barack Obama.<\/p>\n<p>Al mismo Trump le llegar\u00e1 el fuego de la pira que hoy atiza en la Uni\u00f3n Americana y ya ni sus mismos correligionarios que hoy se ven tambi\u00e9n asustados por la creciente embestida del magnate, ser\u00e1n capaces de detener la violencia callejera que propiciar\u00e1 el combate entre los seguidores o opositores del incendiario aspirante presidencial, por lo que no hay de qu\u00e9 preocuparse porqud \u00e9l mismo acabar\u00e1 siendo arrasado por la incontenible violencia.<\/p>\n<p>Tarde, y mal, reaccionan nuestros funcionarios, cuando ya nuestro principal enemigo estadunidense se inmola, pero s\u00ed habr\u00e1 que sentar las bases para reflexionar y actuar que la corrupci\u00f3n e incapacidad que sella a nuestros dirigentes, debe corregirse para proyectar una imagen de creatividad y honestidad que nos haga ciudadanos aceptables al otro lado de la frontera y no como nos califica Trump.<\/p>\n<p style=\"text-align: center;\"><strong>\u00a0TURBULENCIAS<br \/>\nConvocatoria a modo en la UABJO<\/strong><\/p>\n<p>El doctor Abel Morales Santiago, director de la Facultad de Contadur\u00eda y Administraci\u00f3n y consejero universitario de la UABJO, se pronunci\u00f3 en desacuerdo con el Consejo Universitario que pretende manipular las condiciones para beneficiar a un candidato oficial a rector, limitando los tiempos legales y descalificar a otros posibles candidatos a participar en el proceso de elecci\u00f3n de rector y en su convocatoria no abordan la discusi\u00f3n y aprobaci\u00f3n de cuando menos 30 temas acad\u00e9micos. Adem\u00e1s, culp\u00f3 a las autoridades universitarias del creciente clima de violencia en la casa de estudios&#8230;Al agradecer al rector de la UNAM, Enrique Graue Wiechers, su inclusi\u00f3n en la terna para director de la Facultad de Derecho, Jaime Miguel Moreno Garavilla felicit\u00f3 a Ra\u00fal Contreras Bustamante y Carlos Humberto Reyes D\u00edaz \u201cpor haber merecido tambi\u00e9n el honros\u00edsimo designio de integrar, dentro de una comunidad de 1,400 profesores, la terna de la que habr\u00e1 de surgir en breve, el responsable de coordinar el talento y la enorme capacidad de aportaci\u00f3n a la facultad, \u00e1vida de volver a actuar en la c\u00faspide del escenario jur\u00eddico nacional\u201d\u2026Jos\u00e9 Antonio Estefan Garfias (a) \u201cPepe To\u00f1o\u201d, cercano colaborador del secretario de Gobierno de Puebla, Di\u00f3doro Carrasco; primo hermano del l\u00edder estatal del PRI de la misma entidad, Jorge Charbel Estefan Chidiac y hombre de las confianzas del gobernador Gabino Cu\u00e9, es ya candidato de la coalici\u00f3n PRD-PAN al gobierno de Oaxaca; en tanto simplemente Alejandro, candidato del PRI-PVEM integr\u00f3 una lista de candidatos al Congreso Local con amigos y parientes de ex gobernadores y sus antig\u00fcos adversarios a la candidatura, que, sin mayores posibilidades de obtenerla, ganar\u00e1n una curul para sus incondicionales\u2026<\/p>\n<p><em><a href=\"http:\/\/www.revista-brecha.com\/\" target=\"_blank\">www.revista-brecha.com<br \/>\n<\/a><a href=\"mailto:vidanacional@yahoo.com.mx\" target=\"_blank\">vidanacional@yahoo.com.mx<\/a><\/em><\/p>\n","protected":false},"excerpt":{"rendered":"<p><span style=\"color: #005497;\"><strong>\u00c1ngel Soriano<\/strong><\/span><\/p>\n","protected":false},"author":3,"featured_media":0,"comment_status":"open","ping_status":"open","sticky":false,"template":"","format":"standard","meta":{"_monsterinsights_skip_tracking":false,"_monsterinsights_sitenote_active":false,"_monsterinsights_sitenote_note":"","_monsterinsights_sitenote_category":0,"footnotes":""},"categories":[135],"tags":[85,86,43674],"class_list":["post-260032","post","type-post","status-publish","format-standard","hentry","category-angel-soriano-opinion","tag-angel-soriano","tag-desde-el-portal","tag-opinion"],"_links":{"self":[{"href":"https:\/\/www.diarioimagen.net\/index.php?rest_route=\/wp\/v2\/posts\/260032","targetHints":{"allow":["GET"]}}],"collection":[{"href":"https:\/\/www.diarioimagen.net\/index.php?rest_route=\/wp\/v2\/posts"}],"about":[{"href":"https:\/\/www.diarioimagen.net\/index.php?rest_route=\/wp\/v2\/types\/post"}],"author":[{"embeddable":true,"href":"https:\/\/www.diarioimagen.net\/index.php?rest_route=\/wp\/v2\/users\/3"}],"replies":[{"embeddable":true,"href":"https:\/\/www.diarioimagen.net\/index.php?rest_route=%2Fwp%2Fv2%2Fcomments&post=260032"}],"version-history":[{"count":0,"href":"https:\/\/www.diarioimagen.net\/index.php?rest_route=\/wp\/v2\/posts\/260032\/revisions"}],"wp:attachment":[{"href":"https:\/\/www.diarioimagen.net\/index.php?rest_route=%2Fwp%2Fv2%2Fmedia&parent=260032"}],"wp:term":[{"taxonomy":"category","embeddable":true,"href":"https:\/\/www.diarioimagen.net\/index.php?rest_route=%2Fwp%2Fv2%2Fcategories&post=260032"},{"taxonomy":"post_tag","embeddable":true,"href":"https:\/\/www.diarioimagen.net\/index.php?rest_route=%2Fwp%2Fv2%2Ftags&post=260032"}],"curies":[{"name":"wp","href":"https:\/\/api.w.org\/{rel}","templated":true}]}}