{"id":260051,"date":"2016-03-14T00:01:39","date_gmt":"2016-03-14T06:01:39","guid":{"rendered":"http:\/\/www.diarioimagen.net\/?p=260051"},"modified":"2016-03-14T06:43:45","modified_gmt":"2016-03-14T12:43:45","slug":"el-qasr-al-hosn-festival-en-abu-dhabi-tiene-por-objetivo-mantener-el-patrimonio-y-los-valores-del-emirato","status":"publish","type":"post","link":"https:\/\/www.diarioimagen.net\/?p=260051","title":{"rendered":"El <em>Qasr Al Hosn Festival<\/em> en Abu Dhabi, tiene por objetivo mantener el patrimonio y los valores del emirato"},"content":{"rendered":"<h2>De cinco estrellas<\/h2>\n<h5>Victoria Gonz\u00e1lez Prado<\/h5>\n<p>&nbsp;<\/p>\n<ul>\n<li><em><strong>Alonso Mart\u00ednez Alc\u00e1zar, nuevo presidente de la Asociaci\u00f3n Nacional de Ciudades Mexicanas Patrimonio Mundial<\/strong><\/em><\/li>\n<li><em><strong>Paul Sykes, nuevo director de Alimentos y Bebidas del hotel Rosewood San Miguel de Allende<\/strong><\/em><\/li>\n<\/ul>\n<p>&nbsp;<\/p>\n<div id=\"attachment_260119\" style=\"width: 430px\" class=\"wp-caption aligncenter\"><a href=\"http:\/\/www.diarioimagen.net\/?attachment_id=260119\" rel=\"attachment wp-att-260119\"><img loading=\"lazy\" decoding=\"async\" aria-describedby=\"caption-attachment-260119\" class=\"size-large wp-image-260119\" src=\"http:\/\/www.diarioimagen.net\/wp-content\/uploads\/2016\/03\/turismo-2824-420x236.jpg\" alt=\"El Qasr Al Hosn Festival en Abu Dhabi.\" width=\"420\" height=\"236\" srcset=\"https:\/\/www.diarioimagen.net\/wp-content\/uploads\/2016\/03\/turismo-2824-420x236.jpg 420w, https:\/\/www.diarioimagen.net\/wp-content\/uploads\/2016\/03\/turismo-2824-240x135.jpg 240w, https:\/\/www.diarioimagen.net\/wp-content\/uploads\/2016\/03\/turismo-2824-235x132.jpg 235w, https:\/\/www.diarioimagen.net\/wp-content\/uploads\/2016\/03\/turismo-2824-202x114.jpg 202w, https:\/\/www.diarioimagen.net\/wp-content\/uploads\/2016\/03\/turismo-2824-350x196.jpg 350w, https:\/\/www.diarioimagen.net\/wp-content\/uploads\/2016\/03\/turismo-2824-220x123.jpg 220w, https:\/\/www.diarioimagen.net\/wp-content\/uploads\/2016\/03\/turismo-2824-237x132.jpg 237w, https:\/\/www.diarioimagen.net\/wp-content\/uploads\/2016\/03\/turismo-2824.jpg 480w\" sizes=\"auto, (max-width: 420px) 100vw, 420px\" \/><\/a><p id=\"caption-attachment-260119\" class=\"wp-caption-text\">El Qasr Al Hosn Festival en Abu Dhabi.<\/p><\/div>\n<p>&nbsp;<\/p>\n<p>El <em>Qasr Al Hosn Festival,<\/em> que se realiz\u00f3 en Abu Dhabi del 3 al 13 de febrero, recibi\u00f3 m\u00e1s de 140 mil visitantes, n\u00famero r\u00e9cord de asistentes a este evento cultural, que en este a\u00f1o aument\u00f3 en un 15%, respecto a la edici\u00f3n del 2015, y fue una oportunidad \u00fanica para compartir en un entorno que narra el desarrollo de Abu Dhabi.<\/p>\n<p>Como un verdadero s\u00edmbolo del nacimiento de Abu Dhabi, el <em>Qasr Al Hosn<\/em> <em>Festival <\/em>es considerado punto de referencia m\u00e1s importante del Emirato. El Festival, que se celebr\u00f3 bajo el patrocinio de su alteza, el Sheik Mohamed Bin Zayed Al Nahyan, pr\u00edncipe heredero de Abu Dhabi y subcomandante supremo de las fuerzas armadas de los Emiratos \u00c1rabes Unidos (EAU), es organizado por <em>Abu Dhabi Tourism &amp; Culture Authority<\/em> (TCA Abu Dhabi) y se realiza anualmente para celebrar la identidad de los EAU que tiene como objetivo mantener el patrimonio y los valores del emirato vivos y preservarlos para las nuevas generaciones.<\/p>\n<p>SE Mohamed Khalifa Al Mubarak, presidente de <em>Abu Dhabi Tourism &amp; Culture Authority, <\/em>afirm\u00f3: \u201cEl incremento tan significativo de personas que visit\u00f3 la cuarta edici\u00f3n del Festival refleja la importancia simb\u00f3lica y el significado tan especial que tiene el <em>Qasr Al Hosn<\/em> en el coraz\u00f3n de la naci\u00f3n y su gente\u201d.<\/p>\n<p>Se\u00f1al\u00f3 tambi\u00e9n \u201cnos permite celebrar nuestra historia y cultura y nos da la oportunidad de compartir con la comunidad los trabajos de conservaci\u00f3n que est\u00e1n en curso, el proceso integral de restauraci\u00f3n y rehabilitaci\u00f3n del fuerte y sus alrededores\u201d.<\/p>\n<p>Este a\u00f1o, recalc\u00f3, \u201cel festival exhibi\u00f3 siete elementos inscritos en la lista Representativa de la Unesco de Patrimonio Cultural Intangible de la Humanidad y los visitantes se contagiaron de la herencia cultural de los EAU\u201d.<\/p>\n<p>\u201cLa conservaci\u00f3n de nuestras tradiciones y el poder compartirlas con la comunidad sigue siendo una de nuestras m\u00e1s importantes prioridades. Este a\u00f1o, m\u00e1s de 300 estudiantes emirat\u00edes de nueve universidades diferentes participaron en el festival como embajadores y el programa completo comprometi\u00f3 casi a 3 mil estudiantes de las escuelas de todo el Emirato\u201d, concluy\u00f3 SE Al Mubarak.<\/p>\n<p>Este a\u00f1o, los asistentes vivieron una experiencia inolvidable al realizar un viaje de inmersi\u00f3n al fuerte, de m\u00e1s de 200 a\u00f1os, y cerca de 10 mil 300 personas disfrutaron de la proyecci\u00f3n audiovisual durante 10 minutos. Se organizaron exposiciones culturales en las que se narr\u00f3 la historia de la naci\u00f3n y de sus habitantes, y se recolectaron testimonios de los visitantes de a\u00f1os anteriores.<\/p>\n<p>El teatro al aire libre <em>Cultural Foundation<\/em> (Fundaci\u00f3n Cultural) organiz\u00f3 un programa de poes\u00eda l\u00edrica, donde renombrados poetas de los Emiratos recordaron a los visitantes el papel tan importante que la poes\u00eda tiene dentro de la cultura de los EAU. Fue sede tambi\u00e9n de la <em>\u201cMemory of the Emirati song\u201d,<\/em> programa especial que present\u00f3 11 artistas emirat\u00edes que celebraron la herencia de la m\u00fasica popular en los EAU. A estos eventos asistieron m\u00e1s de 3 mil personas, amantes de la m\u00fasica y la poes\u00eda. Igualmente, se organiz\u00f3 la popular <em>Gahwa,<\/em> experiencia gastron\u00f3mica, donde m\u00e1s de 4 mil 600 comensales disfrutaron en restaurantes y terrazas al aire libre de un men\u00fa completo que inclu\u00eda platillos de la comida tradicional de los Emiratos.<\/p>\n<p>Cerca de 15 mil visitantes disfrutaron de numerosas presentaciones en vivo que se desarrollaron en el escenario del festival, inspirado en la herencia cultural de los Emiratos. Con cinco entradas para el festival y un incremento del 5% en el \u00e1rea del sitio de casi 47 mil m\u00b2, el d\u00eda m\u00e1s concurrido acogi\u00f3 alrededor de 20 mil visitantes -la mayor concurrencia registrada en un solo d\u00eda-.<\/p>\n<p>La revitalizada Exposici\u00f3n <em>Qasr Al Hosn<\/em>, que atrajo un promedio de mil visitantes por d\u00eda, permanecer\u00e1 abierta al p\u00fablico todos los d\u00edas del a\u00f1o de 9:00 am a 8:00 pm y se presentar\u00e1n charlas y talleres educativos.<\/p>\n<p>\u2730\u2730\u2730\u2730\u2730 Alonso Mart\u00ednez Alc\u00e1zar, alcalde de Morelia, rindi\u00f3 protesta como presidente de la Asociaci\u00f3n Nacional de Ciudades Mexicanas Patrimonio Mundial (ANCMPM), al celebrarse la primera asamblea ordinaria.<\/p>\n<p>En su intervenci\u00f3n asegur\u00f3 que formar parte de este grupo que integra a 11 ciudades del pa\u00eds, es una oportunidad para potenciar los atractivos tur\u00edsticos a nivel mundial de cada uno de los integrantes.<\/p>\n<p>Alonso Mart\u00ednez reconoci\u00f3 que ante este escenario de intercambio de experiencias, Morelia puede exponer su riqueza cultural hacia el mundo y abrir espacios para atraer turismo, lo cual ser\u00e1 de vital importancia para incrementar el n\u00famero de visitantes internacionales y seguir posicionando a la capital del estado como el destino cultural m\u00e1s importante de M\u00e9xico.<\/p>\n<p>Destac\u00f3 que Morelia tiene mucho qu\u00e9 ofrecer en materia de gastronom\u00eda, arquitectura y artesan\u00edas, por citar tan s\u00f3lo algunos de sus atractivos, que se ver\u00edan beneficiados por medio de la participaci\u00f3n de organismos internacionales.<\/p>\n<p>Las ciudades participantes fueron Campeche, Ciudad de M\u00e9xico, Guanajuato, Oaxaca, Puebla, Quer\u00e9taro, San Miguel de Allende, Tlacotalpan, Xochimilco, Zacatecas y Morelia.<\/p>\n<p>Durante el encuentro se abordaron temas relacionados con el presupuesto 2016, as\u00ed como algunas acciones a los estatutos que permitir\u00e1n mejorar el trabajo que est\u00e1 asociaci\u00f3n realiza en pro de las Ciudades Patrimonio.<\/p>\n<p>Asimismo, se abord\u00f3 el tema de la campana de promoci\u00f3n de las 11 ciudades, la cual permitir\u00e1 explotar a\u00fan m\u00e1s los atractivos tur\u00edsticos de cada uno de los municipios involucrados.<\/p>\n<p>Durante el evento, desarrollado en el Palacio Clavijero de la ciudad de Morelia, rindi\u00f3 protesta tambi\u00e9n el vicepresidente de esta Asociaci\u00f3n, Ricardo Villarreal Garc\u00eda, alcalde de de San Miguel de Allende.<\/p>\n<p>\u2730\u2730\u2730\u2730\u2730 Paul Sykes es el nuevo director de Alimentos y Bebidas del hotel <em>Rosewood<\/em> San Miguel de Allende. Con una reconocida trayectoria dentro de la industria de la hospitalidad en las \u00e1reas de alimentos y bebidas, llega para ocupar el cargo siendo responsable de supervisar y coordinar la operaci\u00f3n de los distinguidos centros de consumo del hotel.<\/p>\n<p>Originario del Reino Unido, Paul Sykes es graduado del Colegio Tecnol\u00f3gico <em>Brooke Weston City<\/em>, con especializaci\u00f3n en Gesti\u00f3n Tur\u00edstica por la Universidad de <em>Derby<\/em> y se une al inmueble en San Miguel de Allende tras haber colaborado en otras importantes cadenas hoteleras adquiriendo una gran experiencia operacional en las \u00e1reas de alimentos y bebidas. Adicionalmente, es sommelier certificado por la Asociaci\u00f3n Mexicana de Sommeliers.<\/p>\n<p>\u201cAl llegar a <em>Rosewood,<\/em> me sent\u00ed cautivado por la belleza, el entorno y el estilo del hotel. Se percibe inspiraci\u00f3n desde el arte en sus muros hasta sus experiencias gastron\u00f3micas. Es para m\u00ed un honor unirme a \u00e9ste extraordinario equipo y tener la oportunidad de trabajar en \u00e9sta m\u00e1gica ciudad\u201d.<\/p>\n<p><em><i><a href=\"mailto:victoriagprado@gmail.com\" target=\"_blank\">victoriagprado@gmail.com<\/a><\/i><\/em><br \/>\nTwitter: <a href=\"https:\/\/twitter.com\/victoriagprado\" target=\"_blank\">@victoriagprado<\/a><\/p>\n<p>&nbsp;<\/p>\n","protected":false},"excerpt":{"rendered":"<p>El <em>Qasr Al Hosn Festival,<\/em> que se realiz\u00f3 en Abu Dhabi del 3 al 13 de febrero, recibi\u00f3 m\u00e1s de 140 mil visitantes, n\u00famero r\u00e9cord de asistentes a este evento cultural, que en este a\u00f1o aument\u00f3 en un 15%, respecto a la edici\u00f3n del 2015, y fue una oportunidad \u00fanica para compartir en un entorno que narra el desarrollo de Abu Dhabi.<\/p>\n","protected":false},"author":3,"featured_media":260119,"comment_status":"open","ping_status":"open","sticky":false,"template":"","format":"standard","meta":{"_monsterinsights_skip_tracking":false,"_monsterinsights_sitenote_active":false,"_monsterinsights_sitenote_note":"","_monsterinsights_sitenote_category":0,"footnotes":""},"categories":[11],"tags":[107,43674,43681,106],"class_list":["post-260051","post","type-post","status-publish","format-standard","has-post-thumbnail","hentry","category-turismo","tag-de-cinco-estrellas","tag-opinion","tag-turismo","tag-victoria-gonzalez-prado"],"_links":{"self":[{"href":"https:\/\/www.diarioimagen.net\/index.php?rest_route=\/wp\/v2\/posts\/260051","targetHints":{"allow":["GET"]}}],"collection":[{"href":"https:\/\/www.diarioimagen.net\/index.php?rest_route=\/wp\/v2\/posts"}],"about":[{"href":"https:\/\/www.diarioimagen.net\/index.php?rest_route=\/wp\/v2\/types\/post"}],"author":[{"embeddable":true,"href":"https:\/\/www.diarioimagen.net\/index.php?rest_route=\/wp\/v2\/users\/3"}],"replies":[{"embeddable":true,"href":"https:\/\/www.diarioimagen.net\/index.php?rest_route=%2Fwp%2Fv2%2Fcomments&post=260051"}],"version-history":[{"count":0,"href":"https:\/\/www.diarioimagen.net\/index.php?rest_route=\/wp\/v2\/posts\/260051\/revisions"}],"wp:featuredmedia":[{"embeddable":true,"href":"https:\/\/www.diarioimagen.net\/index.php?rest_route=\/wp\/v2\/media\/260119"}],"wp:attachment":[{"href":"https:\/\/www.diarioimagen.net\/index.php?rest_route=%2Fwp%2Fv2%2Fmedia&parent=260051"}],"wp:term":[{"taxonomy":"category","embeddable":true,"href":"https:\/\/www.diarioimagen.net\/index.php?rest_route=%2Fwp%2Fv2%2Fcategories&post=260051"},{"taxonomy":"post_tag","embeddable":true,"href":"https:\/\/www.diarioimagen.net\/index.php?rest_route=%2Fwp%2Fv2%2Ftags&post=260051"}],"curies":[{"name":"wp","href":"https:\/\/api.w.org\/{rel}","templated":true}]}}