{"id":260196,"date":"2016-03-15T00:06:12","date_gmt":"2016-03-15T06:06:12","guid":{"rendered":"http:\/\/www.diarioimagen.net\/?p=260196"},"modified":"2016-03-16T02:40:46","modified_gmt":"2016-03-16T08:40:46","slug":"aplicaran-2-6-millones-de-vacunas-antirrabicas","status":"publish","type":"post","link":"https:\/\/www.diarioimagen.net\/?p=260196","title":{"rendered":"Aplicar\u00e1n 2.6 millones de vacunas antirr\u00e1bicas"},"content":{"rendered":"<h2>Arco Norte<\/h2>\n<h5>Jos\u00e9 Luis Monta\u00f1ez Aguilar<\/h5>\n<p>&nbsp;<\/p>\n<div id=\"attachment_260264\" style=\"width: 430px\" class=\"wp-caption aligncenter\"><a href=\"http:\/\/www.diarioimagen.net\/?attachment_id=260264\" rel=\"attachment wp-att-260264\"><img loading=\"lazy\" decoding=\"async\" aria-describedby=\"caption-attachment-260264\" class=\"size-large wp-image-260264\" src=\"http:\/\/www.diarioimagen.net\/wp-content\/uploads\/2016\/03\/arco-2825-420x279.jpg\" alt=\"Eruviel \u00c1vila inaugurando Centro de Salud e iniciando la Semana Nacional de Vacunaci\u00f3n Antirr\u00e1bica.\" width=\"420\" height=\"279\" srcset=\"https:\/\/www.diarioimagen.net\/wp-content\/uploads\/2016\/03\/arco-2825-420x279.jpg 420w, https:\/\/www.diarioimagen.net\/wp-content\/uploads\/2016\/03\/arco-2825-240x160.jpg 240w, https:\/\/www.diarioimagen.net\/wp-content\/uploads\/2016\/03\/arco-2825.jpg 680w\" sizes=\"auto, (max-width: 420px) 100vw, 420px\" \/><\/a><p id=\"caption-attachment-260264\" class=\"wp-caption-text\">Eruviel \u00c1vila inaugurando Centro de Salud e iniciando la Semana Nacional de Vacunaci\u00f3n Antirr\u00e1bica.<\/p><\/div>\n<p>&nbsp;<\/p>\n<p>Para cuidar de la salud de los mexiquenses y sus mascotas, as\u00ed como continuar con cero casos de rabia en humanos en el Estado de M\u00e9xico, el gobernador Eruviel \u00c1vila Villegas puso en marcha la Semana Nacional de Vacunaci\u00f3n Antirr\u00e1bica Canina y Felina, que tiene como meta aplicar de manera gratuita en la entidad m\u00e1s de 2 millones 622 mil vacunas a perros y gatos del 13 al 19 de marzo, que representan el 80 por ciento del total de dosis programas en el a\u00f1o, que es de 3 millones 270 mil.<\/p>\n<p>\u201cHoy reitero mi compromiso de respetar y proteger a estas mascotas que no tiene voz, pero que s\u00ed sienten, que s\u00ed\u00a0son lastimados y que no lo vamos a permitir. Inclusive la ley penal sanciona a quienes lamentablemente lastiman a un\u00a0animalito\u201d, asever\u00f3.<\/p>\n<p>En el Centro Deportivo y Cultural\u00a0 Las Am\u00e9ricas, Eruviel \u00c1vila exhort\u00f3 tambi\u00e9n a la poblaci\u00f3n a denunciar el maltrato animal a trav\u00e9s de la Procuradur\u00eda de Protecci\u00f3n Ambiente del Estado de M\u00e9xico (Propaem), en el n\u00famero telef\u00f3nico 01722 2135456, extensi\u00f3n 105, y record\u00f3 que en la entidad ya se establecen penas para este tipo de conductas.<\/p>\n<p>Asimismo, dio a conocer que el a\u00f1o pasado se realizaron m\u00e1s de 139 mil esterilizaciones de perros, y gatos y para contar con un desarrollo saludable de las mascotas, hay 7 Parques de Recreaci\u00f3n Canina y el primer Centro Infantil de Rehabilitaci\u00f3n con Asistencia Canina, entre otras acciones de protecci\u00f3n animal.<\/p>\n<p>Lo anterior, durante la entrega de apoyos de las\u00a010 Acciones para la Mujer, donde se inaugur\u00f3 de manera simb\u00f3lica el Centro de Salud Jardines de Morelos que tuvo una inversi\u00f3n de m\u00e1s de\u00a027\u00a0millones de peso, y para mejorar su servicio fue demolido en su totalidad y nuevamente reconstruido, en beneficio de la poblaci\u00f3n que habita en 26 colonias aleda\u00f1as.<\/p>\n<p><em><a href=\"mailto:montanezaguilar@gmail.com\" target=\"_blank\">montanezaguilar@gmail.com<\/a><\/em><\/p>\n","protected":false},"excerpt":{"rendered":"<p><span style=\"color: #005497;\">Jos\u00e9 Luis Monta\u00f1ez Aguilar<\/span><br \/>\n<br \/>\nPara cuidar de la salud de los mexiquenses y sus mascotas, as\u00ed como continuar con cero casos de rabia en humanos en el Estado de M\u00e9xico, el gobernador Eruviel \u00c1vila Villegas puso en marcha la Semana Nacional de Vacunaci\u00f3n Antirr\u00e1bica Canina y Felina, que tiene como meta aplicar de manera gratuita en la entidad m\u00e1s de 2 millones 622 mil vacunas a perros y gatos del 13 al 19 de marzo, que representan el 80 por ciento del total de dosis programas en el a\u00f1o, que es de 3 millones 270 mil.<\/p>\n","protected":false},"author":3,"featured_media":260264,"comment_status":"open","ping_status":"open","sticky":false,"template":"","format":"standard","meta":{"_monsterinsights_skip_tracking":false,"_monsterinsights_sitenote_active":false,"_monsterinsights_sitenote_note":"","_monsterinsights_sitenote_category":0,"footnotes":""},"categories":[5],"tags":[13284,43704,43674],"class_list":["post-260196","post","type-post","status-publish","format-standard","has-post-thumbnail","hentry","category-estado-de-mexico","tag-arco-norte","tag-jose-luis-montanez-aguilar","tag-opinion"],"_links":{"self":[{"href":"https:\/\/www.diarioimagen.net\/index.php?rest_route=\/wp\/v2\/posts\/260196","targetHints":{"allow":["GET"]}}],"collection":[{"href":"https:\/\/www.diarioimagen.net\/index.php?rest_route=\/wp\/v2\/posts"}],"about":[{"href":"https:\/\/www.diarioimagen.net\/index.php?rest_route=\/wp\/v2\/types\/post"}],"author":[{"embeddable":true,"href":"https:\/\/www.diarioimagen.net\/index.php?rest_route=\/wp\/v2\/users\/3"}],"replies":[{"embeddable":true,"href":"https:\/\/www.diarioimagen.net\/index.php?rest_route=%2Fwp%2Fv2%2Fcomments&post=260196"}],"version-history":[{"count":0,"href":"https:\/\/www.diarioimagen.net\/index.php?rest_route=\/wp\/v2\/posts\/260196\/revisions"}],"wp:featuredmedia":[{"embeddable":true,"href":"https:\/\/www.diarioimagen.net\/index.php?rest_route=\/wp\/v2\/media\/260264"}],"wp:attachment":[{"href":"https:\/\/www.diarioimagen.net\/index.php?rest_route=%2Fwp%2Fv2%2Fmedia&parent=260196"}],"wp:term":[{"taxonomy":"category","embeddable":true,"href":"https:\/\/www.diarioimagen.net\/index.php?rest_route=%2Fwp%2Fv2%2Fcategories&post=260196"},{"taxonomy":"post_tag","embeddable":true,"href":"https:\/\/www.diarioimagen.net\/index.php?rest_route=%2Fwp%2Fv2%2Ftags&post=260196"}],"curies":[{"name":"wp","href":"https:\/\/api.w.org\/{rel}","templated":true}]}}