{"id":260198,"date":"2016-03-15T00:09:55","date_gmt":"2016-03-15T06:09:55","guid":{"rendered":"http:\/\/www.diarioimagen.net\/?p=260198"},"modified":"2016-03-15T03:52:17","modified_gmt":"2016-03-15T09:52:17","slug":"modernizan-red-de-agua-con-material-usado-en-misa-papal","status":"publish","type":"post","link":"https:\/\/www.diarioimagen.net\/?p=260198","title":{"rendered":"Modernizan red de agua con material usado en misa papal"},"content":{"rendered":"<ul>\n<li><strong><em>Beneficio a 3 mil habitantes de Tlalnepantla<\/em><\/strong><\/li>\n<\/ul>\n<p>&nbsp;<\/p>\n<p><a href=\"http:\/\/www.diarioimagen.net\/?attachment_id=260324\" rel=\"attachment wp-att-260324\"><img loading=\"lazy\" decoding=\"async\" class=\"aligncenter size-large wp-image-260324\" src=\"http:\/\/www.diarioimagen.net\/wp-content\/uploads\/2016\/03\/tlalne-2825-420x236.jpg\" alt=\"tlalne-2825\" width=\"420\" height=\"236\" srcset=\"https:\/\/www.diarioimagen.net\/wp-content\/uploads\/2016\/03\/tlalne-2825-420x236.jpg 420w, https:\/\/www.diarioimagen.net\/wp-content\/uploads\/2016\/03\/tlalne-2825-240x135.jpg 240w, https:\/\/www.diarioimagen.net\/wp-content\/uploads\/2016\/03\/tlalne-2825-235x132.jpg 235w, https:\/\/www.diarioimagen.net\/wp-content\/uploads\/2016\/03\/tlalne-2825-202x114.jpg 202w, https:\/\/www.diarioimagen.net\/wp-content\/uploads\/2016\/03\/tlalne-2825-350x196.jpg 350w, https:\/\/www.diarioimagen.net\/wp-content\/uploads\/2016\/03\/tlalne-2825-220x123.jpg 220w, https:\/\/www.diarioimagen.net\/wp-content\/uploads\/2016\/03\/tlalne-2825-237x132.jpg 237w, https:\/\/www.diarioimagen.net\/wp-content\/uploads\/2016\/03\/tlalne-2825.jpg 480w\" sizes=\"auto, (max-width: 420px) 100vw, 420px\" \/><\/a><\/p>\n<p>&nbsp;<\/p>\n<p><strong>Tlalnepantla, Estado de M\u00e9xico<\/strong>.- La red hidr\u00e1ulica de San Andr\u00e9s Atenco, en el municipio de Tlalnepantla, est\u00e1 siendo renovada con una caracter\u00edstica especial: el agua que reciban las personas llegar\u00e1 a trav\u00e9s de tubos que se utilizaron durante la misa que ofreci\u00f3 el Papa Francisco, en su visita al Edomex en febrero pasado.<\/p>\n<p>Al respecto, Jos\u00e9 Manuel Camacho Salm\u00f3n, vocal ejecutivo de la Comisi\u00f3n de Agua del Estado de M\u00e9xico (CAEM), indic\u00f3 que con esta acci\u00f3n se cumple la instrucci\u00f3n del Ejecutivo mexiquense, sobre que los materiales que se utilizaron, se canalicen a\u222b\u00e6 obras que beneficien a la poblaci\u00f3n.<\/p>\n<p>\u201cEn este caso, el gobierno del Estado de M\u00e9xico don\u00f3 940 metros de tubo de seis pulgadas de di\u00e1metro y 500 metros de tres pulgadas de di\u00e1metro, con los que se atender\u00e1 a una poblaci\u00f3n de tres mil personas en el pueblo de San Andr\u00e9s Atenco\u201d.<\/p>\n<p>Las obras que se realizan, indic\u00f3, se ubican en la Avenida del Trabajo, cerca de la zona donde se encuentra el Perif\u00e9rico, y se est\u00e1 haciendo la sustituci\u00f3n a fin de mejorar la red hidr\u00e1ulica, que ten\u00eda varias d\u00e9cadas de antig\u00fcedad.<\/p>\n<p>Con estos trabajos de modernizaci\u00f3n, no s\u00f3lo se renueva la infraestructura, sino que se combaten los problemas de fugas del vital l\u00edquido, en el af\u00e1n de lograr que d\u00e9 un uso eficiente para los habitantes.<\/p>\n<p>Camacho Salm\u00f3n record\u00f3 que en el caso de la CAEM, fueron destinados 17 kil\u00f3metros de tuber\u00eda de agua potable en el predio de Las Am\u00e9ricas, en Ecatepec, los cuales se utilizaron para la conexi\u00f3n de las redes que permitieron a millones de personas en todo el mundo seguir la se\u00f1al de la celebraci\u00f3n que el Papa Francisco realiz\u00f3 en Ecatepec.<\/p>\n<p>Con ellos, abund\u00f3 el vocal, se crean nuevas redes y se modernizan redes antiguas, con la distinci\u00f3n de que estos materiales estar\u00e1n siendo bien utilizados en las instalaciones, beneficiando a millones de mexiquenses.<\/p>\n","protected":false},"excerpt":{"rendered":"<p>La red hidr\u00e1ulica de San Andr\u00e9s Atenco, en el municipio de Tlalnepantla, est\u00e1 siendo renovada con una caracter\u00edstica especial: el agua que reciban las personas llegar\u00e1 a trav\u00e9s de tubos que se utilizaron durante la misa que ofreci\u00f3 el Papa Francisco, en su visita al Edomex en febrero pasado.<\/p>\n","protected":false},"author":3,"featured_media":260324,"comment_status":"open","ping_status":"open","sticky":false,"template":"","format":"standard","meta":{"_monsterinsights_skip_tracking":false,"_monsterinsights_sitenote_active":false,"_monsterinsights_sitenote_note":"","_monsterinsights_sitenote_category":0,"footnotes":""},"categories":[5],"tags":[68,43675,27237,29873,169],"class_list":["post-260198","post","type-post","status-publish","format-standard","has-post-thumbnail","hentry","category-estado-de-mexico","tag-edomex","tag-estado-de-mexico","tag-francisco","tag-papa","tag-tlalnepantla"],"_links":{"self":[{"href":"https:\/\/www.diarioimagen.net\/index.php?rest_route=\/wp\/v2\/posts\/260198","targetHints":{"allow":["GET"]}}],"collection":[{"href":"https:\/\/www.diarioimagen.net\/index.php?rest_route=\/wp\/v2\/posts"}],"about":[{"href":"https:\/\/www.diarioimagen.net\/index.php?rest_route=\/wp\/v2\/types\/post"}],"author":[{"embeddable":true,"href":"https:\/\/www.diarioimagen.net\/index.php?rest_route=\/wp\/v2\/users\/3"}],"replies":[{"embeddable":true,"href":"https:\/\/www.diarioimagen.net\/index.php?rest_route=%2Fwp%2Fv2%2Fcomments&post=260198"}],"version-history":[{"count":0,"href":"https:\/\/www.diarioimagen.net\/index.php?rest_route=\/wp\/v2\/posts\/260198\/revisions"}],"wp:featuredmedia":[{"embeddable":true,"href":"https:\/\/www.diarioimagen.net\/index.php?rest_route=\/wp\/v2\/media\/260324"}],"wp:attachment":[{"href":"https:\/\/www.diarioimagen.net\/index.php?rest_route=%2Fwp%2Fv2%2Fmedia&parent=260198"}],"wp:term":[{"taxonomy":"category","embeddable":true,"href":"https:\/\/www.diarioimagen.net\/index.php?rest_route=%2Fwp%2Fv2%2Fcategories&post=260198"},{"taxonomy":"post_tag","embeddable":true,"href":"https:\/\/www.diarioimagen.net\/index.php?rest_route=%2Fwp%2Fv2%2Ftags&post=260198"}],"curies":[{"name":"wp","href":"https:\/\/api.w.org\/{rel}","templated":true}]}}