{"id":260202,"date":"2016-03-15T00:08:41","date_gmt":"2016-03-15T06:08:41","guid":{"rendered":"http:\/\/www.diarioimagen.net\/?p=260202"},"modified":"2016-03-15T04:24:41","modified_gmt":"2016-03-15T10:24:41","slug":"busca-el-difem-ampliar-red-juvenil","status":"publish","type":"post","link":"https:\/\/www.diarioimagen.net\/?p=260202","title":{"rendered":"Busca el DIFEM ampliar red juvenil"},"content":{"rendered":"<ul>\n<li><strong><em>Programa \u201cGente con Valor\u201d<\/em><\/strong><\/li>\n<\/ul>\n<p>&nbsp;<\/p>\n<div id=\"attachment_260309\" style=\"width: 430px\" class=\"wp-caption aligncenter\"><a href=\"http:\/\/www.diarioimagen.net\/?attachment_id=260309\" rel=\"attachment wp-att-260309\"><img loading=\"lazy\" decoding=\"async\" aria-describedby=\"caption-attachment-260309\" class=\"size-large wp-image-260309\" src=\"http:\/\/www.diarioimagen.net\/wp-content\/uploads\/2016\/03\/gente-con-valor-2825-420x310.jpg\" alt=\"Con generosidad y sumando esfuerzos, el Gobierno del Estado de M\u00e9xico a trav\u00e9s del DIF Estado de M\u00e9xico y M\u00e9xico Sonr\u00ede crearon el #Trenzaton desde el 2013 para ayudar a mujeres con c\u00e1ncer.\" width=\"420\" height=\"310\" srcset=\"https:\/\/www.diarioimagen.net\/wp-content\/uploads\/2016\/03\/gente-con-valor-2825-420x310.jpg 420w, https:\/\/www.diarioimagen.net\/wp-content\/uploads\/2016\/03\/gente-con-valor-2825-240x177.jpg 240w, https:\/\/www.diarioimagen.net\/wp-content\/uploads\/2016\/03\/gente-con-valor-2825-90x65.jpg 90w, https:\/\/www.diarioimagen.net\/wp-content\/uploads\/2016\/03\/gente-con-valor-2825.jpg 700w\" sizes=\"auto, (max-width: 420px) 100vw, 420px\" \/><\/a><p id=\"caption-attachment-260309\" class=\"wp-caption-text\">Con generosidad y sumando esfuerzos, el Gobierno del Estado de M\u00e9xico a trav\u00e9s del DIF Estado de M\u00e9xico y M\u00e9xico Sonr\u00ede crearon el #Trenzaton desde el 2013 para ayudar a mujeres con c\u00e1ncer.<\/p><\/div>\n<p>&nbsp;<\/p>\n<p>&nbsp;<\/p>\n<p><strong>Toluca, Estado de M\u00e9xico<\/strong>.- Al reconocer como parte del programa \u201cGente con Valor\u201d, a Gabriela de la Torre, presidenta de la fundaci\u00f3n \u201cM\u00e9xico Sonr\u00ede\u201d, por su labor altruista para personas que sufren enfermedades cr\u00f3nico-degenerativas, la presidenta honoraria del DIF Estado de M\u00e9xico, Isis \u00c1vila Mu\u00f1oz, destac\u00f3 la participaci\u00f3n voluntaria de los m\u00e1s de mil j\u00f3venes que se han sumado a esta causa.<\/p>\n<p>La titular del organismo se\u00f1al\u00f3 que en las acciones de esta red juvenil, el valor de la generosidad ha sido el motor para que la joven mexiquense Gaby de la Torre, a trav\u00e9s de esta fundaci\u00f3n, brinde apoyo material y emocional, mediante tratamientos m\u00e9dicos, estudios de laboratorio, comida a familiares de los pacientes hospitalizados y pelucas oncol\u00f3gicas.<\/p>\n<p>\u201cLos j\u00f3venes son la esperanza del futuro, debemos generar replicadores en cada uno de ellos, l\u00edderes emergentes con responsabilidad social, que adem\u00e1s permitan alejarse de los c\u00edrculos de violencia o adicciones\u201d, se\u00f1al\u00f3.<\/p>\n<p>Resalt\u00f3 que trabajar con este sector y con apoyo de M\u00e9xico Sonr\u00ede, permiti\u00f3 ampliar la meta del programa Trenzat\u00f3n, con el cual se han beneficiado a pacientes con c\u00e1ncer que perdieron su cabello debido a las quimioterapias, adem\u00e1s de brindarles trabajo al ser ellas quienes las confeccionan.<\/p>\n<p>\u201cVan m\u00e1s de 34 mil trenzas que han multiplicado sonrisas para las pacientes y sus familiares, porque ayudar a una ni\u00f1a o a una mujer no es asunto de est\u00e9tica, es de autoestima, de generosidad y de dar algo de nosotros para regalar salud emocional a las pacientes que tanto lo necesitan\u201d, afirm\u00f3 Isis \u00c1vila.<\/p>\n<p>La presidenta de \u201cM\u00e9xico Sonr\u00ede\u201d comparti\u00f3 la experiencia de ocho a\u00f1os que lleva al frente de esta fundaci\u00f3n, tiempo en el que ha vivido la generosidad viendo en los ojos y la sonrisa de cada ni\u00f1o a uno de sus familiares, pues su causa va m\u00e1s all\u00e1.<\/p>\n","protected":false},"excerpt":{"rendered":"<p>Al reconocer como parte del programa \u201cGente con Valor\u201d, a Gabriela de la Torre, presidenta de la fundaci\u00f3n \u201cM\u00e9xico Sonr\u00ede\u201d, por su labor altruista para personas que sufren enfermedades cr\u00f3nico-degenerativas, la presidenta honoraria del DIF Estado de M\u00e9xico, Isis \u00c1vila Mu\u00f1oz, destac\u00f3 la participaci\u00f3n voluntaria de los m\u00e1s de mil j\u00f3venes que se han sumado a esta causa.<\/p>\n","protected":false},"author":3,"featured_media":260309,"comment_status":"open","ping_status":"open","sticky":false,"template":"","format":"standard","meta":{"_monsterinsights_skip_tracking":false,"_monsterinsights_sitenote_active":false,"_monsterinsights_sitenote_note":"","_monsterinsights_sitenote_category":0,"footnotes":""},"categories":[5],"tags":[43675,452],"class_list":["post-260202","post","type-post","status-publish","format-standard","has-post-thumbnail","hentry","category-estado-de-mexico","tag-estado-de-mexico","tag-toluca"],"_links":{"self":[{"href":"https:\/\/www.diarioimagen.net\/index.php?rest_route=\/wp\/v2\/posts\/260202","targetHints":{"allow":["GET"]}}],"collection":[{"href":"https:\/\/www.diarioimagen.net\/index.php?rest_route=\/wp\/v2\/posts"}],"about":[{"href":"https:\/\/www.diarioimagen.net\/index.php?rest_route=\/wp\/v2\/types\/post"}],"author":[{"embeddable":true,"href":"https:\/\/www.diarioimagen.net\/index.php?rest_route=\/wp\/v2\/users\/3"}],"replies":[{"embeddable":true,"href":"https:\/\/www.diarioimagen.net\/index.php?rest_route=%2Fwp%2Fv2%2Fcomments&post=260202"}],"version-history":[{"count":0,"href":"https:\/\/www.diarioimagen.net\/index.php?rest_route=\/wp\/v2\/posts\/260202\/revisions"}],"wp:featuredmedia":[{"embeddable":true,"href":"https:\/\/www.diarioimagen.net\/index.php?rest_route=\/wp\/v2\/media\/260309"}],"wp:attachment":[{"href":"https:\/\/www.diarioimagen.net\/index.php?rest_route=%2Fwp%2Fv2%2Fmedia&parent=260202"}],"wp:term":[{"taxonomy":"category","embeddable":true,"href":"https:\/\/www.diarioimagen.net\/index.php?rest_route=%2Fwp%2Fv2%2Fcategories&post=260202"},{"taxonomy":"post_tag","embeddable":true,"href":"https:\/\/www.diarioimagen.net\/index.php?rest_route=%2Fwp%2Fv2%2Ftags&post=260202"}],"curies":[{"name":"wp","href":"https:\/\/api.w.org\/{rel}","templated":true}]}}