{"id":260215,"date":"2016-03-15T00:05:30","date_gmt":"2016-03-15T06:05:30","guid":{"rendered":"http:\/\/www.diarioimagen.net\/?p=260215"},"modified":"2016-03-15T03:20:20","modified_gmt":"2016-03-15T09:20:20","slug":"mejoraran-calidad-del-aire-en-tultitlan","status":"publish","type":"post","link":"https:\/\/www.diarioimagen.net\/?p=260215","title":{"rendered":"Mejorar\u00e1n calidad del aire en Tultitl\u00e1n"},"content":{"rendered":"<ul>\n<li><strong><em>Convenios con Medio Ambiente<\/em><\/strong><\/li>\n<\/ul>\n<p>&nbsp;<\/p>\n<div id=\"attachment_260300\" style=\"width: 311px\" class=\"wp-caption alignleft\"><a href=\"http:\/\/www.diarioimagen.net\/?attachment_id=260300\" rel=\"attachment wp-att-260300\"><img loading=\"lazy\" decoding=\"async\" aria-describedby=\"caption-attachment-260300\" class=\" wp-image-260300\" src=\"http:\/\/www.diarioimagen.net\/wp-content\/uploads\/2016\/03\/tultitlan-2825-240x224.jpg\" alt=\"El alcalde Jorge Ad\u00e1n Barr\u00f3n Elizalde firm\u00f3 cuatro convenios con la Secretar\u00eda del Medio Ambiente del gobierno del Estado de M\u00e9xico.\" width=\"301\" height=\"281\" srcset=\"https:\/\/www.diarioimagen.net\/wp-content\/uploads\/2016\/03\/tultitlan-2825-240x224.jpg 240w, https:\/\/www.diarioimagen.net\/wp-content\/uploads\/2016\/03\/tultitlan-2825-420x392.jpg 420w, https:\/\/www.diarioimagen.net\/wp-content\/uploads\/2016\/03\/tultitlan-2825.jpg 700w\" sizes=\"auto, (max-width: 301px) 100vw, 301px\" \/><\/a><p id=\"caption-attachment-260300\" class=\"wp-caption-text\">El alcalde Jorge Ad\u00e1n Barr\u00f3n Elizalde firm\u00f3 cuatro convenios con la Secretar\u00eda del Medio Ambiente del gobierno del Estado de M\u00e9xico.<\/p><\/div>\n<p><strong>Tultitl\u00e1n, Estado de M\u00e9xico<\/strong>.-\u00a0Siguiendo las pol\u00edticas p\u00fablicas establecidas por el gobierno estatal en favor del medio ambiente, el presidente municipal, Jorge Ad\u00e1n Barr\u00f3n Elizalde, firm\u00f3 con la Secretar\u00eda del Medio Ambiente del gobierno del Estado de M\u00e9xico, cuatro convenios que tienen que ver con el mejoramiento en la calidad del aire, que a su vez se reflejar\u00e1 en la calidad de vida de los tultitlenses.<\/p>\n<p>Con la representaci\u00f3n del secretario del Medio Ambiente, Miguel \u00c1ngel Contreras Nieto, Marco Antonio Rodr\u00edguez Hurtado, afirm\u00f3 que el cambio clim\u00e1tico no es un tema del pasado, por ello ponder\u00f3 la importancia de hacer conciencia en la poblaci\u00f3n para prevenir y contrarrestar los estragos de las condiciones ambientales registradas en la actualidad.<\/p>\n<p>Asimismo, destac\u00f3 la instrucci\u00f3n del gobernador, Eruviel \u00c1vila Villegas de que los convenios signados no se queden en el papel, sino que los ayuntamientos, a trav\u00e9s de todas las \u00e1reas que lo conforman, apliquen responsablemente, pol\u00edticas p\u00fablicas\u00a0 en pro del medio ambiente.<\/p>\n<p>A su vez el Ejecutivo local, Jorge Ad\u00e1n Barr\u00f3n, afirm\u00f3 que su gobierno asume su responsabilidad y se compromete a aplicar pol\u00edticas ambientales de protecci\u00f3n a la biodiversidad, con el objetivo de ofrecer un ambiente limpio y saludable para quienes habitan en el municipio.<\/p>\n<p>&nbsp;<\/p>\n","protected":false},"excerpt":{"rendered":"<p>Siguiendo las pol\u00edticas p\u00fablicas establecidas por el gobierno estatal en favor del medio ambiente, el presidente municipal, Jorge Ad\u00e1n Barr\u00f3n Elizalde, firm\u00f3 con la Secretar\u00eda del Medio Ambiente del gobierno del Estado de M\u00e9xico, cuatro convenios que tienen que ver con el mejoramiento en la calidad del aire, que a su vez se reflejar\u00e1 en la calidad de vida de los tultitlenses.<\/p>\n","protected":false},"author":3,"featured_media":260300,"comment_status":"open","ping_status":"open","sticky":false,"template":"","format":"standard","meta":{"_monsterinsights_skip_tracking":false,"_monsterinsights_sitenote_active":false,"_monsterinsights_sitenote_note":"","_monsterinsights_sitenote_category":0,"footnotes":""},"categories":[35155],"tags":[43675,578],"class_list":["post-260215","post","type-post","status-publish","format-standard","has-post-thumbnail","hentry","category-estado-de-mexico-estado-de-mexico","tag-estado-de-mexico","tag-tultitlan"],"_links":{"self":[{"href":"https:\/\/www.diarioimagen.net\/index.php?rest_route=\/wp\/v2\/posts\/260215","targetHints":{"allow":["GET"]}}],"collection":[{"href":"https:\/\/www.diarioimagen.net\/index.php?rest_route=\/wp\/v2\/posts"}],"about":[{"href":"https:\/\/www.diarioimagen.net\/index.php?rest_route=\/wp\/v2\/types\/post"}],"author":[{"embeddable":true,"href":"https:\/\/www.diarioimagen.net\/index.php?rest_route=\/wp\/v2\/users\/3"}],"replies":[{"embeddable":true,"href":"https:\/\/www.diarioimagen.net\/index.php?rest_route=%2Fwp%2Fv2%2Fcomments&post=260215"}],"version-history":[{"count":0,"href":"https:\/\/www.diarioimagen.net\/index.php?rest_route=\/wp\/v2\/posts\/260215\/revisions"}],"wp:featuredmedia":[{"embeddable":true,"href":"https:\/\/www.diarioimagen.net\/index.php?rest_route=\/wp\/v2\/media\/260300"}],"wp:attachment":[{"href":"https:\/\/www.diarioimagen.net\/index.php?rest_route=%2Fwp%2Fv2%2Fmedia&parent=260215"}],"wp:term":[{"taxonomy":"category","embeddable":true,"href":"https:\/\/www.diarioimagen.net\/index.php?rest_route=%2Fwp%2Fv2%2Fcategories&post=260215"},{"taxonomy":"post_tag","embeddable":true,"href":"https:\/\/www.diarioimagen.net\/index.php?rest_route=%2Fwp%2Fv2%2Ftags&post=260215"}],"curies":[{"name":"wp","href":"https:\/\/api.w.org\/{rel}","templated":true}]}}