{"id":260344,"date":"2016-03-15T00:07:45","date_gmt":"2016-03-15T06:07:45","guid":{"rendered":"http:\/\/www.diarioimagen.net\/?p=260344"},"modified":"2016-03-15T04:06:39","modified_gmt":"2016-03-15T10:06:39","slug":"candidatos-independientes-puros","status":"publish","type":"post","link":"https:\/\/www.diarioimagen.net\/?p=260344","title":{"rendered":"Candidatos independientes, \u00bfpuros?"},"content":{"rendered":"<h2>Punto por punto<\/h2>\n<h5>Augusto Corro<\/h5>\n<p>&nbsp;<\/p>\n<p>En junio ser\u00e1n electos nuevos gobernadores, alcaldes y diputados locales en 13 entidades.<\/p>\n<p>Lo anterior, llev\u00f3 a registrarse para competir a 843 candidatos independientes.<\/p>\n<p>Una cifra considerable, si se toma en cuenta que son m\u00faltiples los obst\u00e1culos para conseguir el registro de una candidatura en esas condiciones.<\/p>\n<p>Sin embargo, el triunfo de Jaime Rodr\u00edguez Calder\u00f3n \u201cEl Bronco\u201d, estimul\u00f3 la participaci\u00f3n ciudadana en la competencia electoral.<\/p>\n<p>El mencionado Rodr\u00edguez Calder\u00f3n derrot\u00f3 a los partidos en Nuevo Le\u00f3n sin el apoyo de las organizaciones pol\u00edticas.<\/p>\n<p>En las \u00faltimas elecciones se registraron victorias menores de aspirantes independientes a cargos de elecci\u00f3n popular.<\/p>\n<p>Como se\u00f1alamos arriba, en la lucha electoral que se avecina creci\u00f3 el n\u00famero de personas que buscan competir electoralmente.<\/p>\n<p>De esos competidores \u00bfqui\u00e9nes son realmente independientes? Porque no es lo mismo el ciudadano honesto que busca representar a su colonia, ciudad, etc., con la idea de desarrollo, progreso, justicia, etc., que aqu\u00e9l pol\u00edtico ma\u00f1oso que solo busca sus beneficios personales.<\/p>\n<p>En las pr\u00f3ximas elecciones se conocer\u00e1 el papel de aquellos que buscar\u00e1n el poder lejos de las organizaciones pol\u00edticas. Si lo hace bien, los resultados de su trabajo podr\u00e1n reflejarse en los comicios presidenciales del 2018. Si ocurre lo contrario, bien se podr\u00eda empezar a dejar de so\u00f1ar.<\/p>\n<p style=\"text-align: center;\"><strong>UNA DE CAL&#8230;<\/strong><\/p>\n<p>Seg\u00fan datos de las autoridades, en M\u00e9xico son los propios servidores p\u00fablicos los principales agresores de los periodistas. Esa informaci\u00f3n coincidi\u00f3 con la detenci\u00f3n del ex alcalde y notario p\u00fablico de Silao, Guanajuato, el pri\u00edsta Enrique Benjam\u00edn Sol\u00eds Arzola, acusado de ser el autor intelectual de la golpiza que tres trogloditas le propinaron a la periodista Karla Silva, de 24 a\u00f1os, en la sala de redacci\u00f3n del peri\u00f3dico \u201cEl Heraldo de Le\u00f3n\u201d.<\/p>\n<p>Ambas noticias fueron importantes, pero no fueron ninguna novedad.<\/p>\n<p>En este espacio nos cansamos de condenar las acciones de los caciques que ordenan las agresiones contra los representantes de los medios de comunicaci\u00f3n. Ayer les comunicamos que el ex presidente municipal Sol\u00eds Arzola se encuentra preso, mientras se decide su situaci\u00f3n jur\u00eddica.<\/p>\n<p>Aqu\u00ed, el asunto es que las autoridades deber\u00edan aplicar todo el peso de la ley a ese aprendiz de cacique, cuyos esbirros golpearon sin piedad a la reportera Karla.<\/p>\n<p>Por otra parte, de qu\u00e9 sirve saber qui\u00e9nes son los agresores de los periodistas si no se act\u00faa contra ellos.<\/p>\n<p>M\u00e9xico, desde hace varios a\u00f1os fue calificado como un pa\u00eds donde la pr\u00e1ctica del periodismo es un peligro; pero donde poco o nada se hace para erradicar este problema.<\/p>\n<p>En Veracruz, durante el gobierno del impresentable Javier Duarte, fueron asesinados 17 periodistas.<\/p>\n<p style=\"text-align: center;\"><strong>DUARTE \u201cEL CARADURA\u201d<\/strong><\/p>\n<p>Como se esperaba, H\u00e9ctor Yunes Landa fue ungido como candidato del Partido Revolucionario Institucional (PRI) a la gubernatura de Veracruz.<\/p>\n<p>En caso de ganar estar\u00e1 en una administraci\u00f3n de dos a\u00f1os.<\/p>\n<p>Se cerr\u00f3 pues la precampa\u00f1a tricolor para esperar el inicio de la contienda regular a partir del pr\u00f3ximo 3 de abril.<\/p>\n<p>El candidato pri\u00edsta tendr\u00e1 que hacer verdaderos milagros para que los veracruzanos olviden a Javier Duarte, de extracci\u00f3n pri\u00edsta, y su p\u00e9simo gobierno.<\/p>\n<p>Por cierto, en el evento pol\u00edtico donde eligieron a Yunes Landa, estuvo presente el mandatario estatal Javier Duarte \u201cEl Caradura\u201d, que dicho sea de paso, representa un verdadero lastre para el candidato pri\u00edsta. La imagen abollada de Duarte acompa\u00f1ar\u00e1 al candidato, porque es m\u00e1s que imposible separarlos de la imagen pri\u00edsta.<\/p>\n<p>\u00bfSe buscar\u00e1 ignorar o desaparecer al gobernador por arte de magia? \u00bfNo ser\u00e1 juzgado ni ir\u00e1 a la c\u00e1rcel? No pasar\u00e1 mucho tiempo en que se conozca el destino de Duarte.<\/p>\n<p style=\"text-align: center;\"><strong>GUARURAS, INTOCABLES<\/strong><\/p>\n<p>El fin de semana, los guaruras de un rico empresario agredieron al conductor de una camioneta por el simple hecho de probar su fuerza.<\/p>\n<p>Jair, as\u00ed se hizo llamar la v\u00edctima, ya levant\u00f3 el acta correspondiente.<\/p>\n<p>El video de la agresi\u00f3n fue subido a las redes y se vio el abuso de los guardaespaldas que atacaron a quien conduc\u00eda una camioneta blanca.<\/p>\n<p>Dijo el agredido que nunca el porqu\u00e9 de esa actitud violenta de los guaruras. Estos proteg\u00edan a quien conduc\u00eda un Ferrari con placas PYU-57-55 de Cuernava, cuyo propietario es un sujeto de apellido Sent\u00edes Palacios, presunto directivo de la empresa Inverdot, S.A. de C.V.<\/p>\n<p>Se supo que el mencionado empresario agredi\u00f3 a otra persona que le reclamo por estacionarse en un lugar para discapacitados en un hospital de la zona de Tlalpan.<\/p>\n<p>Ahora, \u00fanicamente falta que las autoridades lleven ante el juez al empresario y a sus guaruras. \u00bfSe podr\u00e1?<\/p>\n<p><em><a href=\"mailto:aco2742@hotmail.com\" target=\"_blank\">aco2742@hotmail.com<\/a><\/em><\/p>\n","protected":false},"excerpt":{"rendered":"<p><span style=\"color: #005497;\"><strong>Augusto Corro<\/strong><\/span><\/p>\n","protected":false},"author":3,"featured_media":0,"comment_status":"open","ping_status":"open","sticky":false,"template":"","format":"standard","meta":{"_monsterinsights_skip_tracking":false,"_monsterinsights_sitenote_active":false,"_monsterinsights_sitenote_note":"","_monsterinsights_sitenote_category":0,"footnotes":""},"categories":[157],"tags":[43686,43674,11515],"class_list":["post-260344","post","type-post","status-publish","format-standard","hentry","category-augusto-corro","tag-augusto-corro","tag-opinion","tag-punto-por-punto"],"_links":{"self":[{"href":"https:\/\/www.diarioimagen.net\/index.php?rest_route=\/wp\/v2\/posts\/260344","targetHints":{"allow":["GET"]}}],"collection":[{"href":"https:\/\/www.diarioimagen.net\/index.php?rest_route=\/wp\/v2\/posts"}],"about":[{"href":"https:\/\/www.diarioimagen.net\/index.php?rest_route=\/wp\/v2\/types\/post"}],"author":[{"embeddable":true,"href":"https:\/\/www.diarioimagen.net\/index.php?rest_route=\/wp\/v2\/users\/3"}],"replies":[{"embeddable":true,"href":"https:\/\/www.diarioimagen.net\/index.php?rest_route=%2Fwp%2Fv2%2Fcomments&post=260344"}],"version-history":[{"count":0,"href":"https:\/\/www.diarioimagen.net\/index.php?rest_route=\/wp\/v2\/posts\/260344\/revisions"}],"wp:attachment":[{"href":"https:\/\/www.diarioimagen.net\/index.php?rest_route=%2Fwp%2Fv2%2Fmedia&parent=260344"}],"wp:term":[{"taxonomy":"category","embeddable":true,"href":"https:\/\/www.diarioimagen.net\/index.php?rest_route=%2Fwp%2Fv2%2Fcategories&post=260344"},{"taxonomy":"post_tag","embeddable":true,"href":"https:\/\/www.diarioimagen.net\/index.php?rest_route=%2Fwp%2Fv2%2Ftags&post=260344"}],"curies":[{"name":"wp","href":"https:\/\/api.w.org\/{rel}","templated":true}]}}