{"id":260373,"date":"2016-03-16T00:04:00","date_gmt":"2016-03-16T06:04:00","guid":{"rendered":"http:\/\/www.diarioimagen.net\/?p=260373"},"modified":"2016-03-16T03:49:21","modified_gmt":"2016-03-16T09:49:21","slug":"fronteras-no-limitan-consumo-de-drogas-osorio-chong","status":"publish","type":"post","link":"https:\/\/www.diarioimagen.net\/?p=260373","title":{"rendered":"Las fronteras no limitan consumo de drogas: Osorio"},"content":{"rendered":"<ul>\n<li><strong><em>Cuarto foro del debate nacional<\/em><\/strong><\/li>\n<\/ul>\n<p>&nbsp;<\/p>\n<div id=\"attachment_260374\" style=\"width: 430px\" class=\"wp-caption aligncenter\"><a href=\"http:\/\/www.diarioimagen.net\/?attachment_id=260374\" rel=\"attachment wp-att-260374\"><img loading=\"lazy\" decoding=\"async\" aria-describedby=\"caption-attachment-260374\" class=\"wp-image-260374 size-large\" src=\"http:\/\/www.diarioimagen.net\/wp-content\/uploads\/2016\/03\/OSORIO-portal-420x245.jpg\" alt=\"El secretario de Gobernaci\u00f3n, Miguel \u00c1ngel Osorio Chong, inaugur\u00f3 en Guadalajara el Cuarto Foro del Debate Nacional sobre el Uso de la Mariguana.\" width=\"420\" height=\"245\" srcset=\"https:\/\/www.diarioimagen.net\/wp-content\/uploads\/2016\/03\/OSORIO-portal-420x245.jpg 420w, https:\/\/www.diarioimagen.net\/wp-content\/uploads\/2016\/03\/OSORIO-portal-240x140.jpg 240w, https:\/\/www.diarioimagen.net\/wp-content\/uploads\/2016\/03\/OSORIO-portal.jpg 480w\" sizes=\"auto, (max-width: 420px) 100vw, 420px\" \/><\/a><p id=\"caption-attachment-260374\" class=\"wp-caption-text\">El secretario de Gobernaci\u00f3n, Miguel \u00c1ngel Osorio Chong, inaugur\u00f3 en Guadalajara el Cuarto Foro del Debate Nacional sobre el Uso de la Mariguana.<\/p><\/div>\n<p>&nbsp;<\/p>\n<p>En la actualidad, los v\u00ednculos entre las cadenas de producci\u00f3n y consumo de drogas no se limitan por las fronteras, advirti\u00f3 el secretario de Gobernaci\u00f3n, Miguel \u00c1ngel Osorio Chong.<\/p>\n<p>Al inaugurar en Guadalajara el Cuarto Foro del Debate Nacional sobre el Uso de la Mariguana, el funcionario dijo que por ello no hay f\u00f3rmulas universales sino soluciones espec\u00edficas a cada contexto, ya que lo que funciona en un lugar no necesariamente tiene \u00e9xito en otro.<\/p>\n<p>Subray\u00f3 que por eso es clave generar pol\u00edticas de di\u00e1logo, debate y construcci\u00f3n de soluciones conjuntas, dentro y fuera del pa\u00eds, y parece haber un consenso de que m\u00e1s all\u00e1 de controlar la oferta y demanda, las pol\u00edticas p\u00fablicas deben incorporar una perspectiva de desarrollo humano.<\/p>\n<p>Osorio Chong coment\u00f3 que en pa\u00edses como Argentina, Chile, Brasil, Uruguay y Estados Unidos est\u00e1n tendiendo, todos, hacia la regulaci\u00f3n, la despenalizaci\u00f3n o la reducci\u00f3n de sanciones, con diferentes consecuencias.<\/p>\n<p>Dijo que actualmente en M\u00e9xico se instrumenta una pol\u00edtica que va m\u00e1s all\u00e1 de la sola persecuci\u00f3n de delitos relacionados con la producci\u00f3n, tr\u00e1fico o venta de drogas il\u00edcitas, y que incluye un gran esfuerzo de prevenci\u00f3n como nunca antes se hab\u00eda hecho en el pa\u00eds.<\/p>\n<p>Es decir, explic\u00f3, \u201chemos transitado de una respuesta puramente de fuerza contra la delincuencia a una pol\u00edtica integral en la que el enfoque preventivo es uno de los pilares m\u00e1s importantes\u201d.<\/p>\n<p>Lo anterior, resalt\u00f3, porque la seguridad ciudadana comienza por generar ambientes propicios para el desarrollo individual y la convivencia arm\u00f3nica de las personas.<\/p>\n<p>El encargado de la pol\u00edtica interna del pa\u00eds se\u00f1al\u00f3 que esa pol\u00edtica significa ir m\u00e1s all\u00e1 de reaccionar ante delitos consumados, poniendo especial \u00e9nfasis en disminuir los factores de riesgo que genera la violencia.<\/p>\n<p>Manifest\u00f3 que este tipo de situaciones exige que el Estado brinde opciones especializadas a quienes m\u00e1s all\u00e1 de haber cometido un delito menor, sufren de una adicci\u00f3n, por lo que requieren de un proceso de rehabilitaci\u00f3n.<\/p>\n<p>Ese, dijo, es el objetivo precisamente de los tribunales para el tratamiento de adicciones que, desde un enfoque de salud p\u00fablica y de prevenci\u00f3n, \u201cestamos poniendo en marcha en distintas regiones de todo nuestro pa\u00eds\u201d.<\/p>\n<p>El titular de la Secretar\u00eda de Gobernaci\u00f3n indic\u00f3 que algo distinto es hacer frente a la violencia derivada de la distribuci\u00f3n o de los conflictos que surgen entre grupos, que buscan mantener control de ciertos mercados.<\/p>\n<p>Indic\u00f3 que ah\u00ed existe de nuevo una diferencia importante, toda vez que los problemas que se originan por la venta al menudeo y el abuso de sustancias no solo se resuelven con el uso de la fuerza, sino a partir de intervenciones espec\u00edficas.<\/p>\n<p>La violencia que se origina por la acci\u00f3n del crimen organizado, a\u00f1adi\u00f3, demanda la acci\u00f3n decidida de las fuerzas de seguridad del Estado mexicano, labor que desde luego tiene que seguir d\u00e1ndose para mantener o recuperar la tranquilidad en ciertas partes del territorio nacional.<\/p>\n<p>En ese sentido reiter\u00f3 que para el gobierno de la Rep\u00fablica \u201cel uso de la fuerza no es y nunca ser\u00e1 el \u00fanico eje de la pol\u00edtica de drogas\u201d, sino al contrario, es a partir de una visi\u00f3n amplia e integral \u201ccomo estamos trabajando para ofrecer a este fen\u00f3meno respuestas de largo aliento\u201d.<\/p>\n<p>Coment\u00f3 que ahora \u201ctenemos encuestas en nuestras manos que refieren que una mayor\u00eda est\u00e1 de un lado porque no tienen la informaci\u00f3n necesaria, y por eso esta informaci\u00f3n se est\u00e1 dando para todos los ciudadanos y queremos llegue hasta el centro del seno familiar\u201d.<\/p>\n","protected":false},"excerpt":{"rendered":"<p>En la actualidad, los v\u00ednculos entre las cadenas de producci\u00f3n y consumo de drogas no se limitan por las fronteras, advirti\u00f3 el secretario de Gobernaci\u00f3n, Miguel \u00c1ngel Osorio Chong.<\/p>\n","protected":false},"author":5,"featured_media":260374,"comment_status":"open","ping_status":"open","sticky":false,"template":"","format":"standard","meta":{"_monsterinsights_skip_tracking":false,"_monsterinsights_sitenote_active":false,"_monsterinsights_sitenote_note":"","_monsterinsights_sitenote_category":0,"footnotes":""},"categories":[7],"tags":[13450,265,3676,43673,43677],"class_list":["post-260373","post","type-post","status-publish","format-standard","has-post-thumbnail","hentry","category-seguridad","tag-consumo","tag-drogas","tag-miguel-angel-osorio-chong","tag-nacional","tag-seguridad"],"_links":{"self":[{"href":"https:\/\/www.diarioimagen.net\/index.php?rest_route=\/wp\/v2\/posts\/260373","targetHints":{"allow":["GET"]}}],"collection":[{"href":"https:\/\/www.diarioimagen.net\/index.php?rest_route=\/wp\/v2\/posts"}],"about":[{"href":"https:\/\/www.diarioimagen.net\/index.php?rest_route=\/wp\/v2\/types\/post"}],"author":[{"embeddable":true,"href":"https:\/\/www.diarioimagen.net\/index.php?rest_route=\/wp\/v2\/users\/5"}],"replies":[{"embeddable":true,"href":"https:\/\/www.diarioimagen.net\/index.php?rest_route=%2Fwp%2Fv2%2Fcomments&post=260373"}],"version-history":[{"count":0,"href":"https:\/\/www.diarioimagen.net\/index.php?rest_route=\/wp\/v2\/posts\/260373\/revisions"}],"wp:featuredmedia":[{"embeddable":true,"href":"https:\/\/www.diarioimagen.net\/index.php?rest_route=\/wp\/v2\/media\/260374"}],"wp:attachment":[{"href":"https:\/\/www.diarioimagen.net\/index.php?rest_route=%2Fwp%2Fv2%2Fmedia&parent=260373"}],"wp:term":[{"taxonomy":"category","embeddable":true,"href":"https:\/\/www.diarioimagen.net\/index.php?rest_route=%2Fwp%2Fv2%2Fcategories&post=260373"},{"taxonomy":"post_tag","embeddable":true,"href":"https:\/\/www.diarioimagen.net\/index.php?rest_route=%2Fwp%2Fv2%2Ftags&post=260373"}],"curies":[{"name":"wp","href":"https:\/\/api.w.org\/{rel}","templated":true}]}}