{"id":260468,"date":"2016-03-16T00:04:50","date_gmt":"2016-03-16T06:04:50","guid":{"rendered":"http:\/\/www.diarioimagen.net\/?p=260468"},"modified":"2016-03-16T04:26:34","modified_gmt":"2016-03-16T10:26:34","slug":"reconoce-david-lopez-labor-de-la-cruz-roja","status":"publish","type":"post","link":"https:\/\/www.diarioimagen.net\/?p=260468","title":{"rendered":"Reconoce David L\u00f3pez labor de la Cruz Roja"},"content":{"rendered":"<ul>\n<li><strong><em>\u00a0Inicia oficialmente la colecta anual en Metepec<\/em><\/strong><\/li>\n<\/ul>\n<p>&nbsp;<\/p>\n<div id=\"attachment_260522\" style=\"width: 430px\" class=\"wp-caption aligncenter\"><a href=\"http:\/\/www.diarioimagen.net\/?attachment_id=260522\" rel=\"attachment wp-att-260522\"><img loading=\"lazy\" decoding=\"async\" aria-describedby=\"caption-attachment-260522\" class=\"size-large wp-image-260522\" src=\"http:\/\/www.diarioimagen.net\/wp-content\/uploads\/2016\/03\/METEPEC-2826-420x236.jpg\" alt=\"El presidente municipal David L\u00f3pez C\u00e1rdenas hizo un llamado a los metepequenses para \u00a0sumarse a la colecta anual con el lema \u201cDona y sigue ayud\u00e1ndonos a salvar vidas\u201d.\" width=\"420\" height=\"236\" srcset=\"https:\/\/www.diarioimagen.net\/wp-content\/uploads\/2016\/03\/METEPEC-2826-420x236.jpg 420w, https:\/\/www.diarioimagen.net\/wp-content\/uploads\/2016\/03\/METEPEC-2826-240x135.jpg 240w, https:\/\/www.diarioimagen.net\/wp-content\/uploads\/2016\/03\/METEPEC-2826-235x132.jpg 235w, https:\/\/www.diarioimagen.net\/wp-content\/uploads\/2016\/03\/METEPEC-2826-202x114.jpg 202w, https:\/\/www.diarioimagen.net\/wp-content\/uploads\/2016\/03\/METEPEC-2826-350x196.jpg 350w, https:\/\/www.diarioimagen.net\/wp-content\/uploads\/2016\/03\/METEPEC-2826-220x123.jpg 220w, https:\/\/www.diarioimagen.net\/wp-content\/uploads\/2016\/03\/METEPEC-2826-237x132.jpg 237w, https:\/\/www.diarioimagen.net\/wp-content\/uploads\/2016\/03\/METEPEC-2826.jpg 480w\" sizes=\"auto, (max-width: 420px) 100vw, 420px\" \/><\/a><p id=\"caption-attachment-260522\" class=\"wp-caption-text\">El presidente municipal David L\u00f3pez C\u00e1rdenas hizo un llamado a los metepequenses para \u00a0sumarse a la colecta anual con el lema \u201cDona y sigue ayud\u00e1ndonos a salvar vidas\u201d.<\/p><\/div>\n<p>&nbsp;<\/p>\n<p><strong>Metepec, Estado de M\u00e9xico<\/strong>.- El presidente municipal de Metepec, David L\u00f3pez C\u00e1rdenas, reiter\u00f3 el compromiso de hacer equipo con la Cruz Roja mexicana por ser una instituci\u00f3n noble con gran labor, e hizo un llamado a los metepequenses para \u00a0sumarse a la colecta anual con el lema \u201cDona y sigue ayud\u00e1ndonos a salvar vidas\u201d.<\/p>\n<p>Acompa\u00f1ado del delegado de la Cruz Roja en el Estado de M\u00e9xico, Jos\u00e9 Miguel Bejos, el alcalde se\u00f1al\u00f3 que unirse a la colecta es un acto generoso que tiene como objetivo proteger vidas y \u00a0beneficiar tanto a los m\u00e1s necesitados como a quienes lo requieren.<\/p>\n<p>\u201cLa Cruz Roja es una de las instituciones m\u00e1s queridas y respetadas del pa\u00eds, es un s\u00edmbolo de servicio a la comunidad.\u00a0 Como cada a\u00f1o, nos toca responder a esa generosidad que tiene con la poblaci\u00f3n\u201d, recalc\u00f3 el edil.<\/p>\n<p>Por su parte, Jos\u00e9 Miguel Bejos expres\u00f3 que el 96 por ciento de lo recaudado se destinar\u00e1 para gastos operativos de la Cruz Roja, mientras que el resto se utilizar\u00e1 para gastos administrativos; esto quiere decir que lo donado se invertir\u00e1 en capacitaciones, servicios, equipo y mejoras en los consultorios y laboratorios.<\/p>\n<p>Agreg\u00f3 que derivado del convenio que se firm\u00f3 con el Estado de M\u00e9xico para la acreditaci\u00f3n de las unidades, la Cruz Roja est\u00e1 dando consultas gratuitas a los derechohabientes del Seguro Popular, por lo que Metepec es uno de los beneficiados.<\/p>\n<p>En este esfuerzo, dijo, \u201cparticipan m\u00e1s de mil 200 voluntarios con 11 mil alcanc\u00edas para juntar la aportaci\u00f3n ciudadana. Toda moneda que los mexiquenses donen en esta colecta, se devolver\u00e1 en servicios m\u00e9dicos hospitalarios, pre-hospitalarios y en ayuda humanitaria; en las 22 cl\u00ednicas y en los siete hospitales\u201d, destac\u00f3 Jos\u00e9 Miguel Bejos.<\/p>\n<p>&nbsp;<\/p>\n","protected":false},"excerpt":{"rendered":"<p>El presidente municipal de Metepec, David L\u00f3pez C\u00e1rdenas, reiter\u00f3 el compromiso de hacer equipo con la Cruz Roja mexicana por ser una instituci\u00f3n noble con gran labor, e hizo un llamado a los metepequenses para  sumarse a la colecta anual con el lema \u201cDona y sigue ayud\u00e1ndonos a salvar vidas\u201d.<\/p>\n","protected":false},"author":3,"featured_media":260522,"comment_status":"open","ping_status":"open","sticky":false,"template":"","format":"standard","meta":{"_monsterinsights_skip_tracking":false,"_monsterinsights_sitenote_active":false,"_monsterinsights_sitenote_note":"","_monsterinsights_sitenote_category":0,"footnotes":""},"categories":[35155],"tags":[14250,43675,876],"class_list":["post-260468","post","type-post","status-publish","format-standard","has-post-thumbnail","hentry","category-estado-de-mexico-estado-de-mexico","tag-david-lopez-cardenas","tag-estado-de-mexico","tag-metepec"],"_links":{"self":[{"href":"https:\/\/www.diarioimagen.net\/index.php?rest_route=\/wp\/v2\/posts\/260468","targetHints":{"allow":["GET"]}}],"collection":[{"href":"https:\/\/www.diarioimagen.net\/index.php?rest_route=\/wp\/v2\/posts"}],"about":[{"href":"https:\/\/www.diarioimagen.net\/index.php?rest_route=\/wp\/v2\/types\/post"}],"author":[{"embeddable":true,"href":"https:\/\/www.diarioimagen.net\/index.php?rest_route=\/wp\/v2\/users\/3"}],"replies":[{"embeddable":true,"href":"https:\/\/www.diarioimagen.net\/index.php?rest_route=%2Fwp%2Fv2%2Fcomments&post=260468"}],"version-history":[{"count":0,"href":"https:\/\/www.diarioimagen.net\/index.php?rest_route=\/wp\/v2\/posts\/260468\/revisions"}],"wp:featuredmedia":[{"embeddable":true,"href":"https:\/\/www.diarioimagen.net\/index.php?rest_route=\/wp\/v2\/media\/260522"}],"wp:attachment":[{"href":"https:\/\/www.diarioimagen.net\/index.php?rest_route=%2Fwp%2Fv2%2Fmedia&parent=260468"}],"wp:term":[{"taxonomy":"category","embeddable":true,"href":"https:\/\/www.diarioimagen.net\/index.php?rest_route=%2Fwp%2Fv2%2Fcategories&post=260468"},{"taxonomy":"post_tag","embeddable":true,"href":"https:\/\/www.diarioimagen.net\/index.php?rest_route=%2Fwp%2Fv2%2Ftags&post=260468"}],"curies":[{"name":"wp","href":"https:\/\/api.w.org\/{rel}","templated":true}]}}