{"id":260500,"date":"2016-03-16T00:01:11","date_gmt":"2016-03-16T06:01:11","guid":{"rendered":"http:\/\/www.diarioimagen.net\/?p=260500"},"modified":"2016-03-16T23:53:56","modified_gmt":"2016-03-17T05:53:56","slug":"se-suma-coacalco-a-plan-por-contingencia-ambiental","status":"publish","type":"post","link":"https:\/\/www.diarioimagen.net\/?p=260500","title":{"rendered":"Se suma Coacalco a plan por contingencia ambiental"},"content":{"rendered":"<ul>\n<li><strong><em>Suspenden trabajos de bacheo<\/em><\/strong><\/li>\n<\/ul>\n<h6>Dulce Correa<\/h6>\n<h6><\/h6>\n<div id=\"attachment_260541\" style=\"width: 430px\" class=\"wp-caption aligncenter\"><a href=\"http:\/\/www.diarioimagen.net\/?attachment_id=260541\" rel=\"attachment wp-att-260541\"><img loading=\"lazy\" decoding=\"async\" aria-describedby=\"caption-attachment-260541\" class=\"size-large wp-image-260541\" src=\"http:\/\/www.diarioimagen.net\/wp-content\/uploads\/2016\/03\/coacalco-full-2826-420x236.jpg\" alt=\"El Ayuntamiento de Coacalco, presidido por Erwin Castel\u00e1n, suspendi\u00f3 los trabajos de bacheo, de poda y de sustituci\u00f3n de luminarias, entre otros.\" width=\"420\" height=\"236\" srcset=\"https:\/\/www.diarioimagen.net\/wp-content\/uploads\/2016\/03\/coacalco-full-2826-420x236.jpg 420w, https:\/\/www.diarioimagen.net\/wp-content\/uploads\/2016\/03\/coacalco-full-2826-240x135.jpg 240w, https:\/\/www.diarioimagen.net\/wp-content\/uploads\/2016\/03\/coacalco-full-2826-235x132.jpg 235w, https:\/\/www.diarioimagen.net\/wp-content\/uploads\/2016\/03\/coacalco-full-2826-202x114.jpg 202w, https:\/\/www.diarioimagen.net\/wp-content\/uploads\/2016\/03\/coacalco-full-2826-350x196.jpg 350w, https:\/\/www.diarioimagen.net\/wp-content\/uploads\/2016\/03\/coacalco-full-2826-220x123.jpg 220w, https:\/\/www.diarioimagen.net\/wp-content\/uploads\/2016\/03\/coacalco-full-2826-237x132.jpg 237w, https:\/\/www.diarioimagen.net\/wp-content\/uploads\/2016\/03\/coacalco-full-2826.jpg 480w\" sizes=\"auto, (max-width: 420px) 100vw, 420px\" \/><\/a><p id=\"caption-attachment-260541\" class=\"wp-caption-text\">El Ayuntamiento de Coacalco, presidido por Erwin Castel\u00e1n, suspendi\u00f3 los trabajos de bacheo, de poda y de sustituci\u00f3n de luminarias, entre otros.<\/p><\/div>\n<p>El gobierno de Coacalco aplic\u00f3 las medidas decretadas por la Contingencia Ambiental de la Megal\u00f3polis por ozono Fase Uno, misma que no se hab\u00eda impuesto desde hace 14 a\u00f1os.<\/p>\n<p>Ante las condiciones atmosf\u00e9ricas adversas, el Ayuntamiento presidido por Erwin Castel\u00e1n suspendi\u00f3 los trabajos de bacheo, de poda y de sustituci\u00f3n de luminarias, entre otros.<\/p>\n<p>Asimismo, la totalidad de los 102 elementos de la Direcci\u00f3n de Seguridad Vial se dedicaron a agilizar la circulaci\u00f3n en las principales vialidades de Coacalco de Berrioz\u00e1bal.<\/p>\n<p>El director de Seguridad P\u00fablica y Vial, Dagoberto Serrato, dio a conocer que la instrucci\u00f3n fue agilizar la vialidad y orientar a los conductores en cuanto a las restricciones de circulaci\u00f3n, al no poder transitar los autom\u00f3viles con holograma de verificaci\u00f3n 1 y 2, as\u00ed como con permisos.<\/p>\n<p>Adem\u00e1s, el gobierno municipal de Coacalco tom\u00f3 medidas para evitar que los habitantes practicaran deportes al aire libre, tanto en deportivos y parques p\u00fablicos, como en plateles escolares.<\/p>\n<p>Desde el s\u00e1bado pasado, la Comisi\u00f3n Ambiental de la Megal\u00f3polis deliber\u00f3 poner en marcha el programa de Pre-contingencia Ambiental por la mala calidad del aire registrada en el valle de M\u00e9xico.<\/p>\n<p>Las malas condiciones atmosf\u00e9ricas continuaron, por lo que para este martes se decret\u00f3 aplicar la Contingencia Ambiental Fase Uno. En algunas zonas del valle de M\u00e9xico los Imeca superaron los 200 puntos.<\/p>\n<p>&nbsp;<\/p>\n","protected":false},"excerpt":{"rendered":"<p>El gobierno de Coacalco aplic\u00f3 las medidas decretadas por la Contingencia Ambiental de la Megal\u00f3polis por ozono Fase Uno, misma que no se hab\u00eda impuesto desde hace 14 a\u00f1os.<\/p>\n","protected":false},"author":3,"featured_media":260541,"comment_status":"open","ping_status":"open","sticky":false,"template":"","format":"standard","meta":{"_monsterinsights_skip_tracking":false,"_monsterinsights_sitenote_active":false,"_monsterinsights_sitenote_note":"","_monsterinsights_sitenote_category":0,"footnotes":""},"categories":[35155],"tags":[579,49632,43675,49074],"class_list":["post-260500","post","type-post","status-publish","format-standard","has-post-thumbnail","hentry","category-estado-de-mexico-estado-de-mexico","tag-coacalco","tag-contingencia-ambiental","tag-estado-de-mexico","tag-ozono"],"_links":{"self":[{"href":"https:\/\/www.diarioimagen.net\/index.php?rest_route=\/wp\/v2\/posts\/260500","targetHints":{"allow":["GET"]}}],"collection":[{"href":"https:\/\/www.diarioimagen.net\/index.php?rest_route=\/wp\/v2\/posts"}],"about":[{"href":"https:\/\/www.diarioimagen.net\/index.php?rest_route=\/wp\/v2\/types\/post"}],"author":[{"embeddable":true,"href":"https:\/\/www.diarioimagen.net\/index.php?rest_route=\/wp\/v2\/users\/3"}],"replies":[{"embeddable":true,"href":"https:\/\/www.diarioimagen.net\/index.php?rest_route=%2Fwp%2Fv2%2Fcomments&post=260500"}],"version-history":[{"count":0,"href":"https:\/\/www.diarioimagen.net\/index.php?rest_route=\/wp\/v2\/posts\/260500\/revisions"}],"wp:featuredmedia":[{"embeddable":true,"href":"https:\/\/www.diarioimagen.net\/index.php?rest_route=\/wp\/v2\/media\/260541"}],"wp:attachment":[{"href":"https:\/\/www.diarioimagen.net\/index.php?rest_route=%2Fwp%2Fv2%2Fmedia&parent=260500"}],"wp:term":[{"taxonomy":"category","embeddable":true,"href":"https:\/\/www.diarioimagen.net\/index.php?rest_route=%2Fwp%2Fv2%2Fcategories&post=260500"},{"taxonomy":"post_tag","embeddable":true,"href":"https:\/\/www.diarioimagen.net\/index.php?rest_route=%2Fwp%2Fv2%2Ftags&post=260500"}],"curies":[{"name":"wp","href":"https:\/\/api.w.org\/{rel}","templated":true}]}}