{"id":260661,"date":"2016-03-17T00:02:52","date_gmt":"2016-03-17T06:02:52","guid":{"rendered":"http:\/\/www.diarioimagen.net\/?p=260661"},"modified":"2016-03-17T03:04:28","modified_gmt":"2016-03-17T09:04:28","slug":"integraran-compania-teatral-de-huixquilucan","status":"publish","type":"post","link":"https:\/\/www.diarioimagen.net\/?p=260661","title":{"rendered":"Integrar\u00e1n compa\u00f1\u00eda teatral de Huixquilucan"},"content":{"rendered":"<ul>\n<li><strong><em>Emiten convocatoria<\/em><\/strong><\/li>\n<\/ul>\n<p>&nbsp;<\/p>\n<p><strong><a href=\"http:\/\/www.diarioimagen.net\/?attachment_id=260738\" rel=\"attachment wp-att-260738\"><img loading=\"lazy\" decoding=\"async\" class=\"alignleft size-medium wp-image-260738\" src=\"http:\/\/www.diarioimagen.net\/wp-content\/uploads\/2016\/03\/HUIXQUILUCAN-2827-240x193.jpg\" alt=\"HUIXQUILUCAN-2827\" width=\"240\" height=\"193\" srcset=\"https:\/\/www.diarioimagen.net\/wp-content\/uploads\/2016\/03\/HUIXQUILUCAN-2827-240x193.jpg 240w, https:\/\/www.diarioimagen.net\/wp-content\/uploads\/2016\/03\/HUIXQUILUCAN-2827-420x338.jpg 420w, https:\/\/www.diarioimagen.net\/wp-content\/uploads\/2016\/03\/HUIXQUILUCAN-2827.jpg 600w\" sizes=\"auto, (max-width: 240px) 100vw, 240px\" \/><\/a>Huixquilucan, Estado de M\u00e9xico<\/strong>.- El Ayuntamiento, a trav\u00e9s de la Direcci\u00f3n de Desarrollo Social y la Subdirecci\u00f3n de Cultura, invita a todas las personas interesadas en las artes esc\u00e9nicas a formar parte de la Primera Compa\u00f1\u00eda Teatral del municipio.<\/p>\n<p>De acuerdo con la convocatoria emitida, los interesados en participar deber\u00e1n presentarse a las audiciones, que se realizar\u00e1n los d\u00edas 15 y 22 de abril a partir de las 12:00 horas en la Casa de Cultura \u201cSor Juana In\u00e9s de la Cruz\u201d, ubicada en el Jard\u00edn de la Cultura en carretera Huixquilucan-Zacamulpa km 1.5, en el barrio de San Juan Bautista, en la cabecera municipal.<\/p>\n<p>Las audiciones constar\u00e1n de tres filtros: canto, baile y actuaci\u00f3n. Para la primera prueba, los interesados deber\u00e1n presentar una canci\u00f3n a capela o con pista con una duraci\u00f3n m\u00e1xima de un minuto; para la segunda etapa deber\u00e1n mostrar una coreograf\u00eda preparada, mientras que para el rubro de actuaci\u00f3n presentar\u00e1n un mon\u00f3logo de una obra o libro de cualquier g\u00e9nero.<\/p>\n<p>Las personas seleccionadas formar\u00e1n parte de la Primera Compa\u00f1\u00eda Teatral de Huixquilucan, la cual tiene proyectado acercar la cultura a la comunidad y el entretenimiento, a trav\u00e9s de obras de teatro y musicales, adem\u00e1s de representar al municipio a nivel regional y estatal.<\/p>\n","protected":false},"excerpt":{"rendered":"<p>El Ayuntamiento, a trav\u00e9s de la Direcci\u00f3n de Desarrollo Social y la Subdirecci\u00f3n de Cultura, invita a todas las personas interesadas en las artes esc\u00e9nicas a formar parte de la Primera Compa\u00f1\u00eda Teatral del municipio.<\/p>\n","protected":false},"author":3,"featured_media":260738,"comment_status":"open","ping_status":"open","sticky":false,"template":"","format":"standard","meta":{"_monsterinsights_skip_tracking":false,"_monsterinsights_sitenote_active":false,"_monsterinsights_sitenote_note":"","_monsterinsights_sitenote_category":0,"footnotes":""},"categories":[35155],"tags":[43675,1097],"class_list":["post-260661","post","type-post","status-publish","format-standard","has-post-thumbnail","hentry","category-estado-de-mexico-estado-de-mexico","tag-estado-de-mexico","tag-huixquilucan"],"_links":{"self":[{"href":"https:\/\/www.diarioimagen.net\/index.php?rest_route=\/wp\/v2\/posts\/260661","targetHints":{"allow":["GET"]}}],"collection":[{"href":"https:\/\/www.diarioimagen.net\/index.php?rest_route=\/wp\/v2\/posts"}],"about":[{"href":"https:\/\/www.diarioimagen.net\/index.php?rest_route=\/wp\/v2\/types\/post"}],"author":[{"embeddable":true,"href":"https:\/\/www.diarioimagen.net\/index.php?rest_route=\/wp\/v2\/users\/3"}],"replies":[{"embeddable":true,"href":"https:\/\/www.diarioimagen.net\/index.php?rest_route=%2Fwp%2Fv2%2Fcomments&post=260661"}],"version-history":[{"count":0,"href":"https:\/\/www.diarioimagen.net\/index.php?rest_route=\/wp\/v2\/posts\/260661\/revisions"}],"wp:featuredmedia":[{"embeddable":true,"href":"https:\/\/www.diarioimagen.net\/index.php?rest_route=\/wp\/v2\/media\/260738"}],"wp:attachment":[{"href":"https:\/\/www.diarioimagen.net\/index.php?rest_route=%2Fwp%2Fv2%2Fmedia&parent=260661"}],"wp:term":[{"taxonomy":"category","embeddable":true,"href":"https:\/\/www.diarioimagen.net\/index.php?rest_route=%2Fwp%2Fv2%2Fcategories&post=260661"},{"taxonomy":"post_tag","embeddable":true,"href":"https:\/\/www.diarioimagen.net\/index.php?rest_route=%2Fwp%2Fv2%2Ftags&post=260661"}],"curies":[{"name":"wp","href":"https:\/\/api.w.org\/{rel}","templated":true}]}}