{"id":260684,"date":"2016-03-17T00:04:13","date_gmt":"2016-03-17T06:04:13","guid":{"rendered":"http:\/\/www.diarioimagen.net\/?p=260684"},"modified":"2016-03-18T00:52:51","modified_gmt":"2016-03-18T06:52:51","slug":"brigadistas-del-politecnico-viajan-a-catorce-entidades","status":"publish","type":"post","link":"https:\/\/www.diarioimagen.net\/?p=260684","title":{"rendered":"Brigadistas del Polit\u00e9cnico viajan a catorce entidades"},"content":{"rendered":"<ul>\n<li><strong><em>Servicio social comunitario<\/em><\/strong><\/li>\n<\/ul>\n<p>&nbsp;<\/p>\n<div id=\"attachment_260779\" style=\"width: 430px\" class=\"wp-caption aligncenter\"><a href=\"http:\/\/www.diarioimagen.net\/?attachment_id=260779\" rel=\"attachment wp-att-260779\"><img loading=\"lazy\" decoding=\"async\" aria-describedby=\"caption-attachment-260779\" class=\"size-large wp-image-260779\" src=\"http:\/\/www.diarioimagen.net\/wp-content\/uploads\/2016\/03\/ipn-2827-420x236.jpg\" alt=\"M\u00e1s de 700 pasantes y egresados de diferentes carreras del IPN viajan a 14 entidades federativas para llevar a cabo acciones, en beneficio de 46 municipios con altos \u00edndices de marginaci\u00f3n.\" width=\"420\" height=\"236\" srcset=\"https:\/\/www.diarioimagen.net\/wp-content\/uploads\/2016\/03\/ipn-2827-420x236.jpg 420w, https:\/\/www.diarioimagen.net\/wp-content\/uploads\/2016\/03\/ipn-2827-240x135.jpg 240w, https:\/\/www.diarioimagen.net\/wp-content\/uploads\/2016\/03\/ipn-2827-235x132.jpg 235w, https:\/\/www.diarioimagen.net\/wp-content\/uploads\/2016\/03\/ipn-2827-202x114.jpg 202w, https:\/\/www.diarioimagen.net\/wp-content\/uploads\/2016\/03\/ipn-2827-350x196.jpg 350w, https:\/\/www.diarioimagen.net\/wp-content\/uploads\/2016\/03\/ipn-2827-220x123.jpg 220w, https:\/\/www.diarioimagen.net\/wp-content\/uploads\/2016\/03\/ipn-2827-237x132.jpg 237w, https:\/\/www.diarioimagen.net\/wp-content\/uploads\/2016\/03\/ipn-2827.jpg 480w\" sizes=\"auto, (max-width: 420px) 100vw, 420px\" \/><\/a><p id=\"caption-attachment-260779\" class=\"wp-caption-text\">M\u00e1s de 700 pasantes y egresados de diferentes carreras del IPN viajan a 14 entidades federativas para llevar a cabo acciones, en beneficio de 46 municipios con altos \u00edndices de marginaci\u00f3n.<\/p><\/div>\n<p>&nbsp;<\/p>\n<p>Un total de 776 pasantes y egresados de diferentes carreras del Instituto Polit\u00e9cnico Nacional (IPN) viajaron a 14 entidades federativas del pa\u00eds, como parte de las brigadas multidisciplinarias de servicio social comunitario de primavera, para llevar a cabo acciones en beneficio de 46 municipios con altos \u00edndices de marginaci\u00f3n.<\/p>\n<p>Al encabezar la ceremonia de salida de las brigadas, el secretario de Extensi\u00f3n e Integraci\u00f3n Social del IPN, Francisco Jos\u00e9 Plata Olvera, expuso que en esta ocasi\u00f3n los brigadistas asistir\u00e1n a Chiapas, Ciudad de M\u00e9xico, Estado de M\u00e9xico, Guanajuato, Hidalgo, Jalisco, Michoac\u00e1n y Morelos, Oaxaca, Puebla, San Luis Potos\u00ed, Sinaloa, Tlaxcala y Veracruz.<\/p>\n<p>Abund\u00f3 que en esos sitios ejecutar\u00e1n programas de salud integral, proyectos de desarrollo urbano, administraci\u00f3n municipal y educaci\u00f3n, entre otros.<\/p>\n<p>Expres\u00f3 que el servicio social comunitario es una de las m\u00e1s nobles acciones que realiza el Polit\u00e9cnico, al apoyar desinteresadamente a personas que habitan en las regiones con menos recursos y contribuir as\u00ed a que satisfagan sus necesidades.<\/p>\n<p>Destac\u00f3 que, de esta manera, los j\u00f3venes comparten experiencias y conocimientos adquiridos a lo largo de su formaci\u00f3n, adem\u00e1s de que resulta de suma importancia para el IPN sensibilizar a las nuevas generaciones ante la dif\u00edcil situaci\u00f3n que se vive en las comunidades m\u00e1s vulnerables de M\u00e9xico.<\/p>\n<p>El funcionario del IPN agreg\u00f3 que mediante estas tareas, se busca generar j\u00f3venes \u00edntegros, sobresalientes, solidarios y capacitados para el trabajo en equipo.<\/p>\n<p>Adem\u00e1s, se consolidan alianzas con instituciones como la Secretar\u00eda de Desarrollo Social, el Instituto Nacional para la Educaci\u00f3n de los Adultos, el Instituto Mexicano de la Juventud y con autoridades estatales y municipales.<\/p>\n<p>Destac\u00f3 que con estas acciones se contribuye a elevar el nivel socioecon\u00f3mico de las comunidades.<\/p>\n<p>El secretario de la presidencia municipal de San Mart\u00edn de las Pir\u00e1mides, Estado de M\u00e9xico, Felipe Hern\u00e1ndez Mart\u00ednez, extern\u00f3 que la construcci\u00f3n de una vinculaci\u00f3n entre el Polit\u00e9cnico y gobiernos municipales, coadyuva al desarrollo de proyectos sustentables, as\u00ed como a la modernizaci\u00f3n y reforzamiento de esquemas de gesti\u00f3n, lo que demuestra la nobleza, grandeza y liderazgo de esta casa de estudios.<\/p>\n<p>&nbsp;<\/p>\n","protected":false},"excerpt":{"rendered":"<p>Un total de 776 pasantes y egresados de diferentes carreras del Instituto Polit\u00e9cnico Nacional (IPN) viajaron a 14 entidades federativas del pa\u00eds, como parte de las brigadas multidisciplinarias de servicio social comunitario de primavera, para llevar a cabo acciones en beneficio de 46 municipios con altos \u00edndices de marginaci\u00f3n.<\/p>\n","protected":false},"author":3,"featured_media":260779,"comment_status":"open","ping_status":"open","sticky":false,"template":"","format":"standard","meta":{"_monsterinsights_skip_tracking":false,"_monsterinsights_sitenote_active":false,"_monsterinsights_sitenote_note":"","_monsterinsights_sitenote_category":0,"footnotes":""},"categories":[3],"tags":[315,43673],"class_list":["post-260684","post","type-post","status-publish","format-standard","has-post-thumbnail","hentry","category-nacional","tag-instituto-politecnico-nacional","tag-nacional"],"_links":{"self":[{"href":"https:\/\/www.diarioimagen.net\/index.php?rest_route=\/wp\/v2\/posts\/260684","targetHints":{"allow":["GET"]}}],"collection":[{"href":"https:\/\/www.diarioimagen.net\/index.php?rest_route=\/wp\/v2\/posts"}],"about":[{"href":"https:\/\/www.diarioimagen.net\/index.php?rest_route=\/wp\/v2\/types\/post"}],"author":[{"embeddable":true,"href":"https:\/\/www.diarioimagen.net\/index.php?rest_route=\/wp\/v2\/users\/3"}],"replies":[{"embeddable":true,"href":"https:\/\/www.diarioimagen.net\/index.php?rest_route=%2Fwp%2Fv2%2Fcomments&post=260684"}],"version-history":[{"count":0,"href":"https:\/\/www.diarioimagen.net\/index.php?rest_route=\/wp\/v2\/posts\/260684\/revisions"}],"wp:featuredmedia":[{"embeddable":true,"href":"https:\/\/www.diarioimagen.net\/index.php?rest_route=\/wp\/v2\/media\/260779"}],"wp:attachment":[{"href":"https:\/\/www.diarioimagen.net\/index.php?rest_route=%2Fwp%2Fv2%2Fmedia&parent=260684"}],"wp:term":[{"taxonomy":"category","embeddable":true,"href":"https:\/\/www.diarioimagen.net\/index.php?rest_route=%2Fwp%2Fv2%2Fcategories&post=260684"},{"taxonomy":"post_tag","embeddable":true,"href":"https:\/\/www.diarioimagen.net\/index.php?rest_route=%2Fwp%2Fv2%2Ftags&post=260684"}],"curies":[{"name":"wp","href":"https:\/\/api.w.org\/{rel}","templated":true}]}}