{"id":260826,"date":"2016-03-18T00:09:26","date_gmt":"2016-03-18T06:09:26","guid":{"rendered":"http:\/\/www.diarioimagen.net\/?p=260826"},"modified":"2016-03-18T02:05:37","modified_gmt":"2016-03-18T08:05:37","slug":"leche-liconsa-a-1-peso-en-zonas-pobres-desde-abril","status":"publish","type":"post","link":"https:\/\/www.diarioimagen.net\/?p=260826","title":{"rendered":"Leche Liconsa a 1 peso en zonas pobres, desde abril"},"content":{"rendered":"<ul>\n<li><strong><em>Programa piloto en 6 entidades<\/em><\/strong><\/li>\n<\/ul>\n<p>&nbsp;<\/p>\n<div id=\"attachment_260827\" style=\"width: 430px\" class=\"wp-caption aligncenter\"><a href=\"http:\/\/www.diarioimagen.net\/?attachment_id=260827\" rel=\"attachment wp-att-260827\"><img loading=\"lazy\" decoding=\"async\" aria-describedby=\"caption-attachment-260827\" class=\"wp-image-260827 size-large\" src=\"http:\/\/www.diarioimagen.net\/wp-content\/uploads\/2016\/03\/LICONSA-portal-420x245.jpg\" alt=\"La Sedesol anunci\u00f3 que Liconsa vender\u00e1 el litro de leche en un peso en 150 municipios pobres y en el resto del pa\u00eds el precio del l\u00e1cteo se mantendr\u00e1 todo el a\u00f1o en 4. 50 y 5.50 pesos.\" width=\"420\" height=\"245\" srcset=\"https:\/\/www.diarioimagen.net\/wp-content\/uploads\/2016\/03\/LICONSA-portal-420x245.jpg 420w, https:\/\/www.diarioimagen.net\/wp-content\/uploads\/2016\/03\/LICONSA-portal-240x140.jpg 240w, https:\/\/www.diarioimagen.net\/wp-content\/uploads\/2016\/03\/LICONSA-portal.jpg 480w\" sizes=\"auto, (max-width: 420px) 100vw, 420px\" \/><\/a><p id=\"caption-attachment-260827\" class=\"wp-caption-text\">La Sedesol anunci\u00f3 que Liconsa vender\u00e1 el litro de leche en un peso en 150 municipios pobres y en el resto del pa\u00eds el precio del l\u00e1cteo se mantendr\u00e1 todo el a\u00f1o en 4.50 y 5.50 pesos.<\/p><\/div>\n<p>&nbsp;<\/p>\n<p>&nbsp;<\/p>\n<p>A partir de abril Liconsa vender\u00e1 a un peso el litro de leche en los 150 municipios m\u00e1s pobres del pa\u00eds, anunci\u00f3 el titular de Desarrollo Social, Jos\u00e9 Antonio Meade Kuribre\u00f1a.<\/p>\n<p>Durante una gira de trabajo por Michoac\u00e1n, el funcionario dijo que presentar\u00e1 el programa piloto ante el Consejo de Liconsa para que comience a operar en Oaxaca, Chiapas, Puebla, Veracruz, Guerrero e Hidalgo.<\/p>\n<p>\u201cSon municipios en donde no hay leche, en donde la leche est\u00e1 ausente de la dieta de las ni\u00f1as, de los ni\u00f1os, de los adultos mayores, de las mujeres embarazadas\u201d, se\u00f1al\u00f3 Meade Kuribre\u00f1a.<\/p>\n<p>El funcionario federal refrend\u00f3 que en el resto del pa\u00eds el precio del l\u00e1cteo se mantendr\u00e1 todo el a\u00f1o en 5.50 pesos y seguir\u00e1 el precio diferenciado de 4.50 pesos en algunos municipios de Chiapas, Guerrero y Oaxaca.<\/p>\n<p>Record\u00f3 que entre los hogares m\u00e1s pobres, 50 por ciento de sus ingresos se destinan a comprar alimentos; de ah\u00ed la necesidad de introducir la leche Liconsa a su patr\u00f3n de consumo para reducir las cargas en sus recursos.<\/p>\n<p>La empresa tambi\u00e9n prev\u00e9 la construcci\u00f3n del quinto centro de acopio en Michoac\u00e1n, en la cuenca de Apatzing\u00e1n-Tepalcatepec, que tendr\u00e1 una capacidad para recibir 45 mil litros de leche al d\u00eda.<\/p>\n<p>Los otros centros est\u00e1n en Venustiano Carranza, Jamay, Sahuayo y \u00c1lvaro Obreg\u00f3n -donde se realiz\u00f3 el anuncio- y que juntos tienen una capacidad para recibir 60 mil litros al d\u00eda.<\/p>\n<p>Adem\u00e1s se cuenta con la planta en Jiquilpan, que puede recibir 160 mil litros de leche diarios. Para ello Liconsa compra leche a poco m\u00e1s de mil ganaderos michoacanos.<\/p>\n<p>La paraestatal, dependiente de la Sedesol, tambi\u00e9n tiene programado abrir ocho lecher\u00edas en el estado, para llegar a 236 mil beneficiarios michoacanos; espec\u00edficamente en la meseta pur\u00e9pecha, la costa y tierra caliente se pretende llegar a 82 mil beneficiarios.<\/p>\n<p style=\"text-align: center;\"><strong>Auditar\u00e1n padr\u00f3n de ganaderos que surten a Liconsa<\/strong><\/p>\n<p>Liconsa anunci\u00f3 que auditar\u00e1 su padr\u00f3n de proveedores como parte de una serie de medidas para la transparencia y en favor de los peque\u00f1os productores nacionales.<\/p>\n<p>\u201cLa transparencia ser\u00e1 regla en la actuaci\u00f3n de Liconsa de aqu\u00ed en adelant\u00e9\u201d, dijo el titular de la Secretar\u00eda de Desarrollo Social, Jos\u00e9 Antonio Meade Kuribre\u00f1a, en el centro de acopio de la paraestatal en este municipio.<\/p>\n<p>Acompa\u00f1ado del gobernador Silvano Aureoles, delegados de Liconsa en todos los estados, as\u00ed como del director general de la lechera, H\u00e9ctor Pablo Ram\u00edrez Puga, Meade destac\u00f3 tambi\u00e9n que por primera vez en la historia de la paraestatal se licitar\u00e1 la venta de crema -subproducto de la producci\u00f3n de la leche- con lo que se atiende una de las observaciones de la Auditor\u00eda Superior de la Federaci\u00f3n (ASF).<\/p>\n<p>Liconsa tiene este a\u00f1o un presupuesto menor al pasado, explic\u00f3, por lo que es necesario eficientar su funcionamiento y beneficiar a los productores.<\/p>\n<p>En este marco el funcionario federal record\u00f3 que actualmente 80 por ciento de la leche que compra Liconsa es a productores nacionales.<\/p>\n<p>A su vez, el director de la paraestatal se\u00f1al\u00f3 que el padr\u00f3n ser\u00e1 auditado y depurado con el fin de que se privilegie a los peque\u00f1os ganaderos, adem\u00e1s de que estar\u00e1 disponible en la p\u00e1gina de internet de la empresa surtidora de leche Liconsa.<\/p>\n<p>Tambi\u00e9n asegur\u00f3 que se crear\u00e1n comit\u00e9s de auditor\u00eda en las entidades, integrados por productores, funcionarios estatales y federales de Sagarpa y Liconsa. Los ganaderos y funcionarios tambi\u00e9n acordar\u00e1n el precio base del producto.<\/p>\n","protected":false},"excerpt":{"rendered":"<p>A partir de abril Liconsa vender\u00e1 a un peso el litro de leche en los 150 municipios m\u00e1s pobres del pa\u00eds, anunci\u00f3 el titular de Desarrollo Social, Jos\u00e9 Antonio Meade Kuribre\u00f1a. Durante una gira de trabajo por Michoac\u00e1n, el funcionario dijo que presentar\u00e1 el programa piloto ante el Consejo de Liconsa para que comience a operar en Oaxaca, Chiapas, Puebla, Veracruz, Guerrero e Hidalgo.<\/p>\n","protected":false},"author":5,"featured_media":260827,"comment_status":"open","ping_status":"open","sticky":false,"template":"","format":"standard","meta":{"_monsterinsights_skip_tracking":false,"_monsterinsights_sitenote_active":false,"_monsterinsights_sitenote_note":"","_monsterinsights_sitenote_category":0,"footnotes":""},"categories":[3],"tags":[1212,1081,43673,21802],"class_list":["post-260826","post","type-post","status-publish","format-standard","has-post-thumbnail","hentry","category-nacional","tag-leche","tag-liconsa","tag-nacional","tag-pobres"],"_links":{"self":[{"href":"https:\/\/www.diarioimagen.net\/index.php?rest_route=\/wp\/v2\/posts\/260826","targetHints":{"allow":["GET"]}}],"collection":[{"href":"https:\/\/www.diarioimagen.net\/index.php?rest_route=\/wp\/v2\/posts"}],"about":[{"href":"https:\/\/www.diarioimagen.net\/index.php?rest_route=\/wp\/v2\/types\/post"}],"author":[{"embeddable":true,"href":"https:\/\/www.diarioimagen.net\/index.php?rest_route=\/wp\/v2\/users\/5"}],"replies":[{"embeddable":true,"href":"https:\/\/www.diarioimagen.net\/index.php?rest_route=%2Fwp%2Fv2%2Fcomments&post=260826"}],"version-history":[{"count":0,"href":"https:\/\/www.diarioimagen.net\/index.php?rest_route=\/wp\/v2\/posts\/260826\/revisions"}],"wp:featuredmedia":[{"embeddable":true,"href":"https:\/\/www.diarioimagen.net\/index.php?rest_route=\/wp\/v2\/media\/260827"}],"wp:attachment":[{"href":"https:\/\/www.diarioimagen.net\/index.php?rest_route=%2Fwp%2Fv2%2Fmedia&parent=260826"}],"wp:term":[{"taxonomy":"category","embeddable":true,"href":"https:\/\/www.diarioimagen.net\/index.php?rest_route=%2Fwp%2Fv2%2Fcategories&post=260826"},{"taxonomy":"post_tag","embeddable":true,"href":"https:\/\/www.diarioimagen.net\/index.php?rest_route=%2Fwp%2Fv2%2Ftags&post=260826"}],"curies":[{"name":"wp","href":"https:\/\/api.w.org\/{rel}","templated":true}]}}