{"id":260855,"date":"2016-03-18T00:09:04","date_gmt":"2016-03-18T06:09:04","guid":{"rendered":"http:\/\/www.diarioimagen.net\/?p=260855"},"modified":"2016-03-21T03:15:00","modified_gmt":"2016-03-21T09:15:00","slug":"aplicaran-de-manera-mas-estricta-el-hoy-no-circula","status":"publish","type":"post","link":"https:\/\/www.diarioimagen.net\/?p=260855","title":{"rendered":"Aplicar\u00e1n de manera m\u00e1s estricta el \u201cHoy No Circula\u201d"},"content":{"rendered":"<ul>\n<li><strong><em>Acuerdo con municipios metropolitanos<\/em><\/strong><\/li>\n<\/ul>\n<p>&nbsp;<\/p>\n<div id=\"attachment_260923\" style=\"width: 430px\" class=\"wp-caption aligncenter\"><a href=\"http:\/\/www.diarioimagen.net\/?attachment_id=260923\" rel=\"attachment wp-att-260923\"><img loading=\"lazy\" decoding=\"async\" aria-describedby=\"caption-attachment-260923\" class=\"size-large wp-image-260923\" src=\"http:\/\/www.diarioimagen.net\/wp-content\/uploads\/2016\/03\/torres-2828-420x315.jpg\" alt=\"Alcaldes de los municipios que conforman la Zona Metropolitana del Valle de M\u00e9xico, se comprometieron a disminuir los \u00edndices de contaminaci\u00f3n en la regi\u00f3n.\" width=\"420\" height=\"315\" srcset=\"https:\/\/www.diarioimagen.net\/wp-content\/uploads\/2016\/03\/torres-2828-420x315.jpg 420w, https:\/\/www.diarioimagen.net\/wp-content\/uploads\/2016\/03\/torres-2828-240x180.jpg 240w, https:\/\/www.diarioimagen.net\/wp-content\/uploads\/2016\/03\/torres-2828.jpg 700w\" sizes=\"auto, (max-width: 420px) 100vw, 420px\" \/><\/a><p id=\"caption-attachment-260923\" class=\"wp-caption-text\">Alcaldes de los municipios que conforman la Zona Metropolitana del Valle de M\u00e9xico, se comprometieron a disminuir los \u00edndices de contaminaci\u00f3n en la regi\u00f3n.<\/p><\/div>\n<p>&nbsp;<\/p>\n<p><strong>Tlalnepantla, Estado de M\u00e9xico<\/strong>.-El secretario del Medio Ambiente estatal, Miguel Contreras, sostuvo una reuni\u00f3n de trabajo con alcaldes de los municipios que conforman la Zona Metropolitana del Valle de M\u00e9xico, para evaluar y comprometer medidas que permitan disminuir los \u00edndices de contaminaci\u00f3n en la regi\u00f3n, adicionales a las emitidas por la Comisi\u00f3n Ambiental de la Megal\u00f3polis (CAME), como la supervisi\u00f3n de la aplicaci\u00f3n estricta del programa \u201cHoy No Circula\u201d, por lo que se acord\u00f3 implementar una serie de medidas adicionales a las dictaminadas por la CAME:<\/p>\n<p>\u2013 Cumplimiento de las disposiciones que establece la normatividad ambiental, el reglamento de contingencias y las determinadas por los acuerdos de la CAME.<\/p>\n<p>\u2013 Cierre de deportivos y espacios p\u00fablicos, mientras contin\u00fae la contingencia ambiental.<\/p>\n<p>\u2013 Implementar operativos de movilidad terrestre y de tr\u00e1nsito municipal en avenidas principales, en coordinaci\u00f3n con ayuntamientos vecinos en los casos de calles que crucen por dos o m\u00e1s municipios.<\/p>\n<p>\u2013 Suspender todas las obras p\u00fablicas que puedan afectar el tr\u00e1nsito, como trabajos de bacheo, pintado, pavimentaci\u00f3n y otras obras que obstruyan el flujo vehicular.<\/p>\n<p>\u2013 Vigilar que se apliquen las recomendaciones emitidas por la CAME, como evitar que las personas realicen ejercicio o actividades f\u00edsicas al aire libre, entre las 13:00 y las 19:00 horas.<\/p>\n<p>\u2013 Limitar las actividades deportivas, c\u00edvicas, sociales, de recreo u otras al aire libre, as\u00ed como vigilar que la gente se abstenga de fumar en espacios cerrados.<\/p>\n<p>\u2013 Suspender las actividades de hornos artesanales y de tabiqueras.<\/p>\n<p>\u2013 Reforzar los operativos para evitar incendios en zonas boscosas, agr\u00edcolas, urbanas o en pastizales, as\u00ed como fortalecer el combate de los incendios que est\u00e9n activos.<\/p>\n<p>\u2013 Supervisar el cumplimiento del programa \u201cHoy No Circula\u201d, y seguir sancionando a los automovilistas que no respeten las restricciones establecidas.<\/p>\n<p>Por lo tanto, el secretario Miguel Contreras asegur\u00f3 que cada uno de los municipios mexiquenses de esta regi\u00f3n, cuenta con el respaldo del gobierno estatal para aplicar de forma eficiente las acciones que, consider\u00f3, permitir\u00e1n mejorar la calidad del aire en el Valle de M\u00e9xico, disminuir los \u00edndices de contaminaci\u00f3n y velar por la salud de las personas que viven en esta zona.<\/p>\n<p>&nbsp;<\/p>\n","protected":false},"excerpt":{"rendered":"<p>El secretario del Medio Ambiente estatal, Miguel Contreras, sostuvo una reuni\u00f3n de trabajo con alcaldes de los municipios que conforman la Zona Metropolitana del Valle de M\u00e9xico, para evaluar y comprometer medidas que permitan disminuir los \u00edndices de contaminaci\u00f3n en la regi\u00f3n, adicionales a las emitidas por la Comisi\u00f3n Ambiental de la Megal\u00f3polis (CAME), como la supervisi\u00f3n de la aplicaci\u00f3n estricta del programa \u201cHoy No Circula\u201d, por lo que se acord\u00f3 implementar una serie de medidas adicionales a las dictaminadas por la CAME.<\/p>\n","protected":false},"author":3,"featured_media":260923,"comment_status":"open","ping_status":"open","sticky":false,"template":"","format":"standard","meta":{"_monsterinsights_skip_tracking":false,"_monsterinsights_sitenote_active":false,"_monsterinsights_sitenote_note":"","_monsterinsights_sitenote_category":0,"footnotes":""},"categories":[5],"tags":[43675,27005,169],"class_list":["post-260855","post","type-post","status-publish","format-standard","has-post-thumbnail","hentry","category-estado-de-mexico","tag-estado-de-mexico","tag-hoy-no-circula","tag-tlalnepantla"],"_links":{"self":[{"href":"https:\/\/www.diarioimagen.net\/index.php?rest_route=\/wp\/v2\/posts\/260855","targetHints":{"allow":["GET"]}}],"collection":[{"href":"https:\/\/www.diarioimagen.net\/index.php?rest_route=\/wp\/v2\/posts"}],"about":[{"href":"https:\/\/www.diarioimagen.net\/index.php?rest_route=\/wp\/v2\/types\/post"}],"author":[{"embeddable":true,"href":"https:\/\/www.diarioimagen.net\/index.php?rest_route=\/wp\/v2\/users\/3"}],"replies":[{"embeddable":true,"href":"https:\/\/www.diarioimagen.net\/index.php?rest_route=%2Fwp%2Fv2%2Fcomments&post=260855"}],"version-history":[{"count":0,"href":"https:\/\/www.diarioimagen.net\/index.php?rest_route=\/wp\/v2\/posts\/260855\/revisions"}],"wp:featuredmedia":[{"embeddable":true,"href":"https:\/\/www.diarioimagen.net\/index.php?rest_route=\/wp\/v2\/media\/260923"}],"wp:attachment":[{"href":"https:\/\/www.diarioimagen.net\/index.php?rest_route=%2Fwp%2Fv2%2Fmedia&parent=260855"}],"wp:term":[{"taxonomy":"category","embeddable":true,"href":"https:\/\/www.diarioimagen.net\/index.php?rest_route=%2Fwp%2Fv2%2Fcategories&post=260855"},{"taxonomy":"post_tag","embeddable":true,"href":"https:\/\/www.diarioimagen.net\/index.php?rest_route=%2Fwp%2Fv2%2Ftags&post=260855"}],"curies":[{"name":"wp","href":"https:\/\/api.w.org\/{rel}","templated":true}]}}