{"id":260857,"date":"2016-03-18T00:08:39","date_gmt":"2016-03-18T06:08:39","guid":{"rendered":"http:\/\/www.diarioimagen.net\/?p=260857"},"modified":"2016-03-18T03:39:50","modified_gmt":"2016-03-18T09:39:50","slug":"reconocera-edomex-a-maestros-destacados","status":"publish","type":"post","link":"https:\/\/www.diarioimagen.net\/?p=260857","title":{"rendered":"Reconocer\u00e1 Edomex a maestros destacados"},"content":{"rendered":"<ul>\n<li><strong><em>Instalan Consejo T\u00e9cnico de la Presea de Honor<\/em><\/strong><\/li>\n<\/ul>\n<p>&nbsp;<\/p>\n<p><strong><a href=\"http:\/\/www.diarioimagen.net\/?attachment_id=260915\" rel=\"attachment wp-att-260915\"><img loading=\"lazy\" decoding=\"async\" class=\"alignleft size-medium wp-image-260915\" src=\"http:\/\/www.diarioimagen.net\/wp-content\/uploads\/2016\/03\/maestros-2828-240x135.jpg\" alt=\"maestros-2828\" width=\"240\" height=\"135\" srcset=\"https:\/\/www.diarioimagen.net\/wp-content\/uploads\/2016\/03\/maestros-2828-240x135.jpg 240w, https:\/\/www.diarioimagen.net\/wp-content\/uploads\/2016\/03\/maestros-2828-420x236.jpg 420w, https:\/\/www.diarioimagen.net\/wp-content\/uploads\/2016\/03\/maestros-2828-235x132.jpg 235w, https:\/\/www.diarioimagen.net\/wp-content\/uploads\/2016\/03\/maestros-2828-202x114.jpg 202w, https:\/\/www.diarioimagen.net\/wp-content\/uploads\/2016\/03\/maestros-2828-350x196.jpg 350w, https:\/\/www.diarioimagen.net\/wp-content\/uploads\/2016\/03\/maestros-2828-220x123.jpg 220w, https:\/\/www.diarioimagen.net\/wp-content\/uploads\/2016\/03\/maestros-2828-237x132.jpg 237w, https:\/\/www.diarioimagen.net\/wp-content\/uploads\/2016\/03\/maestros-2828.jpg 480w\" sizes=\"auto, (max-width: 240px) 100vw, 240px\" \/><\/a>Toluca, Estado de M\u00e9xico<\/strong>.-Para reconocer a los profesionistas al servicio de la educaci\u00f3n que se distinguen por su eficiencia, constancia y m\u00e9ritos profesionales, se instal\u00f3 el Consejo T\u00e9cnico de la Presea de Honor Estado de M\u00e9xico 2016.<\/p>\n<p>Rogelio Garc\u00eda, subsecretario de Planeaci\u00f3n y Administraci\u00f3n, inici\u00f3 los trabajos para convocar al magisterio estatal y federalizado, organizaciones sindicales y padres de familia, as\u00ed como agrupaciones civiles relacionadas con la actividad educativa en la entidad, para proponer candidatos merecedores del premio.<\/p>\n<p>Las inscripciones estar\u00e1n abiertas a partir del 17 de marzo y hasta el 27 de abril de este a\u00f1o, en las oficinas del \u00c1rea de Escalaf\u00f3n del Subsistema Educativo Estatal, la direcci\u00f3n general de SEIEM y en las oficinas de las organizaciones gremiales mencionadas, con una ficha de registro requisitada, con copia fotost\u00e1tica del acta de nacimiento, constancia expedida por el subsistema al que pertenezca el postulante, acreditando 25 a\u00f1os o m\u00e1s al servicio de la educaci\u00f3n estatal; copia del \u00faltimo comprobante de pago y documentos que acrediten los m\u00e9ritos y distinciones profesionales.<\/p>\n<p>Por lo tanto, el Consejo realizar\u00e1 una evaluaci\u00f3n y elaborar\u00e1 un dictamen que servir\u00e1 de base para el acuerdo que al respecto emita el gobernador Eruviel \u00c1vila, y se publicar\u00e1 en la <em>Gaceta del Gobierno<\/em>, donde se dar\u00e1 a conocer el lugar, d\u00eda y hora para la entrega del reconocimiento.<\/p>\n","protected":false},"excerpt":{"rendered":"<p>Para reconocer a los profesionistas al servicio de la educaci\u00f3n que se distinguen por su eficiencia, constancia y m\u00e9ritos profesionales, se instal\u00f3 el Consejo T\u00e9cnico de la Presea de Honor Estado de M\u00e9xico 2016. Rogelio Garc\u00eda, subsecretario de Planeaci\u00f3n y Administraci\u00f3n, inici\u00f3 los trabajos para convocar al magisterio estatal y federalizado, organizaciones sindicales y padres de familia, as\u00ed como agrupaciones civiles relacionadas con la actividad educativa en la entidad, para proponer candidatos merecedores del premio.<\/p>\n","protected":false},"author":3,"featured_media":260915,"comment_status":"open","ping_status":"open","sticky":false,"template":"","format":"standard","meta":{"_monsterinsights_skip_tracking":false,"_monsterinsights_sitenote_active":false,"_monsterinsights_sitenote_note":"","_monsterinsights_sitenote_category":0,"footnotes":""},"categories":[5],"tags":[43675,2574,12862,452],"class_list":["post-260857","post","type-post","status-publish","format-standard","has-post-thumbnail","hentry","category-estado-de-mexico","tag-estado-de-mexico","tag-maestros","tag-reconocimiento","tag-toluca"],"_links":{"self":[{"href":"https:\/\/www.diarioimagen.net\/index.php?rest_route=\/wp\/v2\/posts\/260857","targetHints":{"allow":["GET"]}}],"collection":[{"href":"https:\/\/www.diarioimagen.net\/index.php?rest_route=\/wp\/v2\/posts"}],"about":[{"href":"https:\/\/www.diarioimagen.net\/index.php?rest_route=\/wp\/v2\/types\/post"}],"author":[{"embeddable":true,"href":"https:\/\/www.diarioimagen.net\/index.php?rest_route=\/wp\/v2\/users\/3"}],"replies":[{"embeddable":true,"href":"https:\/\/www.diarioimagen.net\/index.php?rest_route=%2Fwp%2Fv2%2Fcomments&post=260857"}],"version-history":[{"count":0,"href":"https:\/\/www.diarioimagen.net\/index.php?rest_route=\/wp\/v2\/posts\/260857\/revisions"}],"wp:featuredmedia":[{"embeddable":true,"href":"https:\/\/www.diarioimagen.net\/index.php?rest_route=\/wp\/v2\/media\/260915"}],"wp:attachment":[{"href":"https:\/\/www.diarioimagen.net\/index.php?rest_route=%2Fwp%2Fv2%2Fmedia&parent=260857"}],"wp:term":[{"taxonomy":"category","embeddable":true,"href":"https:\/\/www.diarioimagen.net\/index.php?rest_route=%2Fwp%2Fv2%2Fcategories&post=260857"},{"taxonomy":"post_tag","embeddable":true,"href":"https:\/\/www.diarioimagen.net\/index.php?rest_route=%2Fwp%2Fv2%2Ftags&post=260857"}],"curies":[{"name":"wp","href":"https:\/\/api.w.org\/{rel}","templated":true}]}}