{"id":260859,"date":"2016-03-18T00:06:29","date_gmt":"2016-03-18T06:06:29","guid":{"rendered":"http:\/\/www.diarioimagen.net\/?p=260859"},"modified":"2016-03-20T23:43:59","modified_gmt":"2016-03-21T05:43:59","slug":"acciones-coordinadas-frente-a-la-contingencia","status":"publish","type":"post","link":"https:\/\/www.diarioimagen.net\/?p=260859","title":{"rendered":"Acciones coordinadas frente a la contingencia"},"content":{"rendered":"<h2>Arco Norte<\/h2>\n<h5>Jos\u00e9 Luis Monta\u00f1ez Aguilar<\/h5>\n<p>&nbsp;<\/p>\n<div id=\"attachment_260932\" style=\"width: 430px\" class=\"wp-caption aligncenter\"><a href=\"http:\/\/www.diarioimagen.net\/?attachment_id=260932\" rel=\"attachment wp-att-260932\"><img loading=\"lazy\" decoding=\"async\" aria-describedby=\"caption-attachment-260932\" class=\"size-large wp-image-260932\" src=\"http:\/\/www.diarioimagen.net\/wp-content\/uploads\/2016\/03\/arco-2828-420x236.jpg\" alt=\"Eruviel \u00c1vila - Inaugurando Centro de Salud.\" width=\"420\" height=\"236\" srcset=\"https:\/\/www.diarioimagen.net\/wp-content\/uploads\/2016\/03\/arco-2828-420x236.jpg 420w, https:\/\/www.diarioimagen.net\/wp-content\/uploads\/2016\/03\/arco-2828-240x135.jpg 240w, https:\/\/www.diarioimagen.net\/wp-content\/uploads\/2016\/03\/arco-2828-235x132.jpg 235w, https:\/\/www.diarioimagen.net\/wp-content\/uploads\/2016\/03\/arco-2828-202x114.jpg 202w, https:\/\/www.diarioimagen.net\/wp-content\/uploads\/2016\/03\/arco-2828-350x196.jpg 350w, https:\/\/www.diarioimagen.net\/wp-content\/uploads\/2016\/03\/arco-2828-220x123.jpg 220w, https:\/\/www.diarioimagen.net\/wp-content\/uploads\/2016\/03\/arco-2828-237x132.jpg 237w, https:\/\/www.diarioimagen.net\/wp-content\/uploads\/2016\/03\/arco-2828.jpg 480w\" sizes=\"auto, (max-width: 420px) 100vw, 420px\" \/><\/a><p id=\"caption-attachment-260932\" class=\"wp-caption-text\">Eruviel \u00c1vila &#8211; Inaugurando Centro de Salud.<\/p><\/div>\n<p>&nbsp;<\/p>\n<p>El gobernador Eruviel \u00c1vila Villegas afirm\u00f3 que la soluci\u00f3n a los problemas que se enfrentan por la contingencia ambiental en el Valle de M\u00e9xico, est\u00e1 en la coordinaci\u00f3n de acciones para que cada una de las partes involucradas, con un alto sentido de responsabilidad y en un \u00e1nimo de colaboraci\u00f3n, ofrezcan alternativas integrales que disminuyan los altos niveles de ozono.<\/p>\n<p>En este sentido mencion\u00f3 que desde la activaci\u00f3n de la Fase 1 de Contingencia Ambiental, el gobierno del Estado de M\u00e9xico se ha sumado a las acciones emprendidas por la Comisi\u00f3n Ambiental de la Megal\u00f3polis (CAME) y adem\u00e1s ha integrado en este esfuerzo de coordinaci\u00f3n a los municipios mexiquenses de la Zona Metropolitana del Valle de M\u00e9xico para realizar tareas conjuntas, con el prop\u00f3sito de disminuir la contaminaci\u00f3n. Coment\u00f3 que instruy\u00f3 una reuni\u00f3n entre el titular de la Secretar\u00eda del Medio Ambiente y autoridades municipales en donde se acord\u00f3 respetar y hacer valer la normatividad ambiental.<\/p>\n<p>Eruviel \u00c1vila dijo que el Edomex aportar\u00e1 su parte en este esfuerzo con acciones como el adecuado desarrollo del proceso de verificaci\u00f3n vehicular, siendo la entidad que mayor n\u00famero de operaciones realiza a nivel nacional y adem\u00e1s cuenta con asesor\u00eda internacional en este tema.<\/p>\n<p>Al respecto, puntualiz\u00f3 que en tres a\u00f1os el n\u00famero de verificaciones se increment\u00f3 en un 30%, al pasar de 4 millones 91 verificaciones en 2012 a 5 millones 336 mil 349 en 2015, en los 99 centros de verificaci\u00f3n vehicular, adem\u00e1s de ser la \u00fanica entidad en el pa\u00eds que cuenta con 17 l\u00edneas de verificaci\u00f3n en agencias automotrices para acercar el servicio a los usuarios e incrementar el n\u00famero de autos con medici\u00f3n de emisiones.<\/p>\n<p><em><a href=\"mailto:montanezaguilar@gmail.com\" target=\"_blank\">montanezaguilar@gmail.com<\/a><\/em><\/p>\n","protected":false},"excerpt":{"rendered":"<p><span style=\"color: #005497;\">Jos\u00e9 Luis Monta\u00f1ez Aguilar<\/span><br \/>\n<br \/>\nEl gobernador Eruviel \u00c1vila Villegas afirm\u00f3 que la soluci\u00f3n a los problemas que se enfrentan por la contingencia ambiental en el Valle de M\u00e9xico, est\u00e1 en la coordinaci\u00f3n de acciones para que cada una de las partes involucradas, con un alto sentido de responsabilidad y en un \u00e1nimo de colaboraci\u00f3n, ofrezcan alternativas integrales que disminuyan los altos niveles de ozono.<\/p>\n","protected":false},"author":3,"featured_media":260932,"comment_status":"open","ping_status":"open","sticky":false,"template":"","format":"standard","meta":{"_monsterinsights_skip_tracking":false,"_monsterinsights_sitenote_active":false,"_monsterinsights_sitenote_note":"","_monsterinsights_sitenote_category":0,"footnotes":""},"categories":[5],"tags":[13284,43704,43674],"class_list":["post-260859","post","type-post","status-publish","format-standard","has-post-thumbnail","hentry","category-estado-de-mexico","tag-arco-norte","tag-jose-luis-montanez-aguilar","tag-opinion"],"_links":{"self":[{"href":"https:\/\/www.diarioimagen.net\/index.php?rest_route=\/wp\/v2\/posts\/260859","targetHints":{"allow":["GET"]}}],"collection":[{"href":"https:\/\/www.diarioimagen.net\/index.php?rest_route=\/wp\/v2\/posts"}],"about":[{"href":"https:\/\/www.diarioimagen.net\/index.php?rest_route=\/wp\/v2\/types\/post"}],"author":[{"embeddable":true,"href":"https:\/\/www.diarioimagen.net\/index.php?rest_route=\/wp\/v2\/users\/3"}],"replies":[{"embeddable":true,"href":"https:\/\/www.diarioimagen.net\/index.php?rest_route=%2Fwp%2Fv2%2Fcomments&post=260859"}],"version-history":[{"count":0,"href":"https:\/\/www.diarioimagen.net\/index.php?rest_route=\/wp\/v2\/posts\/260859\/revisions"}],"wp:featuredmedia":[{"embeddable":true,"href":"https:\/\/www.diarioimagen.net\/index.php?rest_route=\/wp\/v2\/media\/260932"}],"wp:attachment":[{"href":"https:\/\/www.diarioimagen.net\/index.php?rest_route=%2Fwp%2Fv2%2Fmedia&parent=260859"}],"wp:term":[{"taxonomy":"category","embeddable":true,"href":"https:\/\/www.diarioimagen.net\/index.php?rest_route=%2Fwp%2Fv2%2Fcategories&post=260859"},{"taxonomy":"post_tag","embeddable":true,"href":"https:\/\/www.diarioimagen.net\/index.php?rest_route=%2Fwp%2Fv2%2Ftags&post=260859"}],"curies":[{"name":"wp","href":"https:\/\/api.w.org\/{rel}","templated":true}]}}