{"id":260869,"date":"2016-03-18T00:06:44","date_gmt":"2016-03-18T06:06:44","guid":{"rendered":"http:\/\/www.diarioimagen.net\/?p=260869"},"modified":"2016-03-18T02:39:06","modified_gmt":"2016-03-18T08:39:06","slug":"un-exito-la-feria-del-empleo-coacalco-2016","status":"publish","type":"post","link":"https:\/\/www.diarioimagen.net\/?p=260869","title":{"rendered":"Un \u00e9xito, la Feria del Empleo Coacalco 2016"},"content":{"rendered":"<ul>\n<li><strong><em>Ofertaron dos mil vacantes<\/em><\/strong><\/li>\n<\/ul>\n<p>&nbsp;<\/p>\n<div id=\"attachment_260930\" style=\"width: 430px\" class=\"wp-caption aligncenter\"><a href=\"http:\/\/www.diarioimagen.net\/?attachment_id=260930\" rel=\"attachment wp-att-260930\"><img loading=\"lazy\" decoding=\"async\" aria-describedby=\"caption-attachment-260930\" class=\"size-large wp-image-260930\" src=\"http:\/\/www.diarioimagen.net\/wp-content\/uploads\/2016\/03\/COACALCO-2828-420x236.jpg\" alt=\"H\u00e9ctor Valenzuela, director de Desarrollo Econ\u00f3mico, fue el encargado de inaugurar la Feria del Empleo.\" width=\"420\" height=\"236\" srcset=\"https:\/\/www.diarioimagen.net\/wp-content\/uploads\/2016\/03\/COACALCO-2828-420x236.jpg 420w, https:\/\/www.diarioimagen.net\/wp-content\/uploads\/2016\/03\/COACALCO-2828-240x135.jpg 240w, https:\/\/www.diarioimagen.net\/wp-content\/uploads\/2016\/03\/COACALCO-2828-235x132.jpg 235w, https:\/\/www.diarioimagen.net\/wp-content\/uploads\/2016\/03\/COACALCO-2828-202x114.jpg 202w, https:\/\/www.diarioimagen.net\/wp-content\/uploads\/2016\/03\/COACALCO-2828-350x196.jpg 350w, https:\/\/www.diarioimagen.net\/wp-content\/uploads\/2016\/03\/COACALCO-2828-220x123.jpg 220w, https:\/\/www.diarioimagen.net\/wp-content\/uploads\/2016\/03\/COACALCO-2828-237x132.jpg 237w, https:\/\/www.diarioimagen.net\/wp-content\/uploads\/2016\/03\/COACALCO-2828.jpg 480w\" sizes=\"auto, (max-width: 420px) 100vw, 420px\" \/><\/a><p id=\"caption-attachment-260930\" class=\"wp-caption-text\">H\u00e9ctor Valenzuela, director de Desarrollo Econ\u00f3mico, fue el encargado de inaugurar la Feria del Empleo.<\/p><\/div>\n<p>&nbsp;<\/p>\n<p><strong>Coacalco, Estado de M\u00e9xico<\/strong>.- Con la oferta de dos mil vacantes, la \u201cPrimera Feria Municipal del Empleo 2016\u201d recibi\u00f3 la visita de centenares de personas, en su mayor\u00eda j\u00f3venes.<\/p>\n<p>Al inaugurar la expo, el director general de Desarrollo y Fomento Econ\u00f3mico, H\u00e9ctor Valenzuela, dijo que el detonante para la productividad de este pa\u00eds, es la generaci\u00f3n de empleos.<\/p>\n<p>En ese sentido, agradeci\u00f3 el sector productivo de la regi\u00f3n y en especial de Coacalco que ofert\u00f3 m\u00e1s de dos mil fuentes de trabajo a trav\u00e9s de 700 empresas participantes.<\/p>\n<p>Lo m\u00e1s sobresaliente, dijo, es que se ofrecieron todo tipo de vacantes, para empleados, oficinistas u obreros, pero tambi\u00e9n puestos gerenciales y de altos ingresos para diversos grupos poblacionales.<\/p>\n<p>En ese sentido, el funcionario del municipio de Coacalco se\u00f1al\u00f3 que los empleos se agotaron y la gente que m\u00e1s acudi\u00f3 a la expo fueron j\u00f3venes.<\/p>\n<p>Empero, tambi\u00e9n se tuvo ofertas laborales para personas de la tercera edad e incluso para gente con discapacidad.<\/p>\n<p>El director de Desarrollo Econ\u00f3mico dio a conocer que en el caso de que las personas que acudieron a la Feria del Empleo de Coacalco no lograron conseguir un trabajo, se tendr\u00e1 un seguimiento para colocarlos en forma posterior.<\/p>\n<p>Afirm\u00f3 que el presidente municipal Erwin Castel\u00e1n lo instruy\u00f3 para que se realicen otras Ferias del Empleo en Coacalco, incluso focalizadas para determinados grupos sociales.<\/p>\n<p>&nbsp;<\/p>\n","protected":false},"excerpt":{"rendered":"<p>Con la oferta de dos mil vacantes, la \u201cPrimera Feria Municipal del Empleo 2016\u201d recibi\u00f3 la visita de centenares de personas, en su mayor\u00eda j\u00f3venes.<\/p>\n","protected":false},"author":3,"featured_media":260930,"comment_status":"open","ping_status":"open","sticky":false,"template":"","format":"standard","meta":{"_monsterinsights_skip_tracking":false,"_monsterinsights_sitenote_active":false,"_monsterinsights_sitenote_note":"","_monsterinsights_sitenote_category":0,"footnotes":""},"categories":[35155],"tags":[579,481,43675],"class_list":["post-260869","post","type-post","status-publish","format-standard","has-post-thumbnail","hentry","category-estado-de-mexico-estado-de-mexico","tag-coacalco","tag-empleo","tag-estado-de-mexico"],"_links":{"self":[{"href":"https:\/\/www.diarioimagen.net\/index.php?rest_route=\/wp\/v2\/posts\/260869","targetHints":{"allow":["GET"]}}],"collection":[{"href":"https:\/\/www.diarioimagen.net\/index.php?rest_route=\/wp\/v2\/posts"}],"about":[{"href":"https:\/\/www.diarioimagen.net\/index.php?rest_route=\/wp\/v2\/types\/post"}],"author":[{"embeddable":true,"href":"https:\/\/www.diarioimagen.net\/index.php?rest_route=\/wp\/v2\/users\/3"}],"replies":[{"embeddable":true,"href":"https:\/\/www.diarioimagen.net\/index.php?rest_route=%2Fwp%2Fv2%2Fcomments&post=260869"}],"version-history":[{"count":0,"href":"https:\/\/www.diarioimagen.net\/index.php?rest_route=\/wp\/v2\/posts\/260869\/revisions"}],"wp:featuredmedia":[{"embeddable":true,"href":"https:\/\/www.diarioimagen.net\/index.php?rest_route=\/wp\/v2\/media\/260930"}],"wp:attachment":[{"href":"https:\/\/www.diarioimagen.net\/index.php?rest_route=%2Fwp%2Fv2%2Fmedia&parent=260869"}],"wp:term":[{"taxonomy":"category","embeddable":true,"href":"https:\/\/www.diarioimagen.net\/index.php?rest_route=%2Fwp%2Fv2%2Fcategories&post=260869"},{"taxonomy":"post_tag","embeddable":true,"href":"https:\/\/www.diarioimagen.net\/index.php?rest_route=%2Fwp%2Fv2%2Ftags&post=260869"}],"curies":[{"name":"wp","href":"https:\/\/api.w.org\/{rel}","templated":true}]}}