{"id":260871,"date":"2016-03-18T00:05:00","date_gmt":"2016-03-18T06:05:00","guid":{"rendered":"http:\/\/www.diarioimagen.net\/?p=260871"},"modified":"2016-03-18T02:40:38","modified_gmt":"2016-03-18T08:40:38","slug":"coadyuvan-en-atizapan-a-mitigar-contaminacion","status":"publish","type":"post","link":"https:\/\/www.diarioimagen.net\/?p=260871","title":{"rendered":"Coadyuvan en Atizap\u00e1n a mitigar contaminaci\u00f3n"},"content":{"rendered":"<ul>\n<li><strong><em>Polic\u00edas agilizan la vialidad<\/em><\/strong><\/li>\n<\/ul>\n<p>&nbsp;<\/p>\n<div id=\"attachment_260936\" style=\"width: 430px\" class=\"wp-caption aligncenter\"><a href=\"http:\/\/www.diarioimagen.net\/?attachment_id=260936\" rel=\"attachment wp-att-260936\"><img loading=\"lazy\" decoding=\"async\" aria-describedby=\"caption-attachment-260936\" class=\"size-large wp-image-260936\" src=\"http:\/\/www.diarioimagen.net\/wp-content\/uploads\/2016\/03\/atizapan-2828-420x236.jpg\" alt=\"Elementos de la Direcci\u00f3n de Seguridad P\u00fablica y Tr\u00e1nsito a cargo del comisario Eduardo Gonz\u00e1lez Castillo, contin\u00faaa llevando a cabo diversas acciones para agilizar el tr\u00e1nsito vehicular en Atizap\u00e1n.\" width=\"420\" height=\"236\" srcset=\"https:\/\/www.diarioimagen.net\/wp-content\/uploads\/2016\/03\/atizapan-2828-420x236.jpg 420w, https:\/\/www.diarioimagen.net\/wp-content\/uploads\/2016\/03\/atizapan-2828-240x135.jpg 240w, https:\/\/www.diarioimagen.net\/wp-content\/uploads\/2016\/03\/atizapan-2828-235x132.jpg 235w, https:\/\/www.diarioimagen.net\/wp-content\/uploads\/2016\/03\/atizapan-2828-202x114.jpg 202w, https:\/\/www.diarioimagen.net\/wp-content\/uploads\/2016\/03\/atizapan-2828-350x196.jpg 350w, https:\/\/www.diarioimagen.net\/wp-content\/uploads\/2016\/03\/atizapan-2828-220x123.jpg 220w, https:\/\/www.diarioimagen.net\/wp-content\/uploads\/2016\/03\/atizapan-2828-237x132.jpg 237w, https:\/\/www.diarioimagen.net\/wp-content\/uploads\/2016\/03\/atizapan-2828.jpg 480w\" sizes=\"auto, (max-width: 420px) 100vw, 420px\" \/><\/a><p id=\"caption-attachment-260936\" class=\"wp-caption-text\">Elementos de la Direcci\u00f3n de Seguridad P\u00fablica y Tr\u00e1nsito a cargo del comisario Eduardo Gonz\u00e1lez Castillo, contin\u00faaa llevando a cabo diversas acciones para agilizar el tr\u00e1nsito vehicular en Atizap\u00e1n.<\/p><\/div>\n<p>&nbsp;<\/p>\n<p><strong>Atizap\u00e1n, Estado de M\u00e9xico<\/strong>.- Debido a las condiciones meteorol\u00f3gicas y de la calidad del aire\u00a0 que se presentan en la zona metropolitana del Valle de M\u00e9xico, la Direcci\u00f3n de Seguridad P\u00fablica y Tr\u00e1nsito, a cargo del comisario Eduardo Gonz\u00e1lez Castillo, continua llevando a cabo diversas acciones para agilizar el tr\u00e1nsito vehicular entre los automovilistas y transportistas, que circular por las principales avenidas de este municipio.<\/p>\n<p>La Comisi\u00f3n Ambiental de la Megal\u00f3polis inform\u00f3 de manera oficial desde primera hora que permanece la Fase 1 de Contingencia Ambiental Atmosf\u00e9rica por Ozono en la Zona Metropolitana del Vallede M\u00e9xico; lo anterior, al no existir condiciones adecuadas para la dispersi\u00f3n de los contaminantes, por lo que la polic\u00eda de Atizap\u00e1n de forma inmediata activo los protocolos de apoyo, incluso para agilizar la entrada y salida de estudiantes en los diferentes planteles educativos que existen en el municipio.<\/p>\n<p>Asimismo, los elementos de la Subdirecci\u00f3n de Tr\u00e1nsito adem\u00e1s de agilizar la vialidad en los puntos denominados cuello de botella, han aplicado un operativo para disuadir a los automovilistas a utilizar lo menos posible sus veh\u00edculos, compartir el servicio con sus vecinos y utilizar el transporte p\u00fablico.<\/p>\n<p>Aunque en el municipio de Atizap\u00e1n, no se est\u00e1n aplicando multas o sanciones econ\u00f3micas por el momento, los elementos de tr\u00e1nsito detienen de forma preventiva a automovilistas, para informarles que no deben circular, de acuerdo a lo establecido por la Comisi\u00f3n Ambiental de la Megal\u00f3polis.<\/p>\n<p>&nbsp;<\/p>\n","protected":false},"excerpt":{"rendered":"<p>Debido a las condiciones meteorol\u00f3gicas y de la calidad del aire  que se presentan en la zona metropolitana del Valle de M\u00e9xico, la Direcci\u00f3n de Seguridad P\u00fablica y Tr\u00e1nsito, a cargo del comisario Eduardo Gonz\u00e1lez Castillo, continua llevando a cabo diversas acciones para agilizar el tr\u00e1nsito vehicular entre los automovilistas y transportistas, que circular por las principales avenidas de este municipio.<\/p>\n","protected":false},"author":3,"featured_media":260936,"comment_status":"open","ping_status":"open","sticky":false,"template":"","format":"standard","meta":{"_monsterinsights_skip_tracking":false,"_monsterinsights_sitenote_active":false,"_monsterinsights_sitenote_note":"","_monsterinsights_sitenote_category":0,"footnotes":""},"categories":[35155],"tags":[969,15420,43675],"class_list":["post-260871","post","type-post","status-publish","format-standard","has-post-thumbnail","hentry","category-estado-de-mexico-estado-de-mexico","tag-atizapan","tag-contaminacion","tag-estado-de-mexico"],"_links":{"self":[{"href":"https:\/\/www.diarioimagen.net\/index.php?rest_route=\/wp\/v2\/posts\/260871","targetHints":{"allow":["GET"]}}],"collection":[{"href":"https:\/\/www.diarioimagen.net\/index.php?rest_route=\/wp\/v2\/posts"}],"about":[{"href":"https:\/\/www.diarioimagen.net\/index.php?rest_route=\/wp\/v2\/types\/post"}],"author":[{"embeddable":true,"href":"https:\/\/www.diarioimagen.net\/index.php?rest_route=\/wp\/v2\/users\/3"}],"replies":[{"embeddable":true,"href":"https:\/\/www.diarioimagen.net\/index.php?rest_route=%2Fwp%2Fv2%2Fcomments&post=260871"}],"version-history":[{"count":0,"href":"https:\/\/www.diarioimagen.net\/index.php?rest_route=\/wp\/v2\/posts\/260871\/revisions"}],"wp:featuredmedia":[{"embeddable":true,"href":"https:\/\/www.diarioimagen.net\/index.php?rest_route=\/wp\/v2\/media\/260936"}],"wp:attachment":[{"href":"https:\/\/www.diarioimagen.net\/index.php?rest_route=%2Fwp%2Fv2%2Fmedia&parent=260871"}],"wp:term":[{"taxonomy":"category","embeddable":true,"href":"https:\/\/www.diarioimagen.net\/index.php?rest_route=%2Fwp%2Fv2%2Fcategories&post=260871"},{"taxonomy":"post_tag","embeddable":true,"href":"https:\/\/www.diarioimagen.net\/index.php?rest_route=%2Fwp%2Fv2%2Ftags&post=260871"}],"curies":[{"name":"wp","href":"https:\/\/api.w.org\/{rel}","templated":true}]}}