{"id":260873,"date":"2016-03-18T00:04:46","date_gmt":"2016-03-18T06:04:46","guid":{"rendered":"http:\/\/www.diarioimagen.net\/?p=260873"},"modified":"2016-03-18T02:41:24","modified_gmt":"2016-03-18T08:41:24","slug":"ciudadania-exige-hechos-concretos-barron-elizalde","status":"publish","type":"post","link":"https:\/\/www.diarioimagen.net\/?p=260873","title":{"rendered":"Ciudadan\u00eda exige hechos concretos\u201d: Barr\u00f3n Elizalde"},"content":{"rendered":"<ul>\n<li><strong><em>\u201cNo bastan buenas intenciones\u201d en Tultitl\u00e1n<\/em><\/strong><\/li>\n<\/ul>\n<p>&nbsp;<\/p>\n<div id=\"attachment_260940\" style=\"width: 430px\" class=\"wp-caption aligncenter\"><a href=\"http:\/\/www.diarioimagen.net\/?attachment_id=260940\" rel=\"attachment wp-att-260940\"><img loading=\"lazy\" decoding=\"async\" aria-describedby=\"caption-attachment-260940\" class=\"size-large wp-image-260940\" src=\"http:\/\/www.diarioimagen.net\/wp-content\/uploads\/2016\/03\/TULTITLAN-2828-420x236.jpg\" alt=\"El alcalde Jorge Ad\u00e1n Barr\u00f3n Elizalde encabez\u00f3 la Megajornada de Limpieza realizada en el fraccionamiento Fuentes del Valle.\" width=\"420\" height=\"236\" srcset=\"https:\/\/www.diarioimagen.net\/wp-content\/uploads\/2016\/03\/TULTITLAN-2828-420x236.jpg 420w, https:\/\/www.diarioimagen.net\/wp-content\/uploads\/2016\/03\/TULTITLAN-2828-240x135.jpg 240w, https:\/\/www.diarioimagen.net\/wp-content\/uploads\/2016\/03\/TULTITLAN-2828-235x132.jpg 235w, https:\/\/www.diarioimagen.net\/wp-content\/uploads\/2016\/03\/TULTITLAN-2828-202x114.jpg 202w, https:\/\/www.diarioimagen.net\/wp-content\/uploads\/2016\/03\/TULTITLAN-2828-350x196.jpg 350w, https:\/\/www.diarioimagen.net\/wp-content\/uploads\/2016\/03\/TULTITLAN-2828-220x123.jpg 220w, https:\/\/www.diarioimagen.net\/wp-content\/uploads\/2016\/03\/TULTITLAN-2828-237x132.jpg 237w, https:\/\/www.diarioimagen.net\/wp-content\/uploads\/2016\/03\/TULTITLAN-2828.jpg 480w\" sizes=\"auto, (max-width: 420px) 100vw, 420px\" \/><\/a><p id=\"caption-attachment-260940\" class=\"wp-caption-text\">El alcalde Jorge Ad\u00e1n Barr\u00f3n Elizalde encabez\u00f3 la Megajornada de Limpieza realizada en el fraccionamiento Fuentes del Valle.<\/p><\/div>\n<p>&nbsp;<\/p>\n<p><strong>Tultitl\u00e1n, Estado de M\u00e9xico<\/strong>.- \u00a0\u201cLa administraci\u00f3n 2016-2018, no viene con buena intenciones, sino con hechos concretos que ayuden a mejorar la calidad de vida de los tultitlenses.<\/p>\n<p>Por ello, hoy les reitero que no tienen un presidente municipal de escritorio, hoy los servidores p\u00fablicos no s\u00f3lo estamos haciendo trabajo de oficina, adem\u00e1s estamos saliendo\u00a0a las calles a laborar de la mano con la ciudadan\u00eda,\u201d as\u00ed lo asegur\u00f3 el alcalde y maestro en Administraci\u00f3n Publica, Jorge Ad\u00e1n Barr\u00f3n Elizalde, al encabezar la Megajornada de Limpieza realizada en el fraccionamiento Fuentes del Valle.<\/p>\n<p>Se realizaron trabajos de limpia, poda y encalado de \u00e1rboles, pinta de guarniciones, as\u00ed como rehabilitaci\u00f3n integral el camell\u00f3n principal de la localidad, incluida la fuente que se encuentra en la entrada.<\/p>\n<p>De igual forma, se rehabilitaron 43 luminarias, tanto en el camell\u00f3n central, como en las principales calles y avenidas del fraccionamiento.<\/p>\n<p>Con el objetivo de mejorar la dotaci\u00f3n de agua potable, se realizaron trabajos preventivos y correctivos en el pozo que se encuentra en la localidad.<\/p>\n<p>El edil Ad\u00e1n Barr\u00f3n hizo un llamado a los ciudadanos a contribuir en la mejora de la imagen urbana, una vez que son rehabilitados, al tiempo que inform\u00f3 que como parte de las acciones en este rubro, el gobierno municipal, a trav\u00e9s de la \u00e1rea de Servicios P\u00fablicos, acudir\u00e1 de manera peri\u00f3dica a darle mantenimiento a los espacios rehabilitados, por lo que reiter\u00f3 a los vecinos evitar el deterioro urbano.<\/p>\n<p>Inform\u00f3 que para eludir actos vand\u00e1licos que da\u00f1en la imagen urbana de la demarcaci\u00f3n como es el caso del <em>graffiti<\/em>, el ayuntamiento aplicar\u00e1 sanciones que van de los 25 a los 50 salarios m\u00ednimos a quien realice este tipo de pintas en \u00a0el mobiliario urbano.<\/p>\n<p>&nbsp;<\/p>\n","protected":false},"excerpt":{"rendered":"<p>\u201cLa administraci\u00f3n 2016-2018, no viene con buena intenciones, sino con hechos concretos que ayuden a mejorar la calidad de vida de los tultitlenses.<\/p>\n","protected":false},"author":3,"featured_media":260940,"comment_status":"open","ping_status":"open","sticky":false,"template":"","format":"standard","meta":{"_monsterinsights_skip_tracking":false,"_monsterinsights_sitenote_active":false,"_monsterinsights_sitenote_note":"","_monsterinsights_sitenote_category":0,"footnotes":""},"categories":[35155],"tags":[43675,34759,578],"class_list":["post-260873","post","type-post","status-publish","format-standard","has-post-thumbnail","hentry","category-estado-de-mexico-estado-de-mexico","tag-estado-de-mexico","tag-jornadas","tag-tultitlan"],"_links":{"self":[{"href":"https:\/\/www.diarioimagen.net\/index.php?rest_route=\/wp\/v2\/posts\/260873","targetHints":{"allow":["GET"]}}],"collection":[{"href":"https:\/\/www.diarioimagen.net\/index.php?rest_route=\/wp\/v2\/posts"}],"about":[{"href":"https:\/\/www.diarioimagen.net\/index.php?rest_route=\/wp\/v2\/types\/post"}],"author":[{"embeddable":true,"href":"https:\/\/www.diarioimagen.net\/index.php?rest_route=\/wp\/v2\/users\/3"}],"replies":[{"embeddable":true,"href":"https:\/\/www.diarioimagen.net\/index.php?rest_route=%2Fwp%2Fv2%2Fcomments&post=260873"}],"version-history":[{"count":0,"href":"https:\/\/www.diarioimagen.net\/index.php?rest_route=\/wp\/v2\/posts\/260873\/revisions"}],"wp:featuredmedia":[{"embeddable":true,"href":"https:\/\/www.diarioimagen.net\/index.php?rest_route=\/wp\/v2\/media\/260940"}],"wp:attachment":[{"href":"https:\/\/www.diarioimagen.net\/index.php?rest_route=%2Fwp%2Fv2%2Fmedia&parent=260873"}],"wp:term":[{"taxonomy":"category","embeddable":true,"href":"https:\/\/www.diarioimagen.net\/index.php?rest_route=%2Fwp%2Fv2%2Fcategories&post=260873"},{"taxonomy":"post_tag","embeddable":true,"href":"https:\/\/www.diarioimagen.net\/index.php?rest_route=%2Fwp%2Fv2%2Ftags&post=260873"}],"curies":[{"name":"wp","href":"https:\/\/api.w.org\/{rel}","templated":true}]}}