{"id":260880,"date":"2016-03-18T00:07:27","date_gmt":"2016-03-18T06:07:27","guid":{"rendered":"http:\/\/www.diarioimagen.net\/?p=260880"},"modified":"2016-03-20T23:44:04","modified_gmt":"2016-03-21T05:44:04","slug":"combatir-corrupcion-tarea-de-todos-epn","status":"publish","type":"post","link":"https:\/\/www.diarioimagen.net\/?p=260880","title":{"rendered":"Combatir corrupci\u00f3n, tarea de todos: EPN"},"content":{"rendered":"<ul>\n<li><strong><em>Se debe hacer valer la ley<\/em><\/strong><\/li>\n<\/ul>\n<p>&nbsp;<\/p>\n<div id=\"attachment_260965\" style=\"width: 430px\" class=\"wp-caption aligncenter\"><a href=\"http:\/\/www.diarioimagen.net\/?attachment_id=260965\" rel=\"attachment wp-att-260965\"><img loading=\"lazy\" decoding=\"async\" aria-describedby=\"caption-attachment-260965\" class=\"size-large wp-image-260965\" src=\"http:\/\/www.diarioimagen.net\/wp-content\/uploads\/2016\/03\/epn-2828-420x236.jpg\" alt=\"Enrique Pe\u00f1a Nieto afirma que la corrupci\u00f3n no es privativo del \u00e1mbito p\u00fablico, sino tambi\u00e9n del privado y a veces \u201cvan de la mano\u201d.\" width=\"420\" height=\"236\" srcset=\"https:\/\/www.diarioimagen.net\/wp-content\/uploads\/2016\/03\/epn-2828-420x236.jpg 420w, https:\/\/www.diarioimagen.net\/wp-content\/uploads\/2016\/03\/epn-2828-240x135.jpg 240w, https:\/\/www.diarioimagen.net\/wp-content\/uploads\/2016\/03\/epn-2828-235x132.jpg 235w, https:\/\/www.diarioimagen.net\/wp-content\/uploads\/2016\/03\/epn-2828-202x114.jpg 202w, https:\/\/www.diarioimagen.net\/wp-content\/uploads\/2016\/03\/epn-2828-350x196.jpg 350w, https:\/\/www.diarioimagen.net\/wp-content\/uploads\/2016\/03\/epn-2828-220x123.jpg 220w, https:\/\/www.diarioimagen.net\/wp-content\/uploads\/2016\/03\/epn-2828-237x132.jpg 237w, https:\/\/www.diarioimagen.net\/wp-content\/uploads\/2016\/03\/epn-2828.jpg 480w\" sizes=\"auto, (max-width: 420px) 100vw, 420px\" \/><\/a><p id=\"caption-attachment-260965\" class=\"wp-caption-text\">Enrique Pe\u00f1a Nieto afirma que la corrupci\u00f3n no es privativo del \u00e1mbito p\u00fablico, sino tambi\u00e9n del privado y a veces \u201cvan de la mano\u201d.<\/p><\/div>\n<p>&nbsp;<\/p>\n<p>Trabajar en favor del estado de Derecho, el combate a la corrupci\u00f3n y la impunidad, y as\u00ed construir un pa\u00eds m\u00e1s justo, igualitario y confiable donde se haga valer y se respete la ley, es tarea de todos, asever\u00f3 el presidente Enrique Pe\u00f1a Nieto.<\/p>\n<p>Durante la ceremonia de toma de posesi\u00f3n del nuevo consejo directivo de la Confederaci\u00f3n Patronal de la Rep\u00fablica Mexicana (Coparmex), el mandatario celebr\u00f3 en este sentido que las principales fuerzas pol\u00edticas hayan presentado sus iniciativas de leyes secundarias para hacer operativo el Sistema Nacional Anticorrupci\u00f3n.<\/p>\n<p>Con estas iniciativas se concretar\u00e1 una legislaci\u00f3n de vanguardia para combatir la corrupci\u00f3n, que contribuir\u00e1 a que las empresas puedan crecer en un ambiente de certidumbre jur\u00eddica, y para ello la participaci\u00f3n del sector privado es clave, para hacer frente a los desaf\u00edos que erosionan el crecimiento econ\u00f3mico, apunt\u00f3.<\/p>\n<p>La corrupci\u00f3n no es privativo del \u00e1mbito p\u00fablico, sino tambi\u00e9n del privado y a veces \u201cvan de la mano\u201d, se\u00f1al\u00f3 el Ejecutivo federal, quien aplaudi\u00f3 que las empresas afiliadas a la Coparmex hayan firmado el C\u00f3digo de \u00c9tica Empresarial, para adoptar las mejores pr\u00e1cticas y evitar actos de corrupci\u00f3n.<\/p>\n<p>En el acto celebrado en un hotel de la Ciudad de M\u00e9xico, reconoci\u00f3 los esfuerzos de los empresarios para combatir este \u201cflagelo de la convivencia social\u201d, y enfatiz\u00f3 que \u201ctodos tenemos que sumar voluntades para hacer frente com\u00fan en favor del estado de Derecho\u201d.<\/p>\n<p>Acompa\u00f1ado de dirigentes empresariales, legisladores, gobernadores e integrantes de su gabinete, destac\u00f3 que \u201cM\u00e9xico se est\u00e1 transformando para bien y de forma positiva\u201d, pues cuenta con un andamiaje institucional que paso a paso est\u00e1 liberando el potencial de la naci\u00f3n\u201d, y tiene nuevas fortalezas para seguir creciendo de manera sostenible.<\/p>\n<p>Enrique Pe\u00f1a Nieto tambi\u00e9n celebr\u00f3 que se haya concretado la Ley de Disciplina Financiera de las Entidades Federativas y Municipios, parte de las reformas estructurales, y \u201clegislaci\u00f3n comprometida desde el primer d\u00eda de mi gobierno\u201d.<\/p>\n<p>Esta normatividad promover\u00e1 la responsabilidad en el manejo de las finanzas p\u00fablicas en los gobiernos locales, lo cual lanza una clara se\u00f1al de que M\u00e9xico est\u00e1 comprometido con la solidez de sus finanzas p\u00fablicas y el sistema financiero.<\/p>\n<p>El Ejecutivo federal coincidi\u00f3 asimismo con el sector empresarial en que se tiene que elevar la productividad de la econom\u00eda, pues la baja productividad es una barrera que ha frenado el desarrollo de empresas y calidad de vida de las familias mexicanas.<\/p>\n<p>&nbsp;<\/p>\n","protected":false},"excerpt":{"rendered":"<p>Trabajar en favor del estado de Derecho, el combate a la corrupci\u00f3n y la impunidad, y as\u00ed construir un pa\u00eds m\u00e1s justo, igualitario y confiable donde se haga valer y se respete la ley, es tarea de todos, asever\u00f3 el presidente Enrique Pe\u00f1a Nieto.<\/p>\n","protected":false},"author":3,"featured_media":260965,"comment_status":"open","ping_status":"open","sticky":false,"template":"","format":"standard","meta":{"_monsterinsights_skip_tracking":false,"_monsterinsights_sitenote_active":false,"_monsterinsights_sitenote_note":"","_monsterinsights_sitenote_category":0,"footnotes":""},"categories":[3],"tags":[45431,6665,18,43673],"class_list":["post-260880","post","type-post","status-publish","format-standard","has-post-thumbnail","hentry","category-nacional","tag-combatir","tag-corrupcion","tag-enrique-pena-nieto","tag-nacional"],"_links":{"self":[{"href":"https:\/\/www.diarioimagen.net\/index.php?rest_route=\/wp\/v2\/posts\/260880","targetHints":{"allow":["GET"]}}],"collection":[{"href":"https:\/\/www.diarioimagen.net\/index.php?rest_route=\/wp\/v2\/posts"}],"about":[{"href":"https:\/\/www.diarioimagen.net\/index.php?rest_route=\/wp\/v2\/types\/post"}],"author":[{"embeddable":true,"href":"https:\/\/www.diarioimagen.net\/index.php?rest_route=\/wp\/v2\/users\/3"}],"replies":[{"embeddable":true,"href":"https:\/\/www.diarioimagen.net\/index.php?rest_route=%2Fwp%2Fv2%2Fcomments&post=260880"}],"version-history":[{"count":0,"href":"https:\/\/www.diarioimagen.net\/index.php?rest_route=\/wp\/v2\/posts\/260880\/revisions"}],"wp:featuredmedia":[{"embeddable":true,"href":"https:\/\/www.diarioimagen.net\/index.php?rest_route=\/wp\/v2\/media\/260965"}],"wp:attachment":[{"href":"https:\/\/www.diarioimagen.net\/index.php?rest_route=%2Fwp%2Fv2%2Fmedia&parent=260880"}],"wp:term":[{"taxonomy":"category","embeddable":true,"href":"https:\/\/www.diarioimagen.net\/index.php?rest_route=%2Fwp%2Fv2%2Fcategories&post=260880"},{"taxonomy":"post_tag","embeddable":true,"href":"https:\/\/www.diarioimagen.net\/index.php?rest_route=%2Fwp%2Fv2%2Ftags&post=260880"}],"curies":[{"name":"wp","href":"https:\/\/api.w.org\/{rel}","templated":true}]}}