{"id":261010,"date":"2016-03-21T00:08:11","date_gmt":"2016-03-21T06:08:11","guid":{"rendered":"http:\/\/www.diarioimagen.net\/?p=261010"},"modified":"2016-03-22T01:02:20","modified_gmt":"2016-03-22T07:02:20","slug":"si-habra-ampliacion-de-la-linea-a-del-metro","status":"publish","type":"post","link":"https:\/\/www.diarioimagen.net\/?p=261010","title":{"rendered":"CDMX: s\u00ed se ampliar\u00e1 la L\u00ednea \u201cA\u201d del Metro"},"content":{"rendered":"<ul>\n<li><strong><em>Ir\u00e1 de los Reyes La Paz a Chalco<\/em><\/strong><\/li>\n<\/ul>\n<h6>Jos\u00e9 Luis Monta\u00f1ez<\/h6>\n<p>&nbsp;<\/p>\n<div id=\"attachment_261011\" style=\"width: 430px\" class=\"wp-caption aligncenter\"><a href=\"http:\/\/www.diarioimagen.net\/?attachment_id=261011\" rel=\"attachment wp-att-261011\"><img loading=\"lazy\" decoding=\"async\" aria-describedby=\"caption-attachment-261011\" class=\"size-large wp-image-261011\" src=\"http:\/\/www.diarioimagen.net\/wp-content\/uploads\/2016\/03\/METRO-portal-420x245.jpg\" alt=\"La ampliaci\u00f3n de la L\u00ednea \u201cA\u201d del Metro ir\u00e1 de los Reyes la Paz a Chalco, en el Estado de M\u00e9xico, asegur\u00f3 el jefe de gobierno capitalino, Miguel \u00c1ngel Mancera.\" width=\"420\" height=\"245\" srcset=\"https:\/\/www.diarioimagen.net\/wp-content\/uploads\/2016\/03\/METRO-portal-420x245.jpg 420w, https:\/\/www.diarioimagen.net\/wp-content\/uploads\/2016\/03\/METRO-portal-240x140.jpg 240w, https:\/\/www.diarioimagen.net\/wp-content\/uploads\/2016\/03\/METRO-portal.jpg 480w\" sizes=\"auto, (max-width: 420px) 100vw, 420px\" \/><\/a><p id=\"caption-attachment-261011\" class=\"wp-caption-text\">La ampliaci\u00f3n de la L\u00ednea \u201cA\u201d del Metro ir\u00e1 de los Reyes la Paz a Chalco, en el Estado de M\u00e9xico, asegur\u00f3 el jefe de gobierno capitalino, Miguel \u00c1ngel Mancera.<\/p><\/div>\n<p>&nbsp;<\/p>\n<p>Se reactivar\u00e1 el proyecto de ampliaci\u00f3n de la L\u00ednea \u201cA\u201d del Metro, que ir\u00e1 de Los Reyes La Paz a Chalco, en el Estado de M\u00e9xico, asegur\u00f3 el jefe de gobierno de la Ciudad de M\u00e9xico, Miguel \u00c1ngel Mancera Espinosa.<\/p>\n<p>El proyecto se encuentra listo, pero le faltan los estudios de factibilidad, que se configuran en coordinaci\u00f3n con el gobierno del Estado de M\u00e9xico y la SCT.<\/p>\n<p>\u201cEsperemos que en los tres a\u00f1os que restan de ejercicio de gobierno podamos concluirlo\u201d, anunci\u00f3 Mancera, tras encabezar el evento Bodas Colectivas CDMX.<\/p>\n<p>Seg\u00fan Mancera Espinosa, luego de una reuni\u00f3n con autoridades hacendarias, se contar\u00e1 con el presupuesto para trabajar en el proyecto ejecutivo de la L\u00ednea \u201cA\u201d.<\/p>\n<p>El a\u00f1o pr\u00f3ximo el gobierno federal deber\u00e1 otorgar el presupuesto para llevar a cabo las obras de ampliaci\u00f3n: 250 millones de pesos, y se trabajar\u00e1 de manera coordinada con la Secretar\u00eda de Comunicaciones y Transportes, afirm\u00f3.<\/p>\n<p>El mandatario capitalino explic\u00f3 que ese proyecto ejecutivo se debe realizar con el Sistema de Transporte Colectivo de la Ciudad de M\u00e9xico, para que vaya en sinton\u00eda, pues se trata de una ampliaci\u00f3n de la propia l\u00ednea.<\/p>\n<p>Espera que la obra se pueda inaugurar durante su administraci\u00f3n, pues tendr\u00eda la misma ingenier\u00eda de la l\u00ednea que parte de Pantitl\u00e1n y actualmente s\u00f3lo llega a Los Reyes-La Paz.<\/p>\n<p style=\"text-align: center;\"><strong>Horarios del Metro en Semana Santa<\/strong><\/p>\n<p>Por otra parte, el Metro ofrecer\u00e1 desde este lunes 21 de marzo servicio en las 12 L\u00edneas del Metro de 7:00 a 24:00 horas, como es habitual para los domingos y d\u00edas festivos.<\/p>\n<p>Inform\u00f3 que en el caso del jueves 24 y viernes 25 de marzo, el servicio de trenes iniciar\u00e1 a las 7:00 horas para concluir a las 24:00 horas, por considerarse d\u00edas no laborables.<\/p>\n<p>Reiter\u00f3 a los usuarios que podr\u00e1n ingresar con bicicletas a las 195 estaciones de la Red, el lunes 21, jueves 24 y viernes 25 de marzo, como parte del programa \u201cDomingos y d\u00edas festivos, tu bici viaja en Metro\u201d.<\/p>\n<p>El STC exhort\u00f3 a los ciclistas esperar el tren junto al muro de los andenes, utilizar el \u00faltimo o el primer vag\u00f3n, no usar la bicicleta dentro de las instalaciones y no obstaculizar el paso de los dem\u00e1s pasajeros.<\/p>\n","protected":false},"excerpt":{"rendered":"<p><span style=\"color: #005497;\">Jos\u00e9 Luis Monta\u00f1ez<\/span><br \/>\n<br \/>\nSe reactivar\u00e1 el proyecto de ampliaci\u00f3n de la L\u00ednea \u201cA\u201d del Metro, que ir\u00e1 de Los Reyes La Paz a Chalco, en el Estado de M\u00e9xico, asegur\u00f3 el jefe de gobierno de la Ciudad de M\u00e9xico, Miguel \u00c1ngel Mancera Espinosa.<\/p>\n","protected":false},"author":5,"featured_media":261011,"comment_status":"open","ping_status":"open","sticky":false,"template":"","format":"standard","meta":{"_monsterinsights_skip_tracking":false,"_monsterinsights_sitenote_active":false,"_monsterinsights_sitenote_note":"","_monsterinsights_sitenote_category":0,"footnotes":""},"categories":[6],"tags":[5314],"class_list":["post-261010","post","type-post","status-publish","format-standard","has-post-thumbnail","hentry","category-cd-de-mexico","tag-miguel-angel-mancera-espinosa"],"_links":{"self":[{"href":"https:\/\/www.diarioimagen.net\/index.php?rest_route=\/wp\/v2\/posts\/261010","targetHints":{"allow":["GET"]}}],"collection":[{"href":"https:\/\/www.diarioimagen.net\/index.php?rest_route=\/wp\/v2\/posts"}],"about":[{"href":"https:\/\/www.diarioimagen.net\/index.php?rest_route=\/wp\/v2\/types\/post"}],"author":[{"embeddable":true,"href":"https:\/\/www.diarioimagen.net\/index.php?rest_route=\/wp\/v2\/users\/5"}],"replies":[{"embeddable":true,"href":"https:\/\/www.diarioimagen.net\/index.php?rest_route=%2Fwp%2Fv2%2Fcomments&post=261010"}],"version-history":[{"count":0,"href":"https:\/\/www.diarioimagen.net\/index.php?rest_route=\/wp\/v2\/posts\/261010\/revisions"}],"wp:featuredmedia":[{"embeddable":true,"href":"https:\/\/www.diarioimagen.net\/index.php?rest_route=\/wp\/v2\/media\/261011"}],"wp:attachment":[{"href":"https:\/\/www.diarioimagen.net\/index.php?rest_route=%2Fwp%2Fv2%2Fmedia&parent=261010"}],"wp:term":[{"taxonomy":"category","embeddable":true,"href":"https:\/\/www.diarioimagen.net\/index.php?rest_route=%2Fwp%2Fv2%2Fcategories&post=261010"},{"taxonomy":"post_tag","embeddable":true,"href":"https:\/\/www.diarioimagen.net\/index.php?rest_route=%2Fwp%2Fv2%2Ftags&post=261010"}],"curies":[{"name":"wp","href":"https:\/\/api.w.org\/{rel}","templated":true}]}}