{"id":261050,"date":"2016-03-21T00:06:36","date_gmt":"2016-03-21T06:06:36","guid":{"rendered":"http:\/\/www.diarioimagen.net\/?p=261050"},"modified":"2016-03-22T01:02:11","modified_gmt":"2016-03-22T07:02:11","slug":"edomex-fortalecen-respeto-de-los-derechos-humanos","status":"publish","type":"post","link":"https:\/\/www.diarioimagen.net\/?p=261050","title":{"rendered":"Edomex: fortalecen respeto de los derechos humanos"},"content":{"rendered":"<ul>\n<li><strong><em>Firma Eruviel \u00c1vila iniciativa<\/em><\/strong><\/li>\n<\/ul>\n<p>&nbsp;<\/p>\n<div id=\"attachment_261141\" style=\"width: 430px\" class=\"wp-caption aligncenter\"><a href=\"http:\/\/www.diarioimagen.net\/?attachment_id=261141\" rel=\"attachment wp-att-261141\"><img loading=\"lazy\" decoding=\"async\" aria-describedby=\"caption-attachment-261141\" class=\"size-large wp-image-261141\" src=\"http:\/\/www.diarioimagen.net\/wp-content\/uploads\/2016\/03\/arco-2829-420x236.jpg\" alt=\"Eruviel \u00c1vila - Celebraci\u00f3n del 210 Aniversario del Natalicio de Benito Ju\u00e1rez.\" width=\"420\" height=\"236\" srcset=\"https:\/\/www.diarioimagen.net\/wp-content\/uploads\/2016\/03\/arco-2829-420x236.jpg 420w, https:\/\/www.diarioimagen.net\/wp-content\/uploads\/2016\/03\/arco-2829-240x135.jpg 240w, https:\/\/www.diarioimagen.net\/wp-content\/uploads\/2016\/03\/arco-2829-235x132.jpg 235w, https:\/\/www.diarioimagen.net\/wp-content\/uploads\/2016\/03\/arco-2829-202x114.jpg 202w, https:\/\/www.diarioimagen.net\/wp-content\/uploads\/2016\/03\/arco-2829-350x196.jpg 350w, https:\/\/www.diarioimagen.net\/wp-content\/uploads\/2016\/03\/arco-2829-220x123.jpg 220w, https:\/\/www.diarioimagen.net\/wp-content\/uploads\/2016\/03\/arco-2829-237x132.jpg 237w, https:\/\/www.diarioimagen.net\/wp-content\/uploads\/2016\/03\/arco-2829.jpg 480w\" sizes=\"auto, (max-width: 420px) 100vw, 420px\" \/><\/a><p id=\"caption-attachment-261141\" class=\"wp-caption-text\">Eruviel \u00c1vila &#8211; Celebraci\u00f3n del 210 Aniversario del Natalicio de Benito Ju\u00e1rez.<\/p><\/div>\n<p>&nbsp;<\/p>\n<p><strong>Toluca, Estado de M\u00e9xico<\/strong>.- El gobernador Eruviel \u00c1vila Villegas firm\u00f3 una iniciativa de ley que tiene como prop\u00f3sito fortalecer la cultura y respeto de los derechos humanos, que incorpora, entre otros puntos, el no restringir el ejercicio de los derechos y garant\u00edas de las personas por motivo de sus preferencias sexuales y adem\u00e1s obliga a los servidores p\u00fablicos que no acepten cumplir una recomendaci\u00f3n, fundar y hacer p\u00fablica su negativa, facultando a la Codhem para imponer multas cuando no se rindan los informes correspondientes.<\/p>\n<p>\u201cEn suma, es darle poder a la Comisi\u00f3n de Derechos Humanos, para que a su vez le pueda dar y hacer valer los derechos humanos de la gente que lo merece como lo marca la ley, como lo plantean los convenios internacionales. Y hoy el presidente de la comisi\u00f3n y su amigo el gobernador cerramos filas honrando a Benito Ju\u00e1rez con esta iniciativa\u201d, se\u00f1al\u00f3.<\/p>\n<p>En el marco de la ceremonia del aniversario CCX del natalicio de Benito Ju\u00e1rez, Eruviel \u00c1vila explic\u00f3 que la iniciativa propuesta por el presidente de la Comisi\u00f3n Estatal de Derechos Humanos, Baruch Delgado Carbajal, se firma de manera conjunta porque los derechos humanos son una prioridad en esta administraci\u00f3n.<\/p>\n<p>La iniciativa reforma y adiciona diversos art\u00edculos de la Constituci\u00f3n de Estado de M\u00e9xico, de la Ley de la Comisi\u00f3n de Derechos Humanos de la entidad, as\u00ed como de la Ley Org\u00e1nica Municipal y de la Ley de Responsabilidades de los Servidores P\u00fablicos, con el fin de armonizar el marco jur\u00eddico estatal sobre Derechos Humanos, con la normativa federal y con los tratados internacionales vigentes en la materia.<\/p>\n<p>En presencia de alumnos y padres de familia de la secundaria n\u00famero 3, \u201cBenito Ju\u00e1rez\u201d, Eruviel \u00c1vila hizo votos para que los diputados locales aprueben estas propuestas, las analicen, enriquezcan o modifiquen.<\/p>\n<p>Durante la ceremonia, el titular del Ejecutivo hizo entrega de vales a estudiantes que padecen alguna discapacidad y a los integrantes de las escoltas de los turnos matutino y vespertino de dicha secundaria; vales de mobiliario y juegos de ajedrez gigantes.<\/p>\n<p>Al t\u00e9rmino del evento, Eruviel \u00c1vila mont\u00f3 una guardia de honor y coloc\u00f3 una ofrenda floral en el busto de Benito Ju\u00e1rez, acompa\u00f1ado de Baruch Delgado, presidente de la Codhem; Fernando Zamora, presidente municipal de Toluca y el secretario de Educaci\u00f3n, Sim\u00f3n Villar.<\/p>\n","protected":false},"excerpt":{"rendered":"<p>El gobernador Eruviel \u00c1vila Villegas firm\u00f3 una iniciativa de ley que tiene como prop\u00f3sito fortalecer la cultura y respeto de los derechos humanos, que incorpora, entre otros puntos, el no restringir el ejercicio de los derechos y garant\u00edas de las personas por motivo de sus preferencias sexuales y adem\u00e1s obliga a los servidores p\u00fablicos que no acepten cumplir una recomendaci\u00f3n, fundar y hacer p\u00fablica su negativa, facultando a la Codhem para imponer multas cuando no se rindan los informes correspondientes.<\/p>\n","protected":false},"author":3,"featured_media":261141,"comment_status":"open","ping_status":"open","sticky":false,"template":"","format":"standard","meta":{"_monsterinsights_skip_tracking":false,"_monsterinsights_sitenote_active":false,"_monsterinsights_sitenote_note":"","_monsterinsights_sitenote_category":0,"footnotes":""},"categories":[5],"tags":[2244,5828,43675,452],"class_list":["post-261050","post","type-post","status-publish","format-standard","has-post-thumbnail","hentry","category-estado-de-mexico","tag-benito-juarez","tag-eruviel-avila-villegas","tag-estado-de-mexico","tag-toluca"],"_links":{"self":[{"href":"https:\/\/www.diarioimagen.net\/index.php?rest_route=\/wp\/v2\/posts\/261050","targetHints":{"allow":["GET"]}}],"collection":[{"href":"https:\/\/www.diarioimagen.net\/index.php?rest_route=\/wp\/v2\/posts"}],"about":[{"href":"https:\/\/www.diarioimagen.net\/index.php?rest_route=\/wp\/v2\/types\/post"}],"author":[{"embeddable":true,"href":"https:\/\/www.diarioimagen.net\/index.php?rest_route=\/wp\/v2\/users\/3"}],"replies":[{"embeddable":true,"href":"https:\/\/www.diarioimagen.net\/index.php?rest_route=%2Fwp%2Fv2%2Fcomments&post=261050"}],"version-history":[{"count":0,"href":"https:\/\/www.diarioimagen.net\/index.php?rest_route=\/wp\/v2\/posts\/261050\/revisions"}],"wp:featuredmedia":[{"embeddable":true,"href":"https:\/\/www.diarioimagen.net\/index.php?rest_route=\/wp\/v2\/media\/261141"}],"wp:attachment":[{"href":"https:\/\/www.diarioimagen.net\/index.php?rest_route=%2Fwp%2Fv2%2Fmedia&parent=261050"}],"wp:term":[{"taxonomy":"category","embeddable":true,"href":"https:\/\/www.diarioimagen.net\/index.php?rest_route=%2Fwp%2Fv2%2Fcategories&post=261050"},{"taxonomy":"post_tag","embeddable":true,"href":"https:\/\/www.diarioimagen.net\/index.php?rest_route=%2Fwp%2Fv2%2Ftags&post=261050"}],"curies":[{"name":"wp","href":"https:\/\/api.w.org\/{rel}","templated":true}]}}