{"id":261077,"date":"2016-03-21T00:04:36","date_gmt":"2016-03-21T06:04:36","guid":{"rendered":"http:\/\/www.diarioimagen.net\/?p=261077"},"modified":"2016-03-22T01:01:58","modified_gmt":"2016-03-22T07:01:58","slug":"espera-cdmx-unos-15-millones-de-vacacionistas","status":"publish","type":"post","link":"https:\/\/www.diarioimagen.net\/?p=261077","title":{"rendered":"Espera CDMX unos 15 millones de vacacionistas"},"content":{"rendered":"<ul>\n<li><strong><em>Derrama de alrededor de 5 mmdp<\/em><\/strong><\/li>\n<\/ul>\n<p>&nbsp;<\/p>\n<div id=\"attachment_261192\" style=\"width: 430px\" class=\"wp-caption aligncenter\"><a href=\"http:\/\/www.diarioimagen.net\/?attachment_id=261192\" rel=\"attachment wp-att-261192\"><img loading=\"lazy\" decoding=\"async\" aria-describedby=\"caption-attachment-261192\" class=\"size-large wp-image-261192\" src=\"http:\/\/www.diarioimagen.net\/wp-content\/uploads\/2016\/03\/PASEANTES-2829-420x236.jpg\" alt=\"Se prev\u00e9 una afluencia de hasta 15 millones de turistas y excursionistas a la capital del pa\u00eds durante los 16 d\u00edas que comprender\u00e1 el periodo vacacional.\" width=\"420\" height=\"236\" srcset=\"https:\/\/www.diarioimagen.net\/wp-content\/uploads\/2016\/03\/PASEANTES-2829-420x236.jpg 420w, https:\/\/www.diarioimagen.net\/wp-content\/uploads\/2016\/03\/PASEANTES-2829-240x135.jpg 240w, https:\/\/www.diarioimagen.net\/wp-content\/uploads\/2016\/03\/PASEANTES-2829-235x132.jpg 235w, https:\/\/www.diarioimagen.net\/wp-content\/uploads\/2016\/03\/PASEANTES-2829-202x114.jpg 202w, https:\/\/www.diarioimagen.net\/wp-content\/uploads\/2016\/03\/PASEANTES-2829-350x196.jpg 350w, https:\/\/www.diarioimagen.net\/wp-content\/uploads\/2016\/03\/PASEANTES-2829-220x123.jpg 220w, https:\/\/www.diarioimagen.net\/wp-content\/uploads\/2016\/03\/PASEANTES-2829-237x132.jpg 237w, https:\/\/www.diarioimagen.net\/wp-content\/uploads\/2016\/03\/PASEANTES-2829.jpg 480w\" sizes=\"auto, (max-width: 420px) 100vw, 420px\" \/><\/a><p id=\"caption-attachment-261192\" class=\"wp-caption-text\">Se prev\u00e9 una afluencia de hasta 15 millones de turistas y excursionistas a la capital del pa\u00eds durante los 16 d\u00edas que comprender\u00e1 el periodo vacacional.<\/p><\/div>\n<p>&nbsp;<\/p>\n<p>Autoridades de la Ciudad de M\u00e9xico estimaron una afluencia de hasta 15 millones de turistas y excursionistas a la capital del pa\u00eds durante los 16 d\u00edas que comprender\u00e1 el periodo vacacional con motivo de la Semana Santa, quienes dejar\u00edan una derrama econ\u00f3mica de alrededor de 5 mil 327 millones de pesos.<\/p>\n<p>De este monto, 4 mil 070 millones de pesos corresponder\u00e1n directamente a servicios tur\u00edsticos especializados, de acuerdo con la C\u00e1mara de Comercio Servicios y Turismo en Peque\u00f1o de la Ciudad de M\u00e9xico (Canacope Servytur Ciudad de M\u00e9xico).<\/p>\n<p>El organismo representante del peque\u00f1o comercio coincidi\u00f3 con estas cifras, al referir que seg\u00fan un sondeo de opini\u00f3n realizado del 4 al 14 de marzo, el gasto promedio por persona al d\u00eda para salir de vacaciones en esta temporada ser\u00eda de mil 400 pesos, mientras que quienes se quedan en la ciudad, estiman en 880 pesos promedio el presupuesto para una persona.<\/p>\n<p>La encuesta revel\u00f3 que siete de cada 10 capitalinos prev\u00e9n salir de vacaciones, siendo el acudir a la playa, visitar alguna ciudad o pueblo cercano, centro recreativo o recorrer la ciudad, los principales destinos que tienen contemplados los capitalinos.<\/p>\n<p>Los d\u00edas preferidos para tomar vacaciones ser\u00e1n del jueves 24 al domingo 27 de marzo; los llamados D\u00edas Santos, siendo el viernes 25, el que con mayor insistencia se mencion\u00f3 ser\u00e1 el d\u00eda que los capitalinos descansar\u00e1n.<\/p>\n<p>Apunt\u00f3 que hoy 21 de marzo (conmemoraci\u00f3n del natalicio de Benito Ju\u00e1rez) coincide con el periodo vacacional de Semana Santa y para la mayor\u00eda de los capitalinos la fecha ya est\u00e1 considerada como de asueto por las vacaciones escolares.<\/p>\n<p>Sin embargo, precis\u00f3 la Canacope, para empresas, oficinas y negocios, as\u00ed como para instituciones p\u00fablicas ser\u00e1 un d\u00eda feriado, por lo que la actividad de esa semana se ver\u00e1 m\u00e1s reducida.<\/p>\n<p>Por ello, al consultar a los empresarios, due\u00f1os y encargados de negocios los d\u00edas que ten\u00edan contemplado cerrar por vacaciones, a los tradicionales jueves, viernes, s\u00e1bado o domingo santos, se sum\u00f3 el lunes santo como tendencia por esta ocasi\u00f3n, concluy\u00f3.<\/p>\n<p>&nbsp;<\/p>\n","protected":false},"excerpt":{"rendered":"<p>Autoridades de la Ciudad de M\u00e9xico estimaron una afluencia de hasta 15 millones de turistas y excursionistas a la capital del pa\u00eds durante los 16 d\u00edas que comprender\u00e1 el periodo vacacional con motivo de la Semana Santa, quienes dejar\u00edan una derrama econ\u00f3mica de alrededor de 5 mil 327 millones de pesos.<\/p>\n","protected":false},"author":3,"featured_media":261192,"comment_status":"open","ping_status":"open","sticky":false,"template":"","format":"standard","meta":{"_monsterinsights_skip_tracking":false,"_monsterinsights_sitenote_active":false,"_monsterinsights_sitenote_note":"","_monsterinsights_sitenote_category":0,"footnotes":""},"categories":[6],"tags":[34444,204,43681],"class_list":["post-261077","post","type-post","status-publish","format-standard","has-post-thumbnail","hentry","category-cd-de-mexico","tag-cdmx","tag-ciudad-de-mexico","tag-turismo"],"_links":{"self":[{"href":"https:\/\/www.diarioimagen.net\/index.php?rest_route=\/wp\/v2\/posts\/261077","targetHints":{"allow":["GET"]}}],"collection":[{"href":"https:\/\/www.diarioimagen.net\/index.php?rest_route=\/wp\/v2\/posts"}],"about":[{"href":"https:\/\/www.diarioimagen.net\/index.php?rest_route=\/wp\/v2\/types\/post"}],"author":[{"embeddable":true,"href":"https:\/\/www.diarioimagen.net\/index.php?rest_route=\/wp\/v2\/users\/3"}],"replies":[{"embeddable":true,"href":"https:\/\/www.diarioimagen.net\/index.php?rest_route=%2Fwp%2Fv2%2Fcomments&post=261077"}],"version-history":[{"count":0,"href":"https:\/\/www.diarioimagen.net\/index.php?rest_route=\/wp\/v2\/posts\/261077\/revisions"}],"wp:featuredmedia":[{"embeddable":true,"href":"https:\/\/www.diarioimagen.net\/index.php?rest_route=\/wp\/v2\/media\/261192"}],"wp:attachment":[{"href":"https:\/\/www.diarioimagen.net\/index.php?rest_route=%2Fwp%2Fv2%2Fmedia&parent=261077"}],"wp:term":[{"taxonomy":"category","embeddable":true,"href":"https:\/\/www.diarioimagen.net\/index.php?rest_route=%2Fwp%2Fv2%2Fcategories&post=261077"},{"taxonomy":"post_tag","embeddable":true,"href":"https:\/\/www.diarioimagen.net\/index.php?rest_route=%2Fwp%2Fv2%2Ftags&post=261077"}],"curies":[{"name":"wp","href":"https:\/\/api.w.org\/{rel}","templated":true}]}}