{"id":261250,"date":"2016-03-22T00:08:33","date_gmt":"2016-03-22T06:08:33","guid":{"rendered":"http:\/\/www.diarioimagen.net\/?p=261250"},"modified":"2016-03-22T04:01:15","modified_gmt":"2016-03-22T10:01:15","slug":"culmina-participacion-del-edomex-en-la-filey","status":"publish","type":"post","link":"https:\/\/www.diarioimagen.net\/?p=261250","title":{"rendered":"Culmina participaci\u00f3n del Edomex en la FILEY"},"content":{"rendered":"<ul>\n<li><strong><em>La tercera feria literaria m\u00e1s importante del pa\u00eds<\/em><\/strong><\/li>\n<\/ul>\n<p>&nbsp;<\/p>\n<div id=\"attachment_261306\" style=\"width: 430px\" class=\"wp-caption aligncenter\"><a href=\"http:\/\/www.diarioimagen.net\/?attachment_id=261306\" rel=\"attachment wp-att-261306\"><img loading=\"lazy\" decoding=\"async\" aria-describedby=\"caption-attachment-261306\" class=\"size-large wp-image-261306\" src=\"http:\/\/www.diarioimagen.net\/wp-content\/uploads\/2016\/03\/edomex-2830-420x236.jpg\" alt=\"Comerciantes, empresarios y dirigentes de vecinos se reunieron con el procurador de Justicia del Estado de M\u00e9xico, Alejandro G\u00f3mez, a quienes le formularon varios requerimientos en materia de justicia.\" width=\"420\" height=\"236\" srcset=\"https:\/\/www.diarioimagen.net\/wp-content\/uploads\/2016\/03\/edomex-2830-420x236.jpg 420w, https:\/\/www.diarioimagen.net\/wp-content\/uploads\/2016\/03\/edomex-2830-240x135.jpg 240w, https:\/\/www.diarioimagen.net\/wp-content\/uploads\/2016\/03\/edomex-2830-235x132.jpg 235w, https:\/\/www.diarioimagen.net\/wp-content\/uploads\/2016\/03\/edomex-2830-202x114.jpg 202w, https:\/\/www.diarioimagen.net\/wp-content\/uploads\/2016\/03\/edomex-2830-350x196.jpg 350w, https:\/\/www.diarioimagen.net\/wp-content\/uploads\/2016\/03\/edomex-2830-220x123.jpg 220w, https:\/\/www.diarioimagen.net\/wp-content\/uploads\/2016\/03\/edomex-2830-237x132.jpg 237w, https:\/\/www.diarioimagen.net\/wp-content\/uploads\/2016\/03\/edomex-2830.jpg 480w\" sizes=\"auto, (max-width: 420px) 100vw, 420px\" \/><\/a><p id=\"caption-attachment-261306\" class=\"wp-caption-text\">Comerciantes, empresarios y dirigentes de vecinos se reunieron con el procurador de Justicia del Estado de M\u00e9xico, Alejandro G\u00f3mez, a quienes le formularon varios requerimientos en materia de justicia.<\/p><\/div>\n<p>&nbsp;<\/p>\n<p><strong>M\u00e9rida, Yucat\u00e1n<\/strong>.- Las propuesta literarias, artesan\u00edas mexiquenses, el espect\u00e1culo de pirotecnia, el \u00e1rbol de las letras, la cronolog\u00eda de la lectura, la escritura y el libro, as\u00ed como la exhibici\u00f3n de obras pl\u00e1sticas de los museos de la entidad mexiquense y sobre todo, la r\u00e9plica del Cosmovitral a escala que present\u00f3 el Fondo Editorial del Estado de M\u00e9xico (FOEM) llamaron la atenci\u00f3n de los visitantes a la Feria Internacional de la Lectura Yucat\u00e1n.<\/p>\n<p>Ismael Ord\u00f3\u00f1ez Mancilla, secretario t\u00e9cnico del Consejo Editorial de la Administraci\u00f3n P\u00fablica Estatal (CEAPE), inform\u00f3 que se cumpli\u00f3 el objetivo que se ha venido trazando de acercar a las entidades federativas el acervo del FOEM, para continuar con la difusi\u00f3n de este y con la tarea del fomento a la lectura.<\/p>\n<p>En la tercera feria literaria m\u00e1s importante del pa\u00eds y con la alianza que el Estado de M\u00e9xico tiene\u00a0 con Educal, la entidad mexiquense jug\u00f3 un papel fundamental en Yucat\u00e1n, ya que se tiene el acervo m\u00e1s importante y diverso del pa\u00eds, al dar a conocer, adem\u00e1s, novedades editoriales y poner al alcance de la gente una gran variedad de t\u00edtulos, g\u00e9neros, colecciones y series.<\/p>\n<p>Durante esta fiesta literaria, tambi\u00e9n se presentaron los t\u00edtulos: <em>El Yucat\u00e1n de Zavala: sus primeros a\u00f1os<\/em>, una obra de Marcela Gonz\u00e1lez Calder\u00f3n, la cual fue galardonada en 2010 con el premio a la mejor tesis de maestr\u00eda en el Certamen Internacional de \u201cIndependencia y Revoluci\u00f3n: Gestas de Identidad Nacional\u201d, organizado por el gobierno del Edomex.<\/p>\n<p>En el imaginario de la historia mexicana coexisten muchas representaciones de Lorenzo de Zavala, en \u00e9l destacan su desempe\u00f1o en el primer Congreso Constituyente, as\u00ed como sus abundantes escritos en la prensa, sin olvidar sus significativas obras sobre la historia de M\u00e9xico y los numerosos cargos p\u00fablicos que ocup\u00f3.<\/p>\n<p>Por su parte, el yucateco, Ra\u00fal C\u00e1ceres Cerenzo, tambi\u00e9n present\u00f3 su antolog\u00eda <em>Cantar de lo vivido<\/em>, la cual forma parte de la colecci\u00f3n Summa de d\u00edas del FOEM y es una selecci\u00f3n de poemas dedicada a la memoria de los poetas: Rub\u00e9n Bonifaz Nu\u00f1o, Juan Gelman, Jos\u00e9 Emilio Pacheco y F\u00e9lix Grande. Cantar de lo vivido es una antolog\u00eda personal con todos los riesgos que conlleva una relectura. Pero, es m\u00e1s la certificaci\u00f3n de una constancia: la lucha amorosa con la palabra, es decir, reuni\u00f3n de se\u00f1ales que buscan permanecer en el agua depravada del tiempo<em>.<\/em><\/p>\n<p><em>Pok a Tok. El juego de pelota<\/em> del maestro Gilberto Rend\u00f3n y que pertenece a la colecci\u00f3n <em>Lectores Ni\u00f1os y J\u00f3venes<\/em>, del Fondo Editorial Estado de M\u00e9xico, se dio a conocer en FILEY, es un libro que dentro de sus p\u00e1ginas, alberga 8 cuentos infantiles de muy f\u00e1cil lectura y que son el resultado de investigaciones a fondo que el autor ha realizado, con el fin de acercar a los lectores a una parte de la historia de M\u00e9xico y sus costumbres, un conjunto de historias que recuperan la voz de la tradici\u00f3n del M\u00e9xico Prehisp\u00e1nico.<\/p>\n<p>&nbsp;<\/p>\n","protected":false},"excerpt":{"rendered":"<p>Las propuesta literarias, artesan\u00edas mexiquenses, el espect\u00e1culo de pirotecnia, el \u00e1rbol de las letras, la cronolog\u00eda de la lectura, la escritura y el libro, as\u00ed como la exhibici\u00f3n de obras pl\u00e1sticas de los museos de la entidad mexiquense y sobre todo, la r\u00e9plica del Cosmovitral a escala que present\u00f3 el Fondo Editorial del Estado de M\u00e9xico (FOEM) llamaron la atenci\u00f3n de los visitantes a la Feria Internacional de la Lectura Yucat\u00e1n.<\/p>\n","protected":false},"author":3,"featured_media":261306,"comment_status":"open","ping_status":"open","sticky":false,"template":"","format":"standard","meta":{"_monsterinsights_skip_tracking":false,"_monsterinsights_sitenote_active":false,"_monsterinsights_sitenote_note":"","_monsterinsights_sitenote_category":0,"footnotes":""},"categories":[5],"tags":[3214,46374,2477],"class_list":["post-261250","post","type-post","status-publish","format-standard","has-post-thumbnail","hentry","category-estado-de-mexico","tag-merida","tag-participacion","tag-yucatan"],"_links":{"self":[{"href":"https:\/\/www.diarioimagen.net\/index.php?rest_route=\/wp\/v2\/posts\/261250","targetHints":{"allow":["GET"]}}],"collection":[{"href":"https:\/\/www.diarioimagen.net\/index.php?rest_route=\/wp\/v2\/posts"}],"about":[{"href":"https:\/\/www.diarioimagen.net\/index.php?rest_route=\/wp\/v2\/types\/post"}],"author":[{"embeddable":true,"href":"https:\/\/www.diarioimagen.net\/index.php?rest_route=\/wp\/v2\/users\/3"}],"replies":[{"embeddable":true,"href":"https:\/\/www.diarioimagen.net\/index.php?rest_route=%2Fwp%2Fv2%2Fcomments&post=261250"}],"version-history":[{"count":0,"href":"https:\/\/www.diarioimagen.net\/index.php?rest_route=\/wp\/v2\/posts\/261250\/revisions"}],"wp:featuredmedia":[{"embeddable":true,"href":"https:\/\/www.diarioimagen.net\/index.php?rest_route=\/wp\/v2\/media\/261306"}],"wp:attachment":[{"href":"https:\/\/www.diarioimagen.net\/index.php?rest_route=%2Fwp%2Fv2%2Fmedia&parent=261250"}],"wp:term":[{"taxonomy":"category","embeddable":true,"href":"https:\/\/www.diarioimagen.net\/index.php?rest_route=%2Fwp%2Fv2%2Fcategories&post=261250"},{"taxonomy":"post_tag","embeddable":true,"href":"https:\/\/www.diarioimagen.net\/index.php?rest_route=%2Fwp%2Fv2%2Ftags&post=261250"}],"curies":[{"name":"wp","href":"https:\/\/api.w.org\/{rel}","templated":true}]}}