{"id":261279,"date":"2016-03-22T00:00:56","date_gmt":"2016-03-22T06:00:56","guid":{"rendered":"http:\/\/www.diarioimagen.net\/?p=261279"},"modified":"2016-03-23T01:26:49","modified_gmt":"2016-03-23T07:26:49","slug":"festeja-el-suteym-dia-internacional-de-la-mujer","status":"publish","type":"post","link":"https:\/\/www.diarioimagen.net\/?p=261279","title":{"rendered":"Festeja el SUTEyM D\u00eda Internacional de la Mujer"},"content":{"rendered":"<p><a href=\"http:\/\/www.diarioimagen.net\/?attachment_id=261356\" rel=\"attachment wp-att-261356\"><img loading=\"lazy\" decoding=\"async\" class=\"aligncenter size-large wp-image-261356\" src=\"http:\/\/www.diarioimagen.net\/wp-content\/uploads\/2016\/03\/cuautitlan-2830-420x236.jpg\" alt=\"cuautitlan-2830\" width=\"420\" height=\"236\" srcset=\"https:\/\/www.diarioimagen.net\/wp-content\/uploads\/2016\/03\/cuautitlan-2830-420x236.jpg 420w, https:\/\/www.diarioimagen.net\/wp-content\/uploads\/2016\/03\/cuautitlan-2830-240x135.jpg 240w, https:\/\/www.diarioimagen.net\/wp-content\/uploads\/2016\/03\/cuautitlan-2830-480x270.jpg 480w, https:\/\/www.diarioimagen.net\/wp-content\/uploads\/2016\/03\/cuautitlan-2830-235x132.jpg 235w, https:\/\/www.diarioimagen.net\/wp-content\/uploads\/2016\/03\/cuautitlan-2830-202x114.jpg 202w, https:\/\/www.diarioimagen.net\/wp-content\/uploads\/2016\/03\/cuautitlan-2830-350x196.jpg 350w, https:\/\/www.diarioimagen.net\/wp-content\/uploads\/2016\/03\/cuautitlan-2830-220x123.jpg 220w, https:\/\/www.diarioimagen.net\/wp-content\/uploads\/2016\/03\/cuautitlan-2830-237x132.jpg 237w, https:\/\/www.diarioimagen.net\/wp-content\/uploads\/2016\/03\/cuautitlan-2830.jpg 700w\" sizes=\"auto, (max-width: 420px) 100vw, 420px\" \/><\/a><\/p>\n<p>&nbsp;<\/p>\n<p><strong>Cuautitl\u00e1n Izcalli, Estado de M\u00e9xico.-<\/strong>\u00a0 Herminio Cahue Calder\u00f3n, secretario general del Sindicato \u00danico de Trabajadores de los Poderes, Municipios e Instituciones Descentralizadas del Estado de M\u00e9xico (SUTEyM), encabez\u00f3 la conmemoraci\u00f3n del D\u00eda Internacional de la Mujer. Desde temprana hora, unas 2 mil 500 suteymistas arribaron a la explanada municipal, donde fueron recibidas por integrantes del Comit\u00e9 Ejecutivo Estatal.<\/p>\n<p>&nbsp;<\/p>\n","protected":false},"excerpt":{"rendered":"<p>Herminio Cahue Calder\u00f3n, secretario general del Sindicato \u00danico de Trabajadores de los Poderes, Municipios e Instituciones Descentralizadas del Estado de M\u00e9xico (SUTEyM), encabez\u00f3 la conmemoraci\u00f3n del D\u00eda Internacional de la Mujer. Desde temprana hora, unas 2 mil 500 suteymistas arribaron a la explanada municipal, donde fueron recibidas por integrantes del Comit\u00e9 Ejecutivo Estatal.<\/p>\n","protected":false},"author":3,"featured_media":261356,"comment_status":"open","ping_status":"open","sticky":false,"template":"","format":"standard","meta":{"_monsterinsights_skip_tracking":false,"_monsterinsights_sitenote_active":false,"_monsterinsights_sitenote_note":"","_monsterinsights_sitenote_category":0,"footnotes":""},"categories":[35155],"tags":[971,3313,43675,2572],"class_list":["post-261279","post","type-post","status-publish","format-standard","has-post-thumbnail","hentry","category-estado-de-mexico-estado-de-mexico","tag-cuautitlan-izcalli","tag-dia-internacional-de-la-mujer","tag-estado-de-mexico","tag-suteym"],"_links":{"self":[{"href":"https:\/\/www.diarioimagen.net\/index.php?rest_route=\/wp\/v2\/posts\/261279","targetHints":{"allow":["GET"]}}],"collection":[{"href":"https:\/\/www.diarioimagen.net\/index.php?rest_route=\/wp\/v2\/posts"}],"about":[{"href":"https:\/\/www.diarioimagen.net\/index.php?rest_route=\/wp\/v2\/types\/post"}],"author":[{"embeddable":true,"href":"https:\/\/www.diarioimagen.net\/index.php?rest_route=\/wp\/v2\/users\/3"}],"replies":[{"embeddable":true,"href":"https:\/\/www.diarioimagen.net\/index.php?rest_route=%2Fwp%2Fv2%2Fcomments&post=261279"}],"version-history":[{"count":0,"href":"https:\/\/www.diarioimagen.net\/index.php?rest_route=\/wp\/v2\/posts\/261279\/revisions"}],"wp:featuredmedia":[{"embeddable":true,"href":"https:\/\/www.diarioimagen.net\/index.php?rest_route=\/wp\/v2\/media\/261356"}],"wp:attachment":[{"href":"https:\/\/www.diarioimagen.net\/index.php?rest_route=%2Fwp%2Fv2%2Fmedia&parent=261279"}],"wp:term":[{"taxonomy":"category","embeddable":true,"href":"https:\/\/www.diarioimagen.net\/index.php?rest_route=%2Fwp%2Fv2%2Fcategories&post=261279"},{"taxonomy":"post_tag","embeddable":true,"href":"https:\/\/www.diarioimagen.net\/index.php?rest_route=%2Fwp%2Fv2%2Ftags&post=261279"}],"curies":[{"name":"wp","href":"https:\/\/api.w.org\/{rel}","templated":true}]}}