{"id":261315,"date":"2016-03-22T00:08:58","date_gmt":"2016-03-22T06:08:58","guid":{"rendered":"http:\/\/www.diarioimagen.net\/?p=261315"},"modified":"2016-03-23T04:37:24","modified_gmt":"2016-03-23T10:37:24","slug":"migrantes-politicos","status":"publish","type":"post","link":"https:\/\/www.diarioimagen.net\/?p=261315","title":{"rendered":"Migrantes pol\u00edticos"},"content":{"rendered":"<h2>De frente y de perfil<\/h2>\n<h5>Ram\u00f3n Zurita Sahag\u00fan<\/h5>\n<p>&nbsp;<\/p>\n<p>Cada proceso electoral, los pol\u00edticos de las distintas ideolog\u00edas o militancias dan un salto al vac\u00edo, algunos con buena fortuna y otros de significativo retroceso, donde el cambio de camiseta es de lo m\u00e1s com\u00fan.<\/p>\n<p>Panistas pasan a ser pri\u00edstas, pri\u00edstas se cambian al partido blanquiazul o prefieren irse al del sol azteca. Estos \u00faltimos se transforman en aguerridos tricolores o hasta en furibundos panistas y se efect\u00faa un constante rejuego de sillas, para posicionarse unos y otros.<\/p>\n<p>De esa manera, en algunos casos los partidos han resultado beneficiados, especialmente el Partido de la Revoluci\u00f3n Democr\u00e1tica, que de esa manera triunf\u00f3 en la mayor parte de los gobiernos estatales que ha detentado.<\/p>\n<p>Son ampliamente conocidos los casos de Ricardo Monreal \u00c1vila, Leonel Cota Monta\u00f1o, Alonso S\u00e1nchez Anaya, Pablo Salazar Mendiguch\u00eda y \u00c1ngel Heladio Aguirre Rivero, entre otros, que molestos por no haber sido nominados por el PRI a los gobiernos de Zacatecas, Baja California Sur, Tlaxcala, Chiapas y Guerrero, respectivamente, enarbolaron los colores del sol azteca y se convirtieron en mandatarios de esas entidades.<\/p>\n<p>H\u00e9ctor Ortiz dej\u00f3 su militancia pri\u00edsta para convertirse en candidato de Acci\u00f3n Nacional al gobierno de Tlaxcala y ganar los comicios al candidato del tricolor, el hoy gobernador Mariano Gonz\u00e1lez Zarur. Marcos Alberto Covarrubias era un distinguido militante del sol azteca y al no ser propuesto como abanderado de ese partido en Baja California Sur, tir\u00f3 su militancia y fue nominado por Acci\u00f3n Nacional, ganando los comicios. Antonio Echevarr\u00eda Dom\u00ednguez fue un activo del tricolor en Nayarit, donde fungi\u00f3 dos sexenios como secretario de Finanzas, pero se cans\u00f3 de esperar la nominaci\u00f3n del PRI y abander\u00f3 a una coalici\u00f3n encabezada por Acci\u00f3n Nacional. Todos ellos, al igual que Mario L\u00f3pez Valdez en Sinaloa, militaban en su partido original unos cuantos meses antes de los comicios en los que triunfaron.<\/p>\n<p>Un caso excepcional es Jaime Rodr\u00edguez Calder\u00f3n (\u201cEl Bronco\u201d), quien tambi\u00e9n unas semanas antes de lanzarse como candidato independiente militaba en el partido (PRI), que lo hizo de menos.<\/p>\n<p>Claro que hay muchos m\u00e1s que ganaron con otras siglas que no fueron los originales de su militancia, pero renunciaron con bastante anticipaci\u00f3n.<\/p>\n<p>Rafael Moreno Valle (Puebla), Gabino Cu\u00e9 Monteagudo (Oaxaca), Arturo N\u00fa\u00f1ez Jim\u00e9nez (Tabasco), Marcelo Ebrard Casaubon (Distrito Federal) y hasta los mismos Cuauht\u00e9moc C\u00e1rdenas Sol\u00f3rzano y Andr\u00e9s Manuel L\u00f3pez Obrador (Distrito Federal), tuvieron su paso por el Partido Revolucionario Institucional, del que ya se hab\u00edan alejado con a\u00f1os de diferencia.<\/p>\n<p>Cada elecci\u00f3n se producen esos cambios y muchos de los que recurren al cambio de camiseta salen beneficiados, aunque otros se perjudican.<\/p>\n<p>Jos\u00e9 Rosas Aispuro fue un eficiente militante pri\u00edsta, que se cans\u00f3 de esperar una oportunidad para convertirse en candidato de ese partido a gobernador de Durango. Hace seis a\u00f1os renunci\u00f3 al PRI se afilio al PAN, fue su candidato a gobernador y se qued\u00f3 a dos puntos de conseguir la victoria.<\/p>\n<p>Y aunque hoy es nuevamente su abanderado, es uno de los que el cambio de chaqueta no le ha funcionado hasta ahora.<\/p>\n<p>Tampoco le funcion\u00f3 en el pasado a Addy Joaqu\u00edn Coldwell renunciar a su militancia pri\u00edsta y convertirse en candidata de Acci\u00f3n Nacional al gobierno de Quintana Roo, donde ni siquiera fue competidora, ya que qued\u00f3 relegada hasta el tercer lugar, con menos del 25 por ciento de los sufragios.<\/p>\n<p>En esta elecci\u00f3n que tendr\u00e1 lugar en 12 estados del pa\u00eds, hay tres personajes que buscaron la candidatura de un partido distinto al que pretenden abanderar el 5 de junio.<\/p>\n<p>Uno de ellos, Carlos Joaqu\u00edn Gonz\u00e1lez esper\u00f3 que el pri\u00edsmo lo avalara, pero fue relegado una y otra vez. La primera hace seis a\u00f1os en beneficio de Roberto Borge Angulo.<\/p>\n<p>Carlos, hermano de Addy, sigui\u00f3 el ejemplo de la hermana mayor y se considera que tendr\u00e1 m\u00e1s posibilidades de triunfo que su hermana, ya que es avalado por una alianza formada por el partido que abander\u00f3 su hermana Addy (Acci\u00f3n Nacional) y por el Partido de la Revoluci\u00f3n Democr\u00e1tica. Quintana Roo se presenta como una de las opciones en que la alianza de derecha e izquierda puede triunfar.<\/p>\n<p>Oaxaca que hace seis a\u00f1os represent\u00f3 un triunfo para esa misma alianza, otra de las entidades, en la que un militante renuncia a su partido al no poder convertirse en candidato y busca la opci\u00f3n por otro lado.<\/p>\n<p>Se trata de Benjam\u00edn Robles Montoya, quien pretendi\u00f3 ser el candidato del Partido de la Revoluci\u00f3n Democr\u00e1tica y al no conseguirlo present\u00f3 su dimisi\u00f3n y busca cobijarse bajo otras siglas, aunque le quedaron pocas opciones. PAN y PRD van en alianza con el ex pri\u00edsta Jos\u00e9 Antonio Estefan Garfias. El PRI tiene a Alejandro Murat Hinojosa, avalado tambi\u00e9n por Nueva Alianza y el Partido Verde.<\/p>\n<p>Zacatecas es otra entidad en la que un militante, en este caso del PRI, busc\u00f3 ser nominado por su partido y emprendi\u00f3 la retirada cuando comprendi\u00f3 que no ir\u00eda. Pedro de Le\u00f3n Mojarro se convirti\u00f3 en candidato del PRD, aunque su tema se encuentra en tribunales.<\/p>\n<p style=\"text-align: center;\"><strong>\u00a0DAVID PENCHYNA<\/strong><\/p>\n<p>Fue confirmado como nuevo director de Infonavit el senador David Penchyna Grub, quien se qued\u00f3 corto en su aspiraci\u00f3n al gobierno de Hidalgo, pero se mantuvo fiel a los colores de su partido.<\/p>\n<p>De Penchyna Grub se esperaba fuese a una mejor posici\u00f3n, relacionada, principalmente, con el tema energ\u00e9tico, pero \u00e9stas se encuentran ocupadas. Con la nominaci\u00f3n de Omar Fayad como candidato al gobierno de Hidalgo y la de David Penchyna al Infonavit, quedaron listas las dos senadur\u00edas de mayor\u00eda de Hidalgo para los suplentes.<\/p>\n<p><em><a href=\"mailto:ramonzurita44@hotmail.com\" target=\"_blank\">ramonzurita44@hotmail.com<\/a><\/em><br \/>\n<a href=\"mailto:%20zurita_sahagun@hotmail.com\" target=\"_blank\"><em>zurita_sahagun@hotmail.com<\/em><\/a><\/p>\n","protected":false},"excerpt":{"rendered":"<p><span style=\"color: #005497;\"><strong>Ram\u00f3n Zurita Sahag\u00fan<\/strong><\/span><\/p>\n","protected":false},"author":3,"featured_media":0,"comment_status":"open","ping_status":"open","sticky":false,"template":"","format":"standard","meta":{"_monsterinsights_skip_tracking":false,"_monsterinsights_sitenote_active":false,"_monsterinsights_sitenote_note":"","_monsterinsights_sitenote_category":0,"footnotes":""},"categories":[234],"tags":[304,43674,43687],"class_list":["post-261315","post","type-post","status-publish","format-standard","hentry","category-ramon-zurita-sahagun","tag-de-frente-y-de-perfil","tag-opinion","tag-ramon-zurita-sahagun"],"_links":{"self":[{"href":"https:\/\/www.diarioimagen.net\/index.php?rest_route=\/wp\/v2\/posts\/261315","targetHints":{"allow":["GET"]}}],"collection":[{"href":"https:\/\/www.diarioimagen.net\/index.php?rest_route=\/wp\/v2\/posts"}],"about":[{"href":"https:\/\/www.diarioimagen.net\/index.php?rest_route=\/wp\/v2\/types\/post"}],"author":[{"embeddable":true,"href":"https:\/\/www.diarioimagen.net\/index.php?rest_route=\/wp\/v2\/users\/3"}],"replies":[{"embeddable":true,"href":"https:\/\/www.diarioimagen.net\/index.php?rest_route=%2Fwp%2Fv2%2Fcomments&post=261315"}],"version-history":[{"count":0,"href":"https:\/\/www.diarioimagen.net\/index.php?rest_route=\/wp\/v2\/posts\/261315\/revisions"}],"wp:attachment":[{"href":"https:\/\/www.diarioimagen.net\/index.php?rest_route=%2Fwp%2Fv2%2Fmedia&parent=261315"}],"wp:term":[{"taxonomy":"category","embeddable":true,"href":"https:\/\/www.diarioimagen.net\/index.php?rest_route=%2Fwp%2Fv2%2Fcategories&post=261315"},{"taxonomy":"post_tag","embeddable":true,"href":"https:\/\/www.diarioimagen.net\/index.php?rest_route=%2Fwp%2Fv2%2Ftags&post=261315"}],"curies":[{"name":"wp","href":"https:\/\/api.w.org\/{rel}","templated":true}]}}