{"id":261799,"date":"2016-03-29T00:09:27","date_gmt":"2016-03-29T06:09:27","guid":{"rendered":"http:\/\/www.diarioimagen.net\/?p=261799"},"modified":"2016-03-28T23:26:41","modified_gmt":"2016-03-29T05:26:41","slug":"sube-el-termometro-a-los-40-grados-en-10-estados","status":"publish","type":"post","link":"https:\/\/www.diarioimagen.net\/?p=261799","title":{"rendered":"Term\u00f3metro alcanza los 40 grados en 10 entidades"},"content":{"rendered":"<ul>\n<li><strong><em>Ola de calor<\/em><\/strong><\/li>\n<\/ul>\n<p>&nbsp;<\/p>\n<div id=\"attachment_261800\" style=\"width: 430px\" class=\"wp-caption aligncenter\"><a href=\"http:\/\/www.diarioimagen.net\/?attachment_id=261800\" rel=\"attachment wp-att-261800\"><img loading=\"lazy\" decoding=\"async\" aria-describedby=\"caption-attachment-261800\" class=\"wp-image-261800 size-large\" src=\"http:\/\/www.diarioimagen.net\/wp-content\/uploads\/2016\/03\/CALOR29-portal-420x245.jpg\" alt=\"En al menos 10 entidades federativas se esperan temperaturas m\u00e1ximas de 35 a 40 grados.\" width=\"420\" height=\"245\" srcset=\"https:\/\/www.diarioimagen.net\/wp-content\/uploads\/2016\/03\/CALOR29-portal-420x245.jpg 420w, https:\/\/www.diarioimagen.net\/wp-content\/uploads\/2016\/03\/CALOR29-portal-240x140.jpg 240w, https:\/\/www.diarioimagen.net\/wp-content\/uploads\/2016\/03\/CALOR29-portal.jpg 480w\" sizes=\"auto, (max-width: 420px) 100vw, 420px\" \/><\/a><p id=\"caption-attachment-261800\" class=\"wp-caption-text\">En unas 10 entidades se esperan temperaturas de 35 a 40 grados.<\/p><\/div>\n<p>&nbsp;<\/p>\n<p>Ante el pron\u00f3stico de una ola de calor en el pa\u00eds, Protecci\u00f3n Civil emiti\u00f3 una alerta en al menos 10 estados, donde se prev\u00e9n temperaturas altas.<\/p>\n<p>Las entidades federativas en las que se esperan temperaturas m\u00e1ximas de 35 a 40 grados Cent\u00edgrados son: Nayarit, Jalisco, Colima, Michoac\u00e1n, Guerrero, Oaxaca, Chiapas, Morelos, Tabasco, Campeche y Yucat\u00e1n, detall\u00f3 el coordinador nacional de Protecci\u00f3n Civil, Luis Felipe Puente en su cuenta de Twitter, @LUISFELIPE_P.<\/p>\n<p>Por ello, el Sistema Nacional de Protecci\u00f3n Civil, dependiente de la Secretar\u00eda de Gobernaci\u00f3n, sugiere a los habitantes de esos estados usar ropa ligera y de colores claros, as\u00ed como gorra, sombrero, lentes de sol, sombrilla y protector solar al salir a la calle.<\/p>\n<p>Asimismo, recomienda procurar permanecer en lugares frescos, en la sombra y bien ventilados, adem\u00e1s de ventilar los veh\u00edculos antes de subir a ellos.<\/p>\n<p>&nbsp;<\/p>\n<p><strong>Valle de M\u00e9xico, con <\/strong><\/p>\n<p><strong>radiaci\u00f3n muy alta <\/strong><\/p>\n<p>En el Valle de M\u00e9xico la radiaci\u00f3n solar es muy alta y la calidad del aire en seis municipios del Estado de M\u00e9xico y dos delegaciones de la capital del pa\u00eds es regular, inform\u00f3 la Direcci\u00f3n de Monitoreo Atmosf\u00e9rico.<\/p>\n<p>El organismo detall\u00f3 que al mediod\u00eda el \u00cdndice de Rayos Ultravioleta es muy alto al ubicarse en nueve puntos, por lo que se necesita protecci\u00f3n extra para todo tipo de piel y usar ropa de algod\u00f3n de manga larga, sombrero y gafas con filtro.<\/p>\n<p>Respecto a la concentraci\u00f3n de contaminantes, detall\u00f3 que Coacalco es el municipio m\u00e1s afectado por Part\u00edculas Suspendidas (PM10) con 81 puntos, seguido de Tepotzotl\u00e1n que tiene 76, Ecatepec 71, Chalco y Tultitl\u00e1n 61 unidades cada uno, y Tlalnepantla con 55.<\/p>\n<p>En la Ciudad de M\u00e9xico, la delegaci\u00f3n Azcapotzalco reporta 58 puntos del mismo contaminante, mientras que Tl\u00e1huac alcanza las 55 unidades en el \u00cdndice Metropolitano de la Calidad del Aire (Imeca).<\/p>\n","protected":false},"excerpt":{"rendered":"<p>Ante el pron\u00f3stico de una ola de calor en el pa\u00eds, Protecci\u00f3n Civil emiti\u00f3 una alerta en al menos 10 estados, donde se prev\u00e9n temperaturas altas. Las entidades federativas en las que se esperan temperaturas m\u00e1ximas de 35 a 40 grados Cent\u00edgrados son: Nayarit, Jalisco, Colima, Michoac\u00e1n, Guerrero, Oaxaca, Chiapas, Morelos, Tabasco, Campeche y Yucat\u00e1n, detall\u00f3 el coordinador nacional de Protecci\u00f3n Civil, Luis Felipe Puente en su cuenta de Twitter, @LUISFELIPE_P.<\/p>\n","protected":false},"author":5,"featured_media":261800,"comment_status":"open","ping_status":"open","sticky":false,"template":"","format":"standard","meta":{"_monsterinsights_skip_tracking":false,"_monsterinsights_sitenote_active":false,"_monsterinsights_sitenote_note":"","_monsterinsights_sitenote_category":0,"footnotes":""},"categories":[3],"tags":[43673,6154,6219],"class_list":["post-261799","post","type-post","status-publish","format-standard","has-post-thumbnail","hentry","category-nacional","tag-nacional","tag-ola-de-calor","tag-termometro"],"_links":{"self":[{"href":"https:\/\/www.diarioimagen.net\/index.php?rest_route=\/wp\/v2\/posts\/261799","targetHints":{"allow":["GET"]}}],"collection":[{"href":"https:\/\/www.diarioimagen.net\/index.php?rest_route=\/wp\/v2\/posts"}],"about":[{"href":"https:\/\/www.diarioimagen.net\/index.php?rest_route=\/wp\/v2\/types\/post"}],"author":[{"embeddable":true,"href":"https:\/\/www.diarioimagen.net\/index.php?rest_route=\/wp\/v2\/users\/5"}],"replies":[{"embeddable":true,"href":"https:\/\/www.diarioimagen.net\/index.php?rest_route=%2Fwp%2Fv2%2Fcomments&post=261799"}],"version-history":[{"count":0,"href":"https:\/\/www.diarioimagen.net\/index.php?rest_route=\/wp\/v2\/posts\/261799\/revisions"}],"wp:featuredmedia":[{"embeddable":true,"href":"https:\/\/www.diarioimagen.net\/index.php?rest_route=\/wp\/v2\/media\/261800"}],"wp:attachment":[{"href":"https:\/\/www.diarioimagen.net\/index.php?rest_route=%2Fwp%2Fv2%2Fmedia&parent=261799"}],"wp:term":[{"taxonomy":"category","embeddable":true,"href":"https:\/\/www.diarioimagen.net\/index.php?rest_route=%2Fwp%2Fv2%2Fcategories&post=261799"},{"taxonomy":"post_tag","embeddable":true,"href":"https:\/\/www.diarioimagen.net\/index.php?rest_route=%2Fwp%2Fv2%2Ftags&post=261799"}],"curies":[{"name":"wp","href":"https:\/\/api.w.org\/{rel}","templated":true}]}}