{"id":261832,"date":"2016-03-29T00:08:17","date_gmt":"2016-03-29T06:08:17","guid":{"rendered":"http:\/\/www.diarioimagen.net\/?p=261832"},"modified":"2016-03-29T23:16:35","modified_gmt":"2016-03-30T05:16:35","slug":"control-unico-sobre-policias-municipales","status":"publish","type":"post","link":"https:\/\/www.diarioimagen.net\/?p=261832","title":{"rendered":"Control \u00fanico sobre polic\u00edas municipales"},"content":{"rendered":"<h2>Arco Norte<\/h2>\n<h5>Jos\u00e9 Luis Monta\u00f1ez Aguilar<\/h5>\n<p>&nbsp;<\/p>\n<div id=\"attachment_261929\" style=\"width: 430px\" class=\"wp-caption aligncenter\"><a href=\"http:\/\/www.diarioimagen.net\/?attachment_id=261929\" rel=\"attachment wp-att-261929\"><img loading=\"lazy\" decoding=\"async\" aria-describedby=\"caption-attachment-261929\" class=\"size-large wp-image-261929\" src=\"http:\/\/www.diarioimagen.net\/wp-content\/uploads\/2016\/03\/arco-2833-420x236.jpg\" alt=\"Eruviel \u00c1vila Villegas, gobernador del Estado de M\u00e9xico.\" width=\"420\" height=\"236\" srcset=\"https:\/\/www.diarioimagen.net\/wp-content\/uploads\/2016\/03\/arco-2833-420x236.jpg 420w, https:\/\/www.diarioimagen.net\/wp-content\/uploads\/2016\/03\/arco-2833-240x135.jpg 240w, https:\/\/www.diarioimagen.net\/wp-content\/uploads\/2016\/03\/arco-2833-235x132.jpg 235w, https:\/\/www.diarioimagen.net\/wp-content\/uploads\/2016\/03\/arco-2833-202x114.jpg 202w, https:\/\/www.diarioimagen.net\/wp-content\/uploads\/2016\/03\/arco-2833-350x196.jpg 350w, https:\/\/www.diarioimagen.net\/wp-content\/uploads\/2016\/03\/arco-2833-220x123.jpg 220w, https:\/\/www.diarioimagen.net\/wp-content\/uploads\/2016\/03\/arco-2833-237x132.jpg 237w, https:\/\/www.diarioimagen.net\/wp-content\/uploads\/2016\/03\/arco-2833.jpg 480w\" sizes=\"auto, (max-width: 420px) 100vw, 420px\" \/><\/a><p id=\"caption-attachment-261929\" class=\"wp-caption-text\">Eruviel \u00c1vila Villegas, gobernador del Estado de M\u00e9xico.<\/p><\/div>\n<p>&nbsp;<\/p>\n<p>El gobernador del Estado de M\u00e9xico, Eruviel \u00c1vila Villegas, anunci\u00f3 que en respuesta a las quejas que ha recogido de la ciudadan\u00eda, la totalidad de las patrullas de su entidad (que incluyen a las corporaciones de los 125 municipios y a las estatales) deber\u00e1n colocar el n\u00famero de unidad en su respectivo medall\u00f3n, a efecto de que puedan ser debidamente identificadas por la poblaci\u00f3n y en caso de cometer alguna falta, se sepa de d\u00f3nde son.<\/p>\n<p>Hizo notar que la Comisi\u00f3n Estatal de Seguridad Ciudadana (CESC) adquiri\u00f3 con sus propios recursos un \u201cplotter\u201d para rotular los medallones de todos los veh\u00edculos policiales, capaz de poner los n\u00fametros sin afectar la visibilidad de los tripulantes de cada patrulla. Se trata del Programa de Control \u00danico a los Polic\u00edas y explic\u00f3 es una medida irreversible, pues ha determinado que patrulla que no tenga n\u00famero, a su tripulaci\u00f3n, a sus elementos,\u00a0 se les quitar\u00e1 la licencia de portaci\u00f3n de arma de cargo.<\/p>\n<p>Para el cumplimiento de esta disposici\u00f3n, Eruviel \u00c1vila instruy\u00f3 al secretario general de Gobierno, Jos\u00e9 Manzur Quiroga, que aplique con urgencia este programa de rotulaci\u00f3n de las patrullas y que la totalidad ser\u00e1n pintadas de un solo color y una sola crom\u00e1tica para toda la entidad, para una mayor identificaci\u00f3n por parte de la ciudadan\u00eda y que cuando se tenga alguna queja espec\u00edfica se pueda identificar qu\u00e9 unidad o qu\u00e9 elementos fueron los que incurrieron en alguna violaci\u00f3n o falta que se cometa.<\/p>\n<p>El mandatario mexiquense pidi\u00f3 a los medios de comunicaci\u00f3n sumarse al programa \u201cpara que todos nos convirtamos en supervisores del mismo y en la medida en que un elemento de seguridad p\u00fablica, de tr\u00e1nsito estatal o municipal se sienta y se vea que es supervisado y observado en esa medida (estoy cierto) tendremos menos abusos cuando se lleguen a cometer.<\/p>\n<p><em><a href=\"mailto:montanezaguilar@gmail.com\" target=\"_blank\">montanezaguilar@gmail.com<\/a><\/em><\/p>\n","protected":false},"excerpt":{"rendered":"<p><span style=\"color: #005497;\">Jos\u00e9 Luis Monta\u00f1ez Aguilar<\/span><br \/>\n<br \/>\nEl gobernador del Estado de M\u00e9xico, Eruviel \u00c1vila Villegas, anunci\u00f3 que en respuesta a las quejas que ha recogido de la ciudadan\u00eda, la totalidad de las patrullas de su entidad (que incluyen a las corporaciones de los 125 municipios y a las estatales) deber\u00e1n colocar el n\u00famero de unidad en su respectivo medall\u00f3n, a efecto de que puedan ser debidamente identificadas por la poblaci\u00f3n y en caso de cometer alguna falta, se sepa de d\u00f3nde son.<\/p>\n","protected":false},"author":3,"featured_media":261929,"comment_status":"open","ping_status":"open","sticky":false,"template":"","format":"standard","meta":{"_monsterinsights_skip_tracking":false,"_monsterinsights_sitenote_active":false,"_monsterinsights_sitenote_note":"","_monsterinsights_sitenote_category":0,"footnotes":""},"categories":[5],"tags":[13284,43704,43674],"class_list":["post-261832","post","type-post","status-publish","format-standard","has-post-thumbnail","hentry","category-estado-de-mexico","tag-arco-norte","tag-jose-luis-montanez-aguilar","tag-opinion"],"_links":{"self":[{"href":"https:\/\/www.diarioimagen.net\/index.php?rest_route=\/wp\/v2\/posts\/261832","targetHints":{"allow":["GET"]}}],"collection":[{"href":"https:\/\/www.diarioimagen.net\/index.php?rest_route=\/wp\/v2\/posts"}],"about":[{"href":"https:\/\/www.diarioimagen.net\/index.php?rest_route=\/wp\/v2\/types\/post"}],"author":[{"embeddable":true,"href":"https:\/\/www.diarioimagen.net\/index.php?rest_route=\/wp\/v2\/users\/3"}],"replies":[{"embeddable":true,"href":"https:\/\/www.diarioimagen.net\/index.php?rest_route=%2Fwp%2Fv2%2Fcomments&post=261832"}],"version-history":[{"count":0,"href":"https:\/\/www.diarioimagen.net\/index.php?rest_route=\/wp\/v2\/posts\/261832\/revisions"}],"wp:featuredmedia":[{"embeddable":true,"href":"https:\/\/www.diarioimagen.net\/index.php?rest_route=\/wp\/v2\/media\/261929"}],"wp:attachment":[{"href":"https:\/\/www.diarioimagen.net\/index.php?rest_route=%2Fwp%2Fv2%2Fmedia&parent=261832"}],"wp:term":[{"taxonomy":"category","embeddable":true,"href":"https:\/\/www.diarioimagen.net\/index.php?rest_route=%2Fwp%2Fv2%2Fcategories&post=261832"},{"taxonomy":"post_tag","embeddable":true,"href":"https:\/\/www.diarioimagen.net\/index.php?rest_route=%2Fwp%2Fv2%2Ftags&post=261832"}],"curies":[{"name":"wp","href":"https:\/\/api.w.org\/{rel}","templated":true}]}}