{"id":261844,"date":"2016-03-29T00:08:04","date_gmt":"2016-03-29T06:08:04","guid":{"rendered":"http:\/\/www.diarioimagen.net\/?p=261844"},"modified":"2016-03-29T05:54:27","modified_gmt":"2016-03-29T11:54:27","slug":"los-cabos-riviera-maya-y-vallarta-los-destinos-preferidos-de-turistas","status":"publish","type":"post","link":"https:\/\/www.diarioimagen.net\/?p=261844","title":{"rendered":"Los Cabos, Riviera Maya y Vallarta, los destinos preferidos de turistas"},"content":{"rendered":"<ul>\n<li><strong><em>Con m\u00e1s del 90% de ocupaci\u00f3n<\/em><\/strong><\/li>\n<\/ul>\n<p>&nbsp;<\/p>\n<div id=\"attachment_261975\" style=\"width: 430px\" class=\"wp-caption aligncenter\"><a href=\"http:\/\/www.diarioimagen.net\/?attachment_id=261975\" rel=\"attachment wp-att-261975\"><img loading=\"lazy\" decoding=\"async\" aria-describedby=\"caption-attachment-261975\" class=\"size-large wp-image-261975\" src=\"http:\/\/www.diarioimagen.net\/wp-content\/uploads\/2016\/03\/PLAYAS-2833-420x236.jpg\" alt=\"Puerto Vallarta, Jalisco, fue el destino con mayor ocupaci\u00f3n, al registrar del 21 al 27 de marzo, el 100 por ciento de sus habitaciones reservadas.\" width=\"420\" height=\"236\" srcset=\"https:\/\/www.diarioimagen.net\/wp-content\/uploads\/2016\/03\/PLAYAS-2833-420x236.jpg 420w, https:\/\/www.diarioimagen.net\/wp-content\/uploads\/2016\/03\/PLAYAS-2833-240x135.jpg 240w, https:\/\/www.diarioimagen.net\/wp-content\/uploads\/2016\/03\/PLAYAS-2833-235x132.jpg 235w, https:\/\/www.diarioimagen.net\/wp-content\/uploads\/2016\/03\/PLAYAS-2833-202x114.jpg 202w, https:\/\/www.diarioimagen.net\/wp-content\/uploads\/2016\/03\/PLAYAS-2833-350x196.jpg 350w, https:\/\/www.diarioimagen.net\/wp-content\/uploads\/2016\/03\/PLAYAS-2833-220x123.jpg 220w, https:\/\/www.diarioimagen.net\/wp-content\/uploads\/2016\/03\/PLAYAS-2833-237x132.jpg 237w, https:\/\/www.diarioimagen.net\/wp-content\/uploads\/2016\/03\/PLAYAS-2833.jpg 480w\" sizes=\"auto, (max-width: 420px) 100vw, 420px\" \/><\/a><p id=\"caption-attachment-261975\" class=\"wp-caption-text\">Puerto Vallarta, Jalisco, fue el destino con mayor ocupaci\u00f3n, al registrar del 21 al 27 de marzo, el 100 por ciento de sus habitaciones reservadas.<\/p><\/div>\n<p>&nbsp;<\/p>\n<p>Puerto Vallarta, Canc\u00fan, Acapulco, Los Cabos y la Rivera Maya, se colocaron como los destinos favoritos de los turistas en Semana Santa, al reportar una ocupaci\u00f3n hotelera superior al 90 por ciento.<\/p>\n<p>Puerto Vallarta, Jalisco, fue el destino con mayor ocupaci\u00f3n, al registrar del 21 al 27 de marzo, el 100 por ciento de sus habitaciones reservadas.<\/p>\n<p>De acuerdo con la oficina de prensa de la Secretar\u00eda de Turismo de Jalisco, dicha situaci\u00f3n se debe a la llegada de los springbreakers, as\u00ed como visitantes de Estados Unidos y Canad\u00e1, adem\u00e1s de turistas nacionales de la Ciudad de M\u00e9xico y el Baj\u00edo.<\/p>\n<p>Para esta semana de Pascua se estima que la ocupaci\u00f3n en Puerto Vallarta oscile entre 80 y 85 por ciento, lo que representar\u00eda un importante incremento con relaci\u00f3n al mismo periodo en 2015.<\/p>\n<p>Por su parte, Canc\u00fan, Quintara Roo, report\u00f3 90 por ciento de sus habitaciones reservadas, de las cuales 50 por ciento fueron de turistas nacionales.<\/p>\n<p>De acuerdo con la Asociaci\u00f3n de Hoteles en Canc\u00fan y Puerto Morelos, tanto Xcaret como shows de Moon Palace y Xoximilco, entre otros atractivos, reportaron lleno total.<\/p>\n<p>Acapulco, considerado el destino preferido por los capitalinos, registr\u00f3 una ocupaci\u00f3n superior al 90 por ciento del viernes al domingo, lo que contribuy\u00f3 a que el promedio de ocupaci\u00f3n en los destinos de Guerrero alanzar\u00e1 81.7 por ciento, 4.8 puntos porcentuales m\u00e1s que en 2015, cuando se reportaron 76.9 por ciento de las habitaciones reservadas.<\/p>\n<p>Las playas de Acapulco presentaron un incremento de 4.1 por ciento con relaci\u00f3n al mismo periodo el a\u00f1o anterior, inform\u00f3 la Secretar\u00eda de Turismo de Guerrero.<\/p>\n<p>A su vez, Los Cabos, en Baja California Sur, alcanz\u00f3 sus expectativas al haber contado con 95 por cientos de sus cuartos de hotel reservados, seg\u00fan datos preliminares de la Secretar\u00eda de Turismo estatal.<\/p>\n<p>En la Rivera Maya, que se extiende a lo largo de la costa del Caribe, en la parte oriental de la pen\u00ednsula de Yucat\u00e1n, la ocupaci\u00f3n hotelera hasta el viernes 18 de marzo era de 84.37 por ciento.<\/p>\n<p>Los resultados de Semana Santa a\u00fan se preparan para darse a conocer en los pr\u00f3ximos d\u00edas, de acuerdo con el centro de estad\u00edsticas del Fideicomiso de Promoci\u00f3n Tur\u00edstica de la Riviera Maya.<\/p>\n<p style=\"text-align: center;\"><strong>Puebla registr\u00f3\u00a0<\/strong><strong>ocupaci\u00f3n superior a\u00a0<\/strong><strong>90% en Semana Santa <\/strong><\/p>\n<p>Puebla registr\u00f3 una ocupaci\u00f3n hotelera superior al 90 por ciento, gracias a los miles de visitantes que eligieron este destino para disfrutar de la primera semana de vacaciones, inform\u00f3 la Secretar\u00eda de Turismo estatal.<\/p>\n<p>El s\u00e1bado y domingo fueron los d\u00edas que se report\u00f3 un mayor n\u00famero de turistas, quienes disfrutaron de la riqueza cultural, religiosa, arquitect\u00f3nica, hist\u00f3rica y gastron\u00f3mica con la que cuenta el estado.<\/p>\n<p>Entre sus atractivos destacan el Centro Hist\u00f3rico, declarado Patrimonio Cultural de la Humanidad por la Unesco; la Catedral, la zona de Los Fuertes, el Museo Internacional del Barroco (MIB) y el telef\u00e9rico, as\u00ed como la Estrella de Puebla, rueda de la fortuna que es considerada el segundo punto m\u00e1s visitado de la capital poblana, la cual ofrece una vista \u00fanica de la ciudad, al contar con 80 metros de altura y estar conformada por 54 g\u00f3ndolas, con la m\u00e1s avanzada tecnolog\u00eda y los m\u00e1s completos est\u00e1ndares de seguridad.<\/p>\n<p>&nbsp;<\/p>\n","protected":false},"excerpt":{"rendered":"<p>Puerto Vallarta, Canc\u00fan, Acapulco, Los Cabos y la Rivera Maya, se colocaron como los destinos favoritos de los turistas en Semana Santa, al reportar una ocupaci\u00f3n hotelera superior al 90 por ciento. Puerto Vallarta, Jalisco, fue el destino con mayor ocupaci\u00f3n, al registrar del 21 al 27 de marzo, el 100 por ciento de sus habitaciones reservadas.<\/p>\n","protected":false},"author":3,"featured_media":261975,"comment_status":"open","ping_status":"open","sticky":false,"template":"","format":"standard","meta":{"_monsterinsights_skip_tracking":false,"_monsterinsights_sitenote_active":false,"_monsterinsights_sitenote_note":"","_monsterinsights_sitenote_category":0,"footnotes":""},"categories":[3],"tags":[46324,817,2864,818,43681,4566],"class_list":["post-261844","post","type-post","status-publish","format-standard","has-post-thumbnail","hentry","category-nacional","tag-acapulco","tag-cancun","tag-los-cabos","tag-puerto-vallarta","tag-turismo","tag-vaciones"],"_links":{"self":[{"href":"https:\/\/www.diarioimagen.net\/index.php?rest_route=\/wp\/v2\/posts\/261844","targetHints":{"allow":["GET"]}}],"collection":[{"href":"https:\/\/www.diarioimagen.net\/index.php?rest_route=\/wp\/v2\/posts"}],"about":[{"href":"https:\/\/www.diarioimagen.net\/index.php?rest_route=\/wp\/v2\/types\/post"}],"author":[{"embeddable":true,"href":"https:\/\/www.diarioimagen.net\/index.php?rest_route=\/wp\/v2\/users\/3"}],"replies":[{"embeddable":true,"href":"https:\/\/www.diarioimagen.net\/index.php?rest_route=%2Fwp%2Fv2%2Fcomments&post=261844"}],"version-history":[{"count":0,"href":"https:\/\/www.diarioimagen.net\/index.php?rest_route=\/wp\/v2\/posts\/261844\/revisions"}],"wp:featuredmedia":[{"embeddable":true,"href":"https:\/\/www.diarioimagen.net\/index.php?rest_route=\/wp\/v2\/media\/261975"}],"wp:attachment":[{"href":"https:\/\/www.diarioimagen.net\/index.php?rest_route=%2Fwp%2Fv2%2Fmedia&parent=261844"}],"wp:term":[{"taxonomy":"category","embeddable":true,"href":"https:\/\/www.diarioimagen.net\/index.php?rest_route=%2Fwp%2Fv2%2Fcategories&post=261844"},{"taxonomy":"post_tag","embeddable":true,"href":"https:\/\/www.diarioimagen.net\/index.php?rest_route=%2Fwp%2Fv2%2Ftags&post=261844"}],"curies":[{"name":"wp","href":"https:\/\/api.w.org\/{rel}","templated":true}]}}