{"id":261857,"date":"2016-03-29T00:07:47","date_gmt":"2016-03-29T06:07:47","guid":{"rendered":"http:\/\/www.diarioimagen.net\/?p=261857"},"modified":"2016-03-29T23:16:30","modified_gmt":"2016-03-30T05:16:30","slug":"servicios-basicos-son-prioridad-pena-nieto","status":"publish","type":"post","link":"https:\/\/www.diarioimagen.net\/?p=261857","title":{"rendered":"Servicios b\u00e1sicos son prioridad: Pe\u00f1a Nieto"},"content":{"rendered":"<ul>\n<li><strong><em>Salud, seguridad social, educaci\u00f3n y vivienda<\/em><\/strong><\/li>\n<\/ul>\n<p>&nbsp;<\/p>\n<div id=\"attachment_261966\" style=\"width: 430px\" class=\"wp-caption aligncenter\"><a href=\"http:\/\/www.diarioimagen.net\/?attachment_id=261966\" rel=\"attachment wp-att-261966\"><img loading=\"lazy\" decoding=\"async\" aria-describedby=\"caption-attachment-261966\" class=\"size-large wp-image-261966\" src=\"http:\/\/www.diarioimagen.net\/wp-content\/uploads\/2016\/03\/epn-2833-420x236.jpg\" alt=\"Enrique Pe\u00f1a Nieto, acompa\u00f1ado por los secretarios de Salud, Jos\u00e9 Narro Robles, y de Desarrollo Agrario, Territorial y Urbano, Rosario Robles Berlanga, inaugur\u00f3 el Hospital General de Tulancingo, en Hidalgo.\" width=\"420\" height=\"236\" srcset=\"https:\/\/www.diarioimagen.net\/wp-content\/uploads\/2016\/03\/epn-2833-420x236.jpg 420w, https:\/\/www.diarioimagen.net\/wp-content\/uploads\/2016\/03\/epn-2833-240x135.jpg 240w, https:\/\/www.diarioimagen.net\/wp-content\/uploads\/2016\/03\/epn-2833-235x132.jpg 235w, https:\/\/www.diarioimagen.net\/wp-content\/uploads\/2016\/03\/epn-2833-202x114.jpg 202w, https:\/\/www.diarioimagen.net\/wp-content\/uploads\/2016\/03\/epn-2833-350x196.jpg 350w, https:\/\/www.diarioimagen.net\/wp-content\/uploads\/2016\/03\/epn-2833-220x123.jpg 220w, https:\/\/www.diarioimagen.net\/wp-content\/uploads\/2016\/03\/epn-2833-237x132.jpg 237w, https:\/\/www.diarioimagen.net\/wp-content\/uploads\/2016\/03\/epn-2833.jpg 480w\" sizes=\"auto, (max-width: 420px) 100vw, 420px\" \/><\/a><p id=\"caption-attachment-261966\" class=\"wp-caption-text\">Enrique Pe\u00f1a Nieto, acompa\u00f1ado por los secretarios de Salud, Jos\u00e9 Narro Robles, y de Desarrollo Agrario, Territorial y Urbano, Rosario Robles Berlanga, inaugur\u00f3 el Hospital General de Tulancingo, en Hidalgo.<\/p><\/div>\n<p>&nbsp;<\/p>\n<p>A pesar de los ajustes preventivos, el gobierno de la Rep\u00fablica mantiene como prioridades los gastos en \u00e1reas fundamentales como salud, seguridad social, educaci\u00f3n y vivienda, asever\u00f3 el presidente Enrique Pe\u00f1a Nieto.<\/p>\n<p>Gracias a un manejo responsable de la econom\u00eda, M\u00e9xico mantiene finanzas p\u00fablicas sanas que le permiten garantizar que esos servicios \u201cno se frenen\u201d, dijo el mandatario durante la inauguraci\u00f3n del Hospital General de Tulancingo, en Hidalgo.<\/p>\n<p>Acompa\u00f1ado por los secretarios de Salud, Jos\u00e9 Narro Robles, y de Desarrollo Agrario, Territorial y Urbano, Rosario Robles Berlanga, indic\u00f3 que su administraci\u00f3n est\u00e1 dedicada a realizar inversiones para cubrir los servicios b\u00e1sicos que la poblaci\u00f3n demanda.<\/p>\n<p>Antes de recorrer las instalaciones de ese hospital, en el que invirtieron casi 800 millones de pesos y que contar\u00e1 con varias especialidades, subray\u00f3 que se destinan los recursos necesarios para ampliar la infraestructura o modernizar la existente.<\/p>\n<p>El Ejecutivo federal recalc\u00f3 que una de las m\u00e1s altas prioridades de su gobierno es \u201casegurar un piso b\u00e1sico de bienestar para la poblaci\u00f3n\u201d y brindar una infraestructura amplia en materia de salud.<\/p>\n<p>Al agradecer al gobernador de Hidalgo, Jos\u00e9 Francisco Olvera Ruiz, la coordinaci\u00f3n y disposici\u00f3n mostrada para concluir esta obra, afirm\u00f3 que todav\u00eda hay mexicanos que no cuentan con los servicios de salud necesarios o los que tienen no son de la calidad que debieran.<\/p>\n<p>Destac\u00f3 adem\u00e1s la puesta en marcha del plan piloto del Modelo de Atenci\u00f3n Integral en Salud, para que haya m\u00e1s coordinaci\u00f3n en la atenci\u00f3n que se brinda desde los consultorios hasta un hospital, a fin de que haya una secuencia en el seguimiento del historial m\u00e9dico y as\u00ed se brinden servicios de salud de mayor calidad.<\/p>\n<p>El Presidente de la Rep\u00fablica expuso que hasta el momento la inversi\u00f3n en materia de salud es de 34 mil millones de pesos, que han permitido modernizar 580 unidades hospitalarias y dos mil 800 unidades de consulta externa.<\/p>\n<p>Pe\u00f1a Nieto recalc\u00f3 que la coordinaci\u00f3n entre los tres \u00f3rdenes de gobierno ampl\u00eda la potencialidad de hacer crecer la infraestructura en el rubro social.<\/p>\n<p>En su oportunidad, Narro Robles subray\u00f3 que sin salud individual o colectiva no puede haber desarrollo o progreso de una comunidad, por lo que una de las prioridades en la presente administraci\u00f3n es la atenci\u00f3n m\u00e9dica.<\/p>\n<p>El secretario, sin embargo, recalc\u00f3 que la salud no empieza en el hospital o en la atenci\u00f3n m\u00e9dica, sino en los domicilios de las personas y que tiene que ver con otros beneficios, como la vivienda, el agua potable, el drenaje, las v\u00edas de comunicaci\u00f3n y el empleo.<\/p>\n<p>&nbsp;<\/p>\n","protected":false},"excerpt":{"rendered":"<p>A pesar de los ajustes preventivos, el gobierno de la Rep\u00fablica mantiene como prioridades los gastos en \u00e1reas fundamentales como salud, seguridad social, educaci\u00f3n y vivienda, asever\u00f3 el presidente Enrique Pe\u00f1a Nieto.<\/p>\n","protected":false},"author":3,"featured_media":261966,"comment_status":"open","ping_status":"open","sticky":false,"template":"","format":"standard","meta":{"_monsterinsights_skip_tracking":false,"_monsterinsights_sitenote_active":false,"_monsterinsights_sitenote_note":"","_monsterinsights_sitenote_category":0,"footnotes":""},"categories":[3],"tags":[18,43673,41588,19195],"class_list":["post-261857","post","type-post","status-publish","format-standard","has-post-thumbnail","hentry","category-nacional","tag-enrique-pena-nieto","tag-nacional","tag-prioridad","tag-vivienda"],"_links":{"self":[{"href":"https:\/\/www.diarioimagen.net\/index.php?rest_route=\/wp\/v2\/posts\/261857","targetHints":{"allow":["GET"]}}],"collection":[{"href":"https:\/\/www.diarioimagen.net\/index.php?rest_route=\/wp\/v2\/posts"}],"about":[{"href":"https:\/\/www.diarioimagen.net\/index.php?rest_route=\/wp\/v2\/types\/post"}],"author":[{"embeddable":true,"href":"https:\/\/www.diarioimagen.net\/index.php?rest_route=\/wp\/v2\/users\/3"}],"replies":[{"embeddable":true,"href":"https:\/\/www.diarioimagen.net\/index.php?rest_route=%2Fwp%2Fv2%2Fcomments&post=261857"}],"version-history":[{"count":0,"href":"https:\/\/www.diarioimagen.net\/index.php?rest_route=\/wp\/v2\/posts\/261857\/revisions"}],"wp:featuredmedia":[{"embeddable":true,"href":"https:\/\/www.diarioimagen.net\/index.php?rest_route=\/wp\/v2\/media\/261966"}],"wp:attachment":[{"href":"https:\/\/www.diarioimagen.net\/index.php?rest_route=%2Fwp%2Fv2%2Fmedia&parent=261857"}],"wp:term":[{"taxonomy":"category","embeddable":true,"href":"https:\/\/www.diarioimagen.net\/index.php?rest_route=%2Fwp%2Fv2%2Fcategories&post=261857"},{"taxonomy":"post_tag","embeddable":true,"href":"https:\/\/www.diarioimagen.net\/index.php?rest_route=%2Fwp%2Fv2%2Ftags&post=261857"}],"curies":[{"name":"wp","href":"https:\/\/api.w.org\/{rel}","templated":true}]}}