{"id":261997,"date":"2016-03-29T23:55:11","date_gmt":"2016-03-30T05:55:11","guid":{"rendered":"http:\/\/www.diarioimagen.net\/?p=261997"},"modified":"2016-03-30T02:58:12","modified_gmt":"2016-03-30T08:58:12","slug":"mancera-ofrece-hacer-realidad-taxis-electricos-en-cdmx","status":"publish","type":"post","link":"https:\/\/www.diarioimagen.net\/?p=261997","title":{"rendered":"Mancera ofrece hacer realidad taxis el\u00e9ctricos en CDMX"},"content":{"rendered":"<ul>\n<li><em><strong>Acciones en favor del medio ambiente<\/strong><\/em><\/li>\n<\/ul>\n<p>&nbsp;<\/p>\n<div id=\"attachment_261998\" style=\"width: 430px\" class=\"wp-caption aligncenter\"><a href=\"http:\/\/www.diarioimagen.net\/?attachment_id=261998\" rel=\"attachment wp-att-261998\"><img loading=\"lazy\" decoding=\"async\" aria-describedby=\"caption-attachment-261998\" class=\"size-large wp-image-261998\" src=\"http:\/\/www.diarioimagen.net\/wp-content\/uploads\/2016\/03\/TAXIS-portal-420x245.jpg\" alt=\"Miguel \u00c1ngel Mancera Espinosa asegur\u00f3 que la opci\u00f3n de los taxis el\u00e9ctricos en la Ciudad de M\u00e9xico ser\u00e1 una realidad.\" width=\"420\" height=\"245\" srcset=\"https:\/\/www.diarioimagen.net\/wp-content\/uploads\/2016\/03\/TAXIS-portal-420x245.jpg 420w, https:\/\/www.diarioimagen.net\/wp-content\/uploads\/2016\/03\/TAXIS-portal-240x140.jpg 240w, https:\/\/www.diarioimagen.net\/wp-content\/uploads\/2016\/03\/TAXIS-portal.jpg 480w\" sizes=\"auto, (max-width: 420px) 100vw, 420px\" \/><\/a><p id=\"caption-attachment-261998\" class=\"wp-caption-text\">Miguel \u00c1ngel Mancera Espinosa asegur\u00f3 que la opci\u00f3n de los taxis el\u00e9ctricos en la Ciudad de M\u00e9xico ser\u00e1 una realidad.<\/p><\/div>\n<p>&nbsp;<\/p>\n<p>El jefe de gobierno de la Ciudad de M\u00e9xico, Miguel \u00c1ngel Mancera Espinosa, ofreci\u00f3 hacer realidad la opci\u00f3n de taxis el\u00e9ctricos en la capital, como parte de las acciones en favor del medio ambiente y del cambio de transporte p\u00fablico.<\/p>\n<p>\u201cLa Ciudad de M\u00e9xico seguir\u00e1 cambiando su transporte p\u00fablico. Queremos ahora y lo he platicado ya con el secretario de Hacienda, tener una acci\u00f3n muy importante en materia de taxis. Creemos que la opci\u00f3n de los taxis el\u00e9ctricos en la Ciudad de M\u00e9xico debe convertirse en una realidad\u201d, se\u00f1al\u00f3.<\/p>\n<p>En la inauguraci\u00f3n del Skate Park del Bosque de San Juan de Arag\u00f3n, acompa\u00f1ado por el jefe delegacional en Gustavo A. Madero, V\u00edctor Hugo Lobo Rom\u00e1n, tambi\u00e9n anunci\u00f3 la instalaci\u00f3n de un balneario en el Bosque de San Juan de Arag\u00f3n, como parte de las acciones de recuperaci\u00f3n del lugar.<\/p>\n<p>Inform\u00f3 que el Skate Park del Bosque de San Juan de Arag\u00f3n tuvo un costo de 8.5 millones de pesos en obras de recuperaci\u00f3n y reacondicionamiento de siete mil metros cuadrados.<\/p>\n<p>\u201cHoy este espacio verdaderamente est\u00e1 rebasando todas las expectativas, calculamos en un principio que podr\u00eda tener 250, 300 personas; ya est\u00e1 dando servicio a m\u00e1s de mil personas hoy este skate park\u201d.<\/p>\n<p>Mancera Espinosa se comprometi\u00f3 a seguir con la tarea de recuperaci\u00f3n de espacio p\u00fablico y de reforestaci\u00f3n del Bosque de San Juan de Arag\u00f3n, para la cual ya se adquiri\u00f3 gran parte de maquinaria y de equipos para rescatar el lugar.<\/p>\n<p>En su oportunidad, Lobo Rom\u00e1n pidi\u00f3 el apoyo del gobierno capitalino para permitirle intervenir en el mejoramiento de 10.1 hect\u00e1reas del bosque que recuper\u00f3 la demarcaci\u00f3n.<\/p>\n<p>Agreg\u00f3 que el \u00e1rea recuperada era donde se ubicaba Convivencia Infantil y el acuario, donde de acuerdo con lo que decida la comunidad se podr\u00edan volver a reactivar, junto con m\u00e1s espacios para hacer deporte.<\/p>\n","protected":false},"excerpt":{"rendered":"<p>El jefe de gobierno de la Ciudad de M\u00e9xico, Miguel \u00c1ngel Mancera Espinosa, ofreci\u00f3 hacer realidad la opci\u00f3n de taxis el\u00e9ctricos en la capital, como parte de las acciones en favor del medio ambiente y del cambio de transporte p\u00fablico.<\/p>\n","protected":false},"author":5,"featured_media":261998,"comment_status":"open","ping_status":"open","sticky":false,"template":"","format":"standard","meta":{"_monsterinsights_skip_tracking":false,"_monsterinsights_sitenote_active":false,"_monsterinsights_sitenote_note":"","_monsterinsights_sitenote_category":0,"footnotes":""},"categories":[6],"tags":[5314],"class_list":["post-261997","post","type-post","status-publish","format-standard","has-post-thumbnail","hentry","category-cd-de-mexico","tag-miguel-angel-mancera-espinosa"],"_links":{"self":[{"href":"https:\/\/www.diarioimagen.net\/index.php?rest_route=\/wp\/v2\/posts\/261997","targetHints":{"allow":["GET"]}}],"collection":[{"href":"https:\/\/www.diarioimagen.net\/index.php?rest_route=\/wp\/v2\/posts"}],"about":[{"href":"https:\/\/www.diarioimagen.net\/index.php?rest_route=\/wp\/v2\/types\/post"}],"author":[{"embeddable":true,"href":"https:\/\/www.diarioimagen.net\/index.php?rest_route=\/wp\/v2\/users\/5"}],"replies":[{"embeddable":true,"href":"https:\/\/www.diarioimagen.net\/index.php?rest_route=%2Fwp%2Fv2%2Fcomments&post=261997"}],"version-history":[{"count":0,"href":"https:\/\/www.diarioimagen.net\/index.php?rest_route=\/wp\/v2\/posts\/261997\/revisions"}],"wp:featuredmedia":[{"embeddable":true,"href":"https:\/\/www.diarioimagen.net\/index.php?rest_route=\/wp\/v2\/media\/261998"}],"wp:attachment":[{"href":"https:\/\/www.diarioimagen.net\/index.php?rest_route=%2Fwp%2Fv2%2Fmedia&parent=261997"}],"wp:term":[{"taxonomy":"category","embeddable":true,"href":"https:\/\/www.diarioimagen.net\/index.php?rest_route=%2Fwp%2Fv2%2Fcategories&post=261997"},{"taxonomy":"post_tag","embeddable":true,"href":"https:\/\/www.diarioimagen.net\/index.php?rest_route=%2Fwp%2Fv2%2Ftags&post=261997"}],"curies":[{"name":"wp","href":"https:\/\/api.w.org\/{rel}","templated":true}]}}