{"id":262006,"date":"2016-03-29T23:55:42","date_gmt":"2016-03-30T05:55:42","guid":{"rendered":"http:\/\/www.diarioimagen.net\/?p=262006"},"modified":"2016-03-30T02:56:18","modified_gmt":"2016-03-30T08:56:18","slug":"descarta-osorio-prorroga-para-trabajos-de-giei","status":"publish","type":"post","link":"https:\/\/www.diarioimagen.net\/?p=262006","title":{"rendered":"Descarta Osorio pr\u00f3rroga para trabajos de GIEI"},"content":{"rendered":"<ul>\n<li><em><strong>Investigaci\u00f3n del caso Iguala<\/strong><\/em><\/li>\n<\/ul>\n<p>&nbsp;<\/p>\n<div id=\"attachment_262007\" style=\"width: 430px\" class=\"wp-caption aligncenter\"><a href=\"http:\/\/www.diarioimagen.net\/?attachment_id=262007\" rel=\"attachment wp-att-262007\"><img loading=\"lazy\" decoding=\"async\" aria-describedby=\"caption-attachment-262007\" class=\"size-large wp-image-262007\" src=\"http:\/\/www.diarioimagen.net\/wp-content\/uploads\/2016\/03\/OSORIO-portal-1-420x245.jpg\" alt=\"El plazo dado al Grupo Interdisciplinario de Expertos Independientes para investigar el paradero de normalista desaparecidos en Iguala no ser\u00e1 prorrogado, declar\u00f3 Miguel \u00c1ngel Osorio Chong.\" width=\"420\" height=\"245\" srcset=\"https:\/\/www.diarioimagen.net\/wp-content\/uploads\/2016\/03\/OSORIO-portal-1-420x245.jpg 420w, https:\/\/www.diarioimagen.net\/wp-content\/uploads\/2016\/03\/OSORIO-portal-1-240x140.jpg 240w, https:\/\/www.diarioimagen.net\/wp-content\/uploads\/2016\/03\/OSORIO-portal-1.jpg 480w\" sizes=\"auto, (max-width: 420px) 100vw, 420px\" \/><\/a><p id=\"caption-attachment-262007\" class=\"wp-caption-text\">El plazo dado al Grupo Interdisciplinario de Expertos Independientes para investigar el paradero de normalista desaparecidos en Iguala no ser\u00e1 prorrogado, declar\u00f3 Miguel \u00c1ngel Osorio Chong.<\/p><\/div>\n<p>&nbsp;<\/p>\n<p>El pr\u00f3ximo mes terminar\u00e1 el periodo dado al Grupo Interdisciplinario de Expertos Independientes para investigar el paradero de estudiantes normalistas desaparecidos en Iguala, y no ser\u00e1 prorrogado, afirm\u00f3 el secretario de Gobernaci\u00f3n, Miguel \u00c1ngel Osorio Chong.<\/p>\n<p>El funcionario federal record\u00f3, en entrevista radiof\u00f3nica, que fueron los propios miembros de ese organismo quienes manifestaron que requer\u00edan se ampliara cuatro meses el tiempo para terminar su trabajo.<\/p>\n<p>Por lo que, en concordancia con integrantes de organizaciones no gubernamentales y abogados de los familiares de los 43 alumnos de la Escuela Normal Rural \u201cRa\u00fal Isidro Burgos\u201d de Ayotzinapa, se acord\u00f3 dar al GIEI no cuatro sino seis meses m\u00e1s para concluir sus pesquisas.<\/p>\n<p>El titular de Gobernaci\u00f3n manifest\u00f3 que todav\u00eda les queda un mes; \u201cen lugar de estar discutiendo el plazo necesitamos conclusiones, porque no encontramos una l\u00ednea diferente a la que se ha estudiado\u201d por la Procuradur\u00eda General de la Rep\u00fablica.<\/p>\n<p>\u201cNosotros estamos puestos en el tiempo y seguimos trabajando con ellos d\u00e1ndoles, dentro del marco de nuestras leyes, todas las facilidades y todo lo que han solicitado para seguir adelante en la investigaci\u00f3n de este hecho tan lamentable\u201d, declar\u00f3.<\/p>\n<p>Osorio Chong reiter\u00f3 que a finales de abril termina el plazo que se ampli\u00f3 para sus investigaciones y para todo lo que habr\u00edan de apoyar al Estado mexicano para conocer la verdad al respecto de lo sucedido la noche del 26 al 27 de septiembre de 2014 en Iguala, Guerrero.<\/p>\n","protected":false},"excerpt":{"rendered":"<p>El pr\u00f3ximo mes terminar\u00e1 el periodo dado al Grupo Interdisciplinario de Expertos Independientes para investigar el paradero de estudiantes normalistas desaparecidos en Iguala, y no ser\u00e1 prorrogado, afirm\u00f3 el secretario de Gobernaci\u00f3n, Miguel \u00c1ngel Osorio Chong.<\/p>\n","protected":false},"author":5,"featured_media":262007,"comment_status":"open","ping_status":"open","sticky":false,"template":"","format":"standard","meta":{"_monsterinsights_skip_tracking":false,"_monsterinsights_sitenote_active":false,"_monsterinsights_sitenote_note":"","_monsterinsights_sitenote_category":0,"footnotes":""},"categories":[3],"tags":[3676],"class_list":["post-262006","post","type-post","status-publish","format-standard","has-post-thumbnail","hentry","category-nacional","tag-miguel-angel-osorio-chong"],"_links":{"self":[{"href":"https:\/\/www.diarioimagen.net\/index.php?rest_route=\/wp\/v2\/posts\/262006","targetHints":{"allow":["GET"]}}],"collection":[{"href":"https:\/\/www.diarioimagen.net\/index.php?rest_route=\/wp\/v2\/posts"}],"about":[{"href":"https:\/\/www.diarioimagen.net\/index.php?rest_route=\/wp\/v2\/types\/post"}],"author":[{"embeddable":true,"href":"https:\/\/www.diarioimagen.net\/index.php?rest_route=\/wp\/v2\/users\/5"}],"replies":[{"embeddable":true,"href":"https:\/\/www.diarioimagen.net\/index.php?rest_route=%2Fwp%2Fv2%2Fcomments&post=262006"}],"version-history":[{"count":0,"href":"https:\/\/www.diarioimagen.net\/index.php?rest_route=\/wp\/v2\/posts\/262006\/revisions"}],"wp:featuredmedia":[{"embeddable":true,"href":"https:\/\/www.diarioimagen.net\/index.php?rest_route=\/wp\/v2\/media\/262007"}],"wp:attachment":[{"href":"https:\/\/www.diarioimagen.net\/index.php?rest_route=%2Fwp%2Fv2%2Fmedia&parent=262006"}],"wp:term":[{"taxonomy":"category","embeddable":true,"href":"https:\/\/www.diarioimagen.net\/index.php?rest_route=%2Fwp%2Fv2%2Fcategories&post=262006"},{"taxonomy":"post_tag","embeddable":true,"href":"https:\/\/www.diarioimagen.net\/index.php?rest_route=%2Fwp%2Fv2%2Ftags&post=262006"}],"curies":[{"name":"wp","href":"https:\/\/api.w.org\/{rel}","templated":true}]}}